{"id":22322,"date":"2024-09-10T13:00:16","date_gmt":"2024-09-10T11:00:16","guid":{"rendered":"https:\/\/serveiseducatius.xtec.cat\/badalona\/?p=22322"},"modified":"2024-09-17T13:24:01","modified_gmt":"2024-09-17T11:24:01","slug":"acte-dinauguracio-del-curs-escolar-2024-25","status":"publish","type":"post","link":"https:\/\/serveiseducatius.xtec.cat\/badalona\/portada\/acte-dinauguracio-del-curs-escolar-2024-25\/","title":{"rendered":"Acte d&#8217;inauguraci\u00f3 del curs escolar 2024-25"},"content":{"rendered":"<header>\n<p>L&#8217;acte d&#8217;inauguraci\u00f3 del curs escolar 2024-25, adre\u00e7at especialment al professorat i als equips directius dels centres educatius de la ciutat, des de bressol fins a la universitat, i obert a tota la comunitat educativa tindr\u00e0 lloc el <strong>dijous 26 de setembre<\/strong>, de 17.30 a 19 h, al Museu de Badalona.<\/p>\n<p>L&#8217;acte s&#8217;iniciar\u00e0 amb la inauguraci\u00f3 del curs, la presentaci\u00f3 del Pla de Formaci\u00f3 de Zona i de la Guia d\u2019activitats educatives 24-25 i finalitzar\u00e0 amb el &#8220;<strong>Di\u00e0leg per una Intel\u00b7lig\u00e8ncia Artificial al servei de l&#8217;Educaci\u00f3<\/strong>&#8220;, amb la participaci\u00f3 de <a href=\"https:\/\/webgrec.ub.edu\/webpages\/000015\/ang\/broman.ub.edu.html\" target=\"_blank\" rel=\"noopener\"><strong>Bego\u00f1a Rom\u00e1n<\/strong><\/a>, fil\u00f2sofa, professora de la UB i investigadora, i <a href=\"https:\/\/fablabbcn.org\/team\/xavi-dominguez\" target=\"_blank\" rel=\"noopener\"><strong>Xavier Dom\u00ednguez<\/strong><\/a>, enginyer multim\u00e8dia i investigador del <a href=\"https:\/\/fablabbcn.org\/\" target=\"_blank\" rel=\"noopener\">Fab Lab Barcelona<\/a>.<\/p>\n<p><a href=\"https:\/\/aplicacions.gestioeducativa.gencat.cat\/pls\/soloas\/pk_for_mod_ins.p_for_detall_activitat?p_header=Llista%20d%27activitats^pk_for_mod_ins.p_for_cons_activitats?p_crp=204%26p_any=2024-2025%26p_totes=s%26p_inici=91%26p_excloure_crp_rec=F&amp;p_codi=2043001204&amp;p_curs=2024-2025&amp;p_excloure_crp_rec=F\" target=\"_blank\" rel=\"noopener\"><strong>INSCRIPCI\u00d3 A L&#8217;ACTE<\/strong><\/a><br \/>\n\u00a0<br \/>\nL&#8217;acte d\u2019inici del curs escolar 2024-25 est\u00e0 organitzat conjuntament pel Servei Educatiu de Badalona, del Departament d&#8217;Educaci\u00f3 de la Generalitat de Catalunya i pel Servei d&#8217;Educaci\u00f3 de l&#8217;Ajuntament de Badalona.<\/p>\n<p><iframe loading=\"lazy\" src=\"https:\/\/drive.google.com\/file\/d\/1A3ZmDZw85OP2ENY2qjZhEwyOZLNLBGYV\/preview\" width=\"640\" height=\"880\"><span data-mce-type=\"bookmark\" style=\"display: inline-block; width: 0px; overflow: hidden; line-height: 0;\" class=\"mce_SELRES_start\">\ufeff<\/span><span data-mce-type=\"bookmark\" style=\"display: inline-block; width: 0px; overflow: hidden; line-height: 0;\" class=\"mce_SELRES_start\">\ufeff<\/span><\/iframe><\/header>\n","protected":false},"excerpt":{"rendered":"<p>L&#8217;acte d&#8217;inauguraci\u00f3 del curs escolar 2024-25, adre\u00e7at especialment al professorat i als equips directius dels centres educatius de la ciutat, [&hellip;]<\/p>\n","protected":false},"author":9,"featured_media":22327,"comment_status":"closed","ping_status":"closed","sticky":false,"template":"","format":"standard","meta":{"_bbp_topic_count":0,"_bbp_reply_count":0,"_bbp_total_topic_count":0,"_bbp_total_reply_count":0,"_bbp_voice_count":0,"_bbp_anonymous_reply_count":0,"_bbp_topic_count_hidden":0,"_bbp_reply_count_hidden":0,"_bbp_forum_subforum_count":0,"site-sidebar-layout":"default","site-content-layout":"","ast-site-content-layout":"","site-content-style":"default","site-sidebar-style":"default","ast-global-header-display":"","ast-banner-title-visibility":"","ast-main-header-display":"","ast-hfb-above-header-display":"","ast-hfb-below-header-display":"","ast-hfb-mobile-header-display":"","site-post-title":"","ast-breadcrumbs-content":"","ast-featured-img":"","footer-sml-layout":"","theme-transparent-header-meta":"","adv-header-id-meta":"","stick-header-meta":"","header-above-stick-meta":"","header-main-stick-meta":"","header-below-stick-meta":"","astra-migrate-meta-layouts":"default","ast-page-background-enabled":"default","ast-page-background-meta":{"desktop":{"background-color":"var(--ast-global-color-4)","background-image":"","background-repeat":"repeat","background-position":"center center","background-size":"auto","background-attachment":"scroll","background-type":"","background-media":"","overlay-type":"","overlay-color":"","overlay-opacity":"","overlay-gradient":""},"tablet":{"background-color":"","background-image":"","background-repeat":"repeat","background-position":"center center","background-size":"auto","background-attachment":"scroll","background-type":"","background-media":"","overlay-type":"","overlay-color":"","overlay-opacity":"","overlay-gradient":""},"mobile":{"background-color":"","background-image":"","background-repeat":"repeat","background-position":"center center","background-size":"auto","background-attachment":"scroll","background-type":"","background-media":"","overlay-type":"","overlay-color":"","overlay-opacity":"","overlay-gradient":""}},"ast-content-background-meta":{"desktop":{"background-color":"var(--ast-global-color-5)","background-image":"","background-repeat":"repeat","background-position":"center center","background-size":"auto","background-attachment":"scroll","background-type":"","background-media":"","overlay-type":"","overlay-color":"","overlay-opacity":"","overlay-gradient":""},"tablet":{"background-color":"var(--ast-global-color-5)","background-image":"","background-repeat":"repeat","background-position":"center center","background-size":"auto","background-attachment":"scroll","background-type":"","background-media":"","overlay-type":"","overlay-color":"","overlay-opacity":"","overlay-gradient":""},"mobile":{"background-color":"var(--ast-global-color-5)","background-image":"","background-repeat":"repeat","background-position":"center center","background-size":"auto","background-attachment":"scroll","background-type":"","background-media":"","overlay-type":"","overlay-color":"","overlay-opacity":"","overlay-gradient":""}},"footnotes":""},"categories":[64,872,29],"tags":[1937,255],"class_list":["post-22322","post","type-post","status-publish","format-standard","has-post-thumbnail","hentry","category-comunitat","category-missatgeria","category-portada","tag-acte-inici-de-curs","tag-inauguracio"],"post_mailing_queue_ids":[],"_links":{"self":[{"href":"https:\/\/serveiseducatius.xtec.cat\/badalona\/wp-json\/wp\/v2\/posts\/22322","targetHints":{"allow":["GET"]}}],"collection":[{"href":"https:\/\/serveiseducatius.xtec.cat\/badalona\/wp-json\/wp\/v2\/posts"}],"about":[{"href":"https:\/\/serveiseducatius.xtec.cat\/badalona\/wp-json\/wp\/v2\/types\/post"}],"author":[{"embeddable":true,"href":"https:\/\/serveiseducatius.xtec.cat\/badalona\/wp-json\/wp\/v2\/users\/9"}],"replies":[{"embeddable":true,"href":"https:\/\/serveiseducatius.xtec.cat\/badalona\/wp-json\/wp\/v2\/comments?post=22322"}],"version-history":[{"count":4,"href":"https:\/\/serveiseducatius.xtec.cat\/badalona\/wp-json\/wp\/v2\/posts\/22322\/revisions"}],"predecessor-version":[{"id":22820,"href":"https:\/\/serveiseducatius.xtec.cat\/badalona\/wp-json\/wp\/v2\/posts\/22322\/revisions\/22820"}],"wp:featuredmedia":[{"embeddable":true,"href":"https:\/\/serveiseducatius.xtec.cat\/badalona\/wp-json\/wp\/v2\/media\/22327"}],"wp:attachment":[{"href":"https:\/\/serveiseducatius.xtec.cat\/badalona\/wp-json\/wp\/v2\/media?parent=22322"}],"wp:term":[{"taxonomy":"category","embeddable":true,"href":"https:\/\/serveiseducatius.xtec.cat\/badalona\/wp-json\/wp\/v2\/categories?post=22322"},{"taxonomy":"post_tag","embeddable":true,"href":"https:\/\/serveiseducatius.xtec.cat\/badalona\/wp-json\/wp\/v2\/tags?post=22322"}],"curies":[{"name":"wp","href":"https:\/\/api.w.org\/{rel}","templated":true}]}}