{"id":22300,"date":"2024-06-21T10:15:12","date_gmt":"2024-06-21T08:15:12","guid":{"rendered":"https:\/\/serveiseducatius.xtec.cat\/badalona\/?p=22300"},"modified":"2024-06-21T10:40:20","modified_gmt":"2024-06-21T08:40:20","slug":"reivindicacio-28-de-juny-lorgull-que-ens-fa-creixer","status":"publish","type":"post","link":"https:\/\/serveiseducatius.xtec.cat\/badalona\/portada\/reivindicacio-28-de-juny-lorgull-que-ens-fa-creixer\/","title":{"rendered":"Reivindicaci\u00f3 28 de juny: L&#8217;orgull que ens fa cr\u00e9ixer"},"content":{"rendered":"<p>Enguany, la campanya del <strong>Dia de l\u2019Orgull LGBTIQ+<\/strong> reivindica el dret de les persones <strong>a ser com vulguin ser<\/strong>\u00a0i a poder viure la seva identitat amb plenitud\u00a0<strong>en totes les etapes de la vida<\/strong>, sense haver de patir desigualtats, discriminacions o viol\u00e8ncies.<\/p>\n<p><a style=\"color: #2795b6;\" href=\"https:\/\/youtu.be\/FOnCyBcOWIo\" target=\"_blank\" rel=\"noopener\"><img loading=\"lazy\" decoding=\"async\" class=\" wp-image-22301 alignleft\" src=\"https:\/\/serveiseducatius.xtec.cat\/badalona\/wp-content\/uploads\/usu1088\/2024\/06\/OrgullMesGran.png_1879788776.png\" alt=\"Logo de la campanya del dia del orgull LGBTQ+ amb el text &quot;L'orgull m\u00e9s gran&quot;\" width=\"291\" height=\"213\" \/><\/a><\/p>\n<p>Es reivindica el dret de la inf\u00e0ncia a expressar la seva identitat de g\u00e8nere sense que vingui cap autob\u00fas a negar-ne l\u2019exist\u00e8ncia. El dret d\u2019adolescents i joves a no patir assetjament als centres educatius o en els espais de lleure. El dret a formar una fam\u00edlia amb una persona del mateix sexe i que no et preguntin pel \u00abpare\u00bb i la \u00abmare\u00bb. El dret de les persones grans a no haver de tornar a l\u2019armari quan han de viure en una resid\u00e8ncia.<\/p>\n<p>Perqu\u00e8 l\u2019orgull m\u00e9s gran \u00e9s l\u2019orgull que ens fa cr\u00e9ixer. Troba m\u00e9s informaci\u00f3 a la p\u00e0gina del <a href=\"https:\/\/igualtat.gencat.cat\/ca\/actualitat\/campanyes\/OrgullMesGran\/index.html\">Departament d&#8217;Igualtat i Feminismes<\/a>.<\/p>\n<p>A m\u00e9s us convidem a revisar la llista de llibres m\u00e9s desafiats a les <a href=\"https:\/\/www.ala.org\/bbooks\/frequentlychallengedbooks\/top10\" target=\"_blank\" rel=\"noopener\">biblioteques dels Estats Units d&#8217;Am\u00e8rica<\/a>,\u00a0gaireb\u00e9\u00a0tots celebrant la diversitat i inclusi\u00f3 LGBTQ<span class=\"hiddenGrammarError\" style=\"padding-bottom: 2px; background-image: url('..\/..\/..\/..\/..\/images\/squiggle.png'); background-repeat: repeat-x; background-position: left bottom; cursor: default; color: #000000; font-family: 'Open Sans', Helvetica, Arial, sans-serif; font-size: 16px; font-style: normal; font-variant-ligatures: normal; font-variant-caps: normal; font-weight: 300; letter-spacing: normal; orphans: 2; text-align: start; text-indent: 0px; text-transform: none; widows: 2; word-spacing: 0px; -webkit-text-stroke-width: 0px; white-space: normal; text-decoration-thickness: initial; text-decoration-style: initial; text-decoration-color: initial;\">+.<\/span><\/p>\n<p><a href=\"https:\/\/www.ala.org\/bbooks\/frequentlychallengedbooks\/top10\"><img loading=\"lazy\" decoding=\"async\" class=\"wp-image-22302 aligncenter\" src=\"https:\/\/serveiseducatius.xtec.cat\/badalona\/wp-content\/uploads\/usu1088\/2024\/06\/240329-oif-bbw24-TOPTEN-2-FACEBOOKSHARE_0-1024x538.png\" alt=\"Top ten most challenged books of 2023 in USA libraries\" width=\"580\" height=\"305\" srcset=\"https:\/\/serveiseducatius.xtec.cat\/badalona\/wp-content\/uploads\/usu1088\/2024\/06\/240329-oif-bbw24-TOPTEN-2-FACEBOOKSHARE_0-1024x538.png 1024w, https:\/\/serveiseducatius.xtec.cat\/badalona\/wp-content\/uploads\/usu1088\/2024\/06\/240329-oif-bbw24-TOPTEN-2-FACEBOOKSHARE_0-300x158.png 300w, https:\/\/serveiseducatius.xtec.cat\/badalona\/wp-content\/uploads\/usu1088\/2024\/06\/240329-oif-bbw24-TOPTEN-2-FACEBOOKSHARE_0-768x403.png 768w, https:\/\/serveiseducatius.xtec.cat\/badalona\/wp-content\/uploads\/usu1088\/2024\/06\/240329-oif-bbw24-TOPTEN-2-FACEBOOKSHARE_0.png 1200w\" sizes=\"auto, (max-width: 580px) 100vw, 580px\" \/><\/a><\/p>\n<p>Us deixem un seguit de recursos:<\/p>\n<ul>\n<li><a href=\"https:\/\/ics.gencat.cat\/web\/.content\/Igualtat\/altres_recursos\/197AD_Banderes.pdf\" target=\"_blank\" rel=\"noopener\">Diccionari il\u00b7lustrat de les banderes LGTBIQ+<\/a><\/li>\n<li><a href=\"https:\/\/ladiferencia.cat\/#slide2\" target=\"_blank\" rel=\"noopener\">La Difer\u00e8ncia<\/a> (v\u00eddeos educatius lgtbiq+)<\/li>\n<\/ul>\n","protected":false},"excerpt":{"rendered":"<p>Enguany, la campanya del Dia de l\u2019Orgull LGBTIQ+ reivindica el dret de les persones a ser com vulguin ser\u00a0i a [&hellip;]<\/p>\n","protected":false},"author":48,"featured_media":22301,"comment_status":"closed","ping_status":"closed","sticky":false,"template":"","format":"standard","meta":{"_bbp_topic_count":0,"_bbp_reply_count":0,"_bbp_total_topic_count":0,"_bbp_total_reply_count":0,"_bbp_voice_count":0,"_bbp_anonymous_reply_count":0,"_bbp_topic_count_hidden":0,"_bbp_reply_count_hidden":0,"_bbp_forum_subforum_count":0,"site-sidebar-layout":"default","site-content-layout":"","ast-site-content-layout":"","site-content-style":"default","site-sidebar-style":"default","ast-global-header-display":"","ast-banner-title-visibility":"","ast-main-header-display":"","ast-hfb-above-header-display":"","ast-hfb-below-header-display":"","ast-hfb-mobile-header-display":"","site-post-title":"","ast-breadcrumbs-content":"","ast-featured-img":"","footer-sml-layout":"","theme-transparent-header-meta":"","adv-header-id-meta":"","stick-header-meta":"","header-above-stick-meta":"","header-main-stick-meta":"","header-below-stick-meta":"","astra-migrate-meta-layouts":"default","ast-page-background-enabled":"default","ast-page-background-meta":{"desktop":{"background-color":"var(--ast-global-color-4)","background-image":"","background-repeat":"repeat","background-position":"center center","background-size":"auto","background-attachment":"scroll","background-type":"","background-media":"","overlay-type":"","overlay-color":"","overlay-opacity":"","overlay-gradient":""},"tablet":{"background-color":"","background-image":"","background-repeat":"repeat","background-position":"center center","background-size":"auto","background-attachment":"scroll","background-type":"","background-media":"","overlay-type":"","overlay-color":"","overlay-opacity":"","overlay-gradient":""},"mobile":{"background-color":"","background-image":"","background-repeat":"repeat","background-position":"center center","background-size":"auto","background-attachment":"scroll","background-type":"","background-media":"","overlay-type":"","overlay-color":"","overlay-opacity":"","overlay-gradient":""}},"ast-content-background-meta":{"desktop":{"background-color":"var(--ast-global-color-5)","background-image":"","background-repeat":"repeat","background-position":"center center","background-size":"auto","background-attachment":"scroll","background-type":"","background-media":"","overlay-type":"","overlay-color":"","overlay-opacity":"","overlay-gradient":""},"tablet":{"background-color":"var(--ast-global-color-5)","background-image":"","background-repeat":"repeat","background-position":"center center","background-size":"auto","background-attachment":"scroll","background-type":"","background-media":"","overlay-type":"","overlay-color":"","overlay-opacity":"","overlay-gradient":""},"mobile":{"background-color":"var(--ast-global-color-5)","background-image":"","background-repeat":"repeat","background-position":"center center","background-size":"auto","background-attachment":"scroll","background-type":"","background-media":"","overlay-type":"","overlay-color":"","overlay-opacity":"","overlay-gradient":""}},"footnotes":""},"categories":[1450,64,81,522,29],"tags":[42,645,401,471,100,414],"class_list":["post-22300","post","type-post","status-publish","format-standard","has-post-thumbnail","hentry","category-coeducacio-perspectiva-de-genere-i-educacio-afectiva-sexual","category-comunitat","category-biblioteca-escolar","category-lectura-en-familia","category-portada","tag-angles","tag-coeducacio","tag-educacio-primaria","tag-educacio-secundaria","tag-lectura","tag-lij"],"post_mailing_queue_ids":[],"_links":{"self":[{"href":"https:\/\/serveiseducatius.xtec.cat\/badalona\/wp-json\/wp\/v2\/posts\/22300","targetHints":{"allow":["GET"]}}],"collection":[{"href":"https:\/\/serveiseducatius.xtec.cat\/badalona\/wp-json\/wp\/v2\/posts"}],"about":[{"href":"https:\/\/serveiseducatius.xtec.cat\/badalona\/wp-json\/wp\/v2\/types\/post"}],"author":[{"embeddable":true,"href":"https:\/\/serveiseducatius.xtec.cat\/badalona\/wp-json\/wp\/v2\/users\/48"}],"replies":[{"embeddable":true,"href":"https:\/\/serveiseducatius.xtec.cat\/badalona\/wp-json\/wp\/v2\/comments?post=22300"}],"version-history":[{"count":4,"href":"https:\/\/serveiseducatius.xtec.cat\/badalona\/wp-json\/wp\/v2\/posts\/22300\/revisions"}],"predecessor-version":[{"id":22306,"href":"https:\/\/serveiseducatius.xtec.cat\/badalona\/wp-json\/wp\/v2\/posts\/22300\/revisions\/22306"}],"wp:featuredmedia":[{"embeddable":true,"href":"https:\/\/serveiseducatius.xtec.cat\/badalona\/wp-json\/wp\/v2\/media\/22301"}],"wp:attachment":[{"href":"https:\/\/serveiseducatius.xtec.cat\/badalona\/wp-json\/wp\/v2\/media?parent=22300"}],"wp:term":[{"taxonomy":"category","embeddable":true,"href":"https:\/\/serveiseducatius.xtec.cat\/badalona\/wp-json\/wp\/v2\/categories?post=22300"},{"taxonomy":"post_tag","embeddable":true,"href":"https:\/\/serveiseducatius.xtec.cat\/badalona\/wp-json\/wp\/v2\/tags?post=22300"}],"curies":[{"name":"wp","href":"https:\/\/api.w.org\/{rel}","templated":true}]}}