{"id":22296,"date":"2024-06-20T13:04:52","date_gmt":"2024-06-20T11:04:52","guid":{"rendered":"https:\/\/serveiseducatius.xtec.cat\/badalona\/?p=22296"},"modified":"2024-06-20T13:04:52","modified_gmt":"2024-06-20T11:04:52","slug":"6a-jornada-de-biblioteques-de-badalona-llegir-per-pensar-pensament-critic-a-traves-de-la-lectura-1-de-juliol-de-2024-2","status":"publish","type":"post","link":"https:\/\/serveiseducatius.xtec.cat\/badalona\/portada\/6a-jornada-de-biblioteques-de-badalona-llegir-per-pensar-pensament-critic-a-traves-de-la-lectura-1-de-juliol-de-2024-2\/","title":{"rendered":"6a Jornada de biblioteques de Badalona. Llegir per pensar: pensament cr\u00edtic a trav\u00e9s de la lectura. 1 de juliol de 2024"},"content":{"rendered":"<p>La Comissi\u00f3 de Dinamitzaci\u00f3 Lectora de Badalona, us presentem la 6a Jornada de Biblioteques de Badalona: <strong>Llegir per pensar: pensament cr\u00edtic a trav\u00e9s de la lectura<\/strong>.\u00a0La Jornada es celebrar\u00e0 el dia <strong>1 de juliol<\/strong> de 9 a 14h a l<strong>\u2019<a href=\"https:\/\/goo.gl\/maps\/Ji2DZ5kogBRfzXyT8\">INS Eugeni d\u2019Ors.\u00a0<\/a><\/strong><\/p>\n<p><a title=\"Inscripci\u00f3\" href=\"https:\/\/aplicacions.gestioeducativa.gencat.cat\/pls\/soloas\/pk_for_mod_ins.p_for_detall_activitat?p_header=Llista%20d%27activitats^pk_for_mod_ins.p_for_cons_activitats?p_crp=204%26p_any=2023-2024%26p_totes=s%26p_inici=41%26p_excloure_crp_rec=F&amp;p_codi=2041241204&amp;p_curs=2023-2024&amp;p_excloure_crp_rec=F\" target=\"_blank\" rel=\"noopener\"><strong>Inscripci\u00f3<\/strong><\/a> docents, clicant l&#8217;<a href=\"https:\/\/aplicacions.gestioeducativa.gencat.cat\/pls\/soloas\/pk_for_mod_ins.p_for_detall_activitat?p_header=Llista%20d%27activitats^pk_for_mod_ins.p_for_cons_activitats?p_crp=204%26p_any=2023-2024%26p_totes=s%26p_inici=41%26p_excloure_crp_rec=F&amp;p_codi=2041241204&amp;p_curs=2023-2024&amp;p_excloure_crp_rec=F\" target=\"_blank\" rel=\"noopener\">enlla\u00e7<\/a><\/p>\n<p>Esperem que us interessi i us animem a participar-hi.<\/p>\n<p><img loading=\"lazy\" decoding=\"async\" class=\"size-full wp-image-22078 alignleft\" src=\"https:\/\/serveiseducatius.xtec.cat\/badalona\/wp-content\/uploads\/usu1088\/2022\/05\/jornada-biblios.png\" alt=\"\" width=\"589\" height=\"829\" srcset=\"https:\/\/serveiseducatius.xtec.cat\/badalona\/wp-content\/uploads\/usu1088\/2022\/05\/jornada-biblios.png 589w, https:\/\/serveiseducatius.xtec.cat\/badalona\/wp-content\/uploads\/usu1088\/2022\/05\/jornada-biblios-213x300.png 213w\" sizes=\"auto, (max-width: 589px) 100vw, 589px\" \/><\/p>\n","protected":false},"excerpt":{"rendered":"<p>La Comissi\u00f3 de Dinamitzaci\u00f3 Lectora de Badalona, us presentem la 6a Jornada de Biblioteques de Badalona: Llegir per pensar: pensament [&hellip;]<\/p>\n","protected":false},"author":1,"featured_media":22079,"comment_status":"closed","ping_status":"closed","sticky":false,"template":"","format":"standard","meta":{"_bbp_topic_count":0,"_bbp_reply_count":0,"_bbp_total_topic_count":0,"_bbp_total_reply_count":0,"_bbp_voice_count":0,"_bbp_anonymous_reply_count":0,"_bbp_topic_count_hidden":0,"_bbp_reply_count_hidden":0,"_bbp_forum_subforum_count":0,"site-sidebar-layout":"default","site-content-layout":"","ast-site-content-layout":"","site-content-style":"default","site-sidebar-style":"default","ast-global-header-display":"","ast-banner-title-visibility":"","ast-main-header-display":"","ast-hfb-above-header-display":"","ast-hfb-below-header-display":"","ast-hfb-mobile-header-display":"","site-post-title":"","ast-breadcrumbs-content":"","ast-featured-img":"","footer-sml-layout":"","theme-transparent-header-meta":"","adv-header-id-meta":"","stick-header-meta":"","header-above-stick-meta":"","header-main-stick-meta":"","header-below-stick-meta":"","astra-migrate-meta-layouts":"default","ast-page-background-enabled":"default","ast-page-background-meta":{"desktop":{"background-color":"var(--ast-global-color-4)","background-image":"","background-repeat":"repeat","background-position":"center center","background-size":"auto","background-attachment":"scroll","background-type":"","background-media":"","overlay-type":"","overlay-color":"","overlay-opacity":"","overlay-gradient":""},"tablet":{"background-color":"","background-image":"","background-repeat":"repeat","background-position":"center center","background-size":"auto","background-attachment":"scroll","background-type":"","background-media":"","overlay-type":"","overlay-color":"","overlay-opacity":"","overlay-gradient":""},"mobile":{"background-color":"","background-image":"","background-repeat":"repeat","background-position":"center center","background-size":"auto","background-attachment":"scroll","background-type":"","background-media":"","overlay-type":"","overlay-color":"","overlay-opacity":"","overlay-gradient":""}},"ast-content-background-meta":{"desktop":{"background-color":"var(--ast-global-color-5)","background-image":"","background-repeat":"repeat","background-position":"center center","background-size":"auto","background-attachment":"scroll","background-type":"","background-media":"","overlay-type":"","overlay-color":"","overlay-opacity":"","overlay-gradient":""},"tablet":{"background-color":"var(--ast-global-color-5)","background-image":"","background-repeat":"repeat","background-position":"center center","background-size":"auto","background-attachment":"scroll","background-type":"","background-media":"","overlay-type":"","overlay-color":"","overlay-opacity":"","overlay-gradient":""},"mobile":{"background-color":"var(--ast-global-color-5)","background-image":"","background-repeat":"repeat","background-position":"center center","background-size":"auto","background-attachment":"scroll","background-type":"","background-media":"","overlay-type":"","overlay-color":"","overlay-opacity":"","overlay-gradient":""}},"footnotes":""},"categories":[66,81,872,29],"tags":[1702],"class_list":["post-22296","post","type-post","status-publish","format-standard","has-post-thumbnail","hentry","category-dinamitzacio","category-biblioteca-escolar","category-missatgeria","category-portada","tag-jornada-de-biblioteques"],"post_mailing_queue_ids":[],"_links":{"self":[{"href":"https:\/\/serveiseducatius.xtec.cat\/badalona\/wp-json\/wp\/v2\/posts\/22296","targetHints":{"allow":["GET"]}}],"collection":[{"href":"https:\/\/serveiseducatius.xtec.cat\/badalona\/wp-json\/wp\/v2\/posts"}],"about":[{"href":"https:\/\/serveiseducatius.xtec.cat\/badalona\/wp-json\/wp\/v2\/types\/post"}],"author":[{"embeddable":true,"href":"https:\/\/serveiseducatius.xtec.cat\/badalona\/wp-json\/wp\/v2\/users\/1"}],"replies":[{"embeddable":true,"href":"https:\/\/serveiseducatius.xtec.cat\/badalona\/wp-json\/wp\/v2\/comments?post=22296"}],"version-history":[{"count":1,"href":"https:\/\/serveiseducatius.xtec.cat\/badalona\/wp-json\/wp\/v2\/posts\/22296\/revisions"}],"predecessor-version":[{"id":22297,"href":"https:\/\/serveiseducatius.xtec.cat\/badalona\/wp-json\/wp\/v2\/posts\/22296\/revisions\/22297"}],"wp:featuredmedia":[{"embeddable":true,"href":"https:\/\/serveiseducatius.xtec.cat\/badalona\/wp-json\/wp\/v2\/media\/22079"}],"wp:attachment":[{"href":"https:\/\/serveiseducatius.xtec.cat\/badalona\/wp-json\/wp\/v2\/media?parent=22296"}],"wp:term":[{"taxonomy":"category","embeddable":true,"href":"https:\/\/serveiseducatius.xtec.cat\/badalona\/wp-json\/wp\/v2\/categories?post=22296"},{"taxonomy":"post_tag","embeddable":true,"href":"https:\/\/serveiseducatius.xtec.cat\/badalona\/wp-json\/wp\/v2\/tags?post=22296"}],"curies":[{"name":"wp","href":"https:\/\/api.w.org\/{rel}","templated":true}]}}