{"id":22135,"date":"2024-05-28T11:17:04","date_gmt":"2024-05-28T09:17:04","guid":{"rendered":"https:\/\/serveiseducatius.xtec.cat\/badalona\/?p=22135"},"modified":"2024-05-27T11:23:30","modified_gmt":"2024-05-27T09:23:30","slug":"xxiii-jornada-anual-de-la-xarxa-de-competencies","status":"publish","type":"post","link":"https:\/\/serveiseducatius.xtec.cat\/badalona\/formacio\/xxiii-jornada-anual-de-la-xarxa-de-competencies\/","title":{"rendered":"XXIII Jornada Anual de la Xarxa de Compet\u00e8ncies"},"content":{"rendered":"<p><img loading=\"lazy\" decoding=\"async\" class=\"size-full wp-image-22136 alignleft\" src=\"https:\/\/serveiseducatius.xtec.cat\/badalona\/wp-content\/uploads\/usu1088\/2024\/05\/Agenda-XIII-Jornada-xarxa-competencies-2024.png_1637373458.png\" alt=\"\" width=\"410\" height=\"275\" srcset=\"https:\/\/serveiseducatius.xtec.cat\/badalona\/wp-content\/uploads\/usu1088\/2024\/05\/Agenda-XIII-Jornada-xarxa-competencies-2024.png_1637373458.png 410w, https:\/\/serveiseducatius.xtec.cat\/badalona\/wp-content\/uploads\/usu1088\/2024\/05\/Agenda-XIII-Jornada-xarxa-competencies-2024.png_1637373458-300x201.png 300w\" sizes=\"auto, (max-width: 410px) 100vw, 410px\" \/>La Xarxa de Compet\u00e8ncies es presenta, enguany, amb el lema \u201cEl viatge d\u2019aprendre\u201d i agrupa docents de tot Catalunya en un espai d\u2019aprenentatge i millora de la pr\u00e0ctica educativa mitjan\u00e7ant la formaci\u00f3 entre iguals.<\/p>\n<p>La jornada de cloenda anual inclou una confer\u00e8ncia sobre benestar en els centres, presentacions d\u2019experi\u00e8ncies pr\u00e0ctiques i una taula rodona per debatre sobre els elements clau per a l\u2019aprenentatge significatiu.<\/p>\n<p><strong>Quan?<\/strong>\u00a0Dissabte, 29 de juny de 2024. De les 9 a les 13.30 hores<\/p>\n<p><a href=\"https:\/\/xtec.gencat.cat\/web\/.content\/portadesseccions\/02-centres\/activitatsagenda\/pdf\/programa-jornada_xarxa_competencies_2024.pdf\" target=\"_blank\" rel=\"noopener\"><strong>Programa<\/strong><\/a><\/p>\n<p><strong>Inscripci\u00f3:<\/strong>\u00a0del 15 de maig al 29 de juny<\/p>\n<p><strong><a href=\"https:\/\/aplicacions.gestioeducativa.gencat.cat\/pls\/soloas\/pk_for_mod_ins.p_for_detall_activitat?p_codi=9008000547&amp;p_curs=2023-2024&amp;p_es_inscr=S\" target=\"_blank\" rel=\"noopener\">Formulari d\u2019inscripci\u00f3\u00a0<\/a><\/strong><\/p>\n<p><strong><a href=\"https:\/\/xtec.gencat.cat\/ca\/agenda\/Inscripcio-a-la-XXIII-Jornada-anual-Xarxa-de-Competencies\" target=\"_blank\" rel=\"noopener\">M\u00e9s informaci\u00f3<\/a><\/strong><\/p>\n<p>Activitat reconeguda pel Departament d\u2019Educaci\u00f3 com a formaci\u00f3 del professorat.<\/p>\n","protected":false},"excerpt":{"rendered":"<p>La Xarxa de Compet\u00e8ncies es presenta, enguany, amb el lema \u201cEl viatge d\u2019aprendre\u201d i agrupa docents de tot Catalunya en [&hellip;]<\/p>\n","protected":false},"author":1,"featured_media":22136,"comment_status":"closed","ping_status":"closed","sticky":false,"template":"","format":"standard","meta":{"_bbp_topic_count":0,"_bbp_reply_count":0,"_bbp_total_topic_count":0,"_bbp_total_reply_count":0,"_bbp_voice_count":0,"_bbp_anonymous_reply_count":0,"_bbp_topic_count_hidden":0,"_bbp_reply_count_hidden":0,"_bbp_forum_subforum_count":0,"site-sidebar-layout":"default","site-content-layout":"","ast-site-content-layout":"","site-content-style":"default","site-sidebar-style":"default","ast-global-header-display":"","ast-banner-title-visibility":"","ast-main-header-display":"","ast-hfb-above-header-display":"","ast-hfb-below-header-display":"","ast-hfb-mobile-header-display":"","site-post-title":"","ast-breadcrumbs-content":"","ast-featured-img":"","footer-sml-layout":"","theme-transparent-header-meta":"","adv-header-id-meta":"","stick-header-meta":"","header-above-stick-meta":"","header-main-stick-meta":"","header-below-stick-meta":"","astra-migrate-meta-layouts":"default","ast-page-background-enabled":"default","ast-page-background-meta":{"desktop":{"background-color":"var(--ast-global-color-4)","background-image":"","background-repeat":"repeat","background-position":"center center","background-size":"auto","background-attachment":"scroll","background-type":"","background-media":"","overlay-type":"","overlay-color":"","overlay-opacity":"","overlay-gradient":""},"tablet":{"background-color":"","background-image":"","background-repeat":"repeat","background-position":"center center","background-size":"auto","background-attachment":"scroll","background-type":"","background-media":"","overlay-type":"","overlay-color":"","overlay-opacity":"","overlay-gradient":""},"mobile":{"background-color":"","background-image":"","background-repeat":"repeat","background-position":"center center","background-size":"auto","background-attachment":"scroll","background-type":"","background-media":"","overlay-type":"","overlay-color":"","overlay-opacity":"","overlay-gradient":""}},"ast-content-background-meta":{"desktop":{"background-color":"var(--ast-global-color-5)","background-image":"","background-repeat":"repeat","background-position":"center center","background-size":"auto","background-attachment":"scroll","background-type":"","background-media":"","overlay-type":"","overlay-color":"","overlay-opacity":"","overlay-gradient":""},"tablet":{"background-color":"var(--ast-global-color-5)","background-image":"","background-repeat":"repeat","background-position":"center center","background-size":"auto","background-attachment":"scroll","background-type":"","background-media":"","overlay-type":"","overlay-color":"","overlay-opacity":"","overlay-gradient":""},"mobile":{"background-color":"var(--ast-global-color-5)","background-image":"","background-repeat":"repeat","background-position":"center center","background-size":"auto","background-attachment":"scroll","background-type":"","background-media":"","overlay-type":"","overlay-color":"","overlay-opacity":"","overlay-gradient":""}},"footnotes":""},"categories":[165,1003,1004],"tags":[968,1712,1803,1742],"class_list":["post-22135","post","type-post","status-publish","format-standard","has-post-thumbnail","hentry","category-formacio","category-innovacio","category-xcb","tag-aprenentatge-entre-iguals","tag-nou-curriculum","tag-situacions-daprenentatge","tag-xarxa-de-competencies"],"post_mailing_queue_ids":[],"_links":{"self":[{"href":"https:\/\/serveiseducatius.xtec.cat\/badalona\/wp-json\/wp\/v2\/posts\/22135","targetHints":{"allow":["GET"]}}],"collection":[{"href":"https:\/\/serveiseducatius.xtec.cat\/badalona\/wp-json\/wp\/v2\/posts"}],"about":[{"href":"https:\/\/serveiseducatius.xtec.cat\/badalona\/wp-json\/wp\/v2\/types\/post"}],"author":[{"embeddable":true,"href":"https:\/\/serveiseducatius.xtec.cat\/badalona\/wp-json\/wp\/v2\/users\/1"}],"replies":[{"embeddable":true,"href":"https:\/\/serveiseducatius.xtec.cat\/badalona\/wp-json\/wp\/v2\/comments?post=22135"}],"version-history":[{"count":1,"href":"https:\/\/serveiseducatius.xtec.cat\/badalona\/wp-json\/wp\/v2\/posts\/22135\/revisions"}],"predecessor-version":[{"id":22137,"href":"https:\/\/serveiseducatius.xtec.cat\/badalona\/wp-json\/wp\/v2\/posts\/22135\/revisions\/22137"}],"wp:featuredmedia":[{"embeddable":true,"href":"https:\/\/serveiseducatius.xtec.cat\/badalona\/wp-json\/wp\/v2\/media\/22136"}],"wp:attachment":[{"href":"https:\/\/serveiseducatius.xtec.cat\/badalona\/wp-json\/wp\/v2\/media?parent=22135"}],"wp:term":[{"taxonomy":"category","embeddable":true,"href":"https:\/\/serveiseducatius.xtec.cat\/badalona\/wp-json\/wp\/v2\/categories?post=22135"},{"taxonomy":"post_tag","embeddable":true,"href":"https:\/\/serveiseducatius.xtec.cat\/badalona\/wp-json\/wp\/v2\/tags?post=22135"}],"curies":[{"name":"wp","href":"https:\/\/api.w.org\/{rel}","templated":true}]}}