{"id":22125,"date":"2024-05-27T08:19:52","date_gmt":"2024-05-27T06:19:52","guid":{"rendered":"https:\/\/serveiseducatius.xtec.cat\/badalona\/?p=22125"},"modified":"2024-05-27T08:24:27","modified_gmt":"2024-05-27T06:24:27","slug":"guia-practica-per-abordar-la-desproteccio-dinfants-i-adolescents-de-la-taula-dinfancia-i-adolescencia","status":"publish","type":"post","link":"https:\/\/serveiseducatius.xtec.cat\/badalona\/portada\/guia-practica-per-abordar-la-desproteccio-dinfants-i-adolescents-de-la-taula-dinfancia-i-adolescencia\/","title":{"rendered":"Guia Pr\u00e0ctica per abordar la desprotecci\u00f3 d&#8217;infants i adolescents de la Taula d&#8217;Inf\u00e0ncia i Adolesc\u00e8ncia"},"content":{"rendered":"<p><img loading=\"lazy\" decoding=\"async\" class=\"size-full wp-image-22126 alignleft\" src=\"https:\/\/serveiseducatius.xtec.cat\/badalona\/wp-content\/uploads\/usu1088\/2024\/05\/Captura-de-pantalla-2024-05-27-081351.png\" alt=\"\" width=\"349\" height=\"267\" srcset=\"https:\/\/serveiseducatius.xtec.cat\/badalona\/wp-content\/uploads\/usu1088\/2024\/05\/Captura-de-pantalla-2024-05-27-081351.png 349w, https:\/\/serveiseducatius.xtec.cat\/badalona\/wp-content\/uploads\/usu1088\/2024\/05\/Captura-de-pantalla-2024-05-27-081351-300x230.png 300w\" sizes=\"auto, (max-width: 349px) 100vw, 349px\" \/><\/p>\n<div>\n<div>\n<p>La T<a href=\"https:\/\/tiab-badalona.cat\/\" target=\"_blank\" rel=\"noopener\">aula d&#8217;Inf\u00e0ncia i Adolesc\u00e8ncia de Badalona<\/a> presenta una\u00a0<a href=\"https:\/\/tiab-badalona.cat\/wp-content\/uploads\/2024\/05\/guia-maltractament-v1_24.pdf\" target=\"_blank\" rel=\"noopener\"><strong>Guia Pr\u00e0ctica per a l&#8217;abordatge en xarxa de situacions de desprotecci\u00f3 i maltractament en la inf\u00e0ncia i adolesc\u00e8ncia<\/strong><\/a>\u00a0a Badalona. Ho ha fet durant la sessi\u00f3 <strong>\u201cTeixim plegats una xarxa protectora<\/strong>\u201d celebrada dijous 23 de maig a l&#8217;Espai Bet\u00falia.<\/p>\n<\/div>\n<\/div>\n<div>\n<div>\n<p>La guia, que va comen\u00e7ar a elaborar-se el 2021 i ha culminat el 2024 amb aquesta presentaci\u00f3, t\u00e9 per objectiu abordar en xarxa situacions de desprotecci\u00f3 i maltractament a infants i joves. Es tracta d&#8217;un<strong>\u00a0treball col\u00b7lectiu on han participat escoles i entitats socials\u00a0<\/strong>que treballen des de diferents \u00e0mbits, com el Casal dels Infants i la Fundaci\u00f3 Germina. Aix\u00ed, s&#8217;aporta\u00a0<strong>una nova mirada en la manera de fer dels equips t\u00e8cnics<\/strong>\u00a0que han de protegir el benestar dels infants i adolescents, a la vegada que s&#8217;elaboren eines per a tenir cura dels professionals.<\/p>\n<\/div>\n<\/div>\n","protected":false},"excerpt":{"rendered":"<p>La Taula d&#8217;Inf\u00e0ncia i Adolesc\u00e8ncia de Badalona presenta una\u00a0Guia Pr\u00e0ctica per a l&#8217;abordatge en xarxa de situacions de desprotecci\u00f3 i [&hellip;]<\/p>\n","protected":false},"author":15,"featured_media":22126,"comment_status":"closed","ping_status":"closed","sticky":false,"template":"","format":"standard","meta":{"_bbp_topic_count":0,"_bbp_reply_count":0,"_bbp_total_topic_count":0,"_bbp_total_reply_count":0,"_bbp_voice_count":0,"_bbp_anonymous_reply_count":0,"_bbp_topic_count_hidden":0,"_bbp_reply_count_hidden":0,"_bbp_forum_subforum_count":0,"site-sidebar-layout":"default","site-content-layout":"","ast-site-content-layout":"","site-content-style":"default","site-sidebar-style":"default","ast-global-header-display":"","ast-banner-title-visibility":"","ast-main-header-display":"","ast-hfb-above-header-display":"","ast-hfb-below-header-display":"","ast-hfb-mobile-header-display":"","site-post-title":"","ast-breadcrumbs-content":"","ast-featured-img":"","footer-sml-layout":"","theme-transparent-header-meta":"","adv-header-id-meta":"","stick-header-meta":"","header-above-stick-meta":"","header-main-stick-meta":"","header-below-stick-meta":"","astra-migrate-meta-layouts":"default","ast-page-background-enabled":"default","ast-page-background-meta":{"desktop":{"background-color":"var(--ast-global-color-4)","background-image":"","background-repeat":"repeat","background-position":"center center","background-size":"auto","background-attachment":"scroll","background-type":"","background-media":"","overlay-type":"","overlay-color":"","overlay-opacity":"","overlay-gradient":""},"tablet":{"background-color":"","background-image":"","background-repeat":"repeat","background-position":"center center","background-size":"auto","background-attachment":"scroll","background-type":"","background-media":"","overlay-type":"","overlay-color":"","overlay-opacity":"","overlay-gradient":""},"mobile":{"background-color":"","background-image":"","background-repeat":"repeat","background-position":"center center","background-size":"auto","background-attachment":"scroll","background-type":"","background-media":"","overlay-type":"","overlay-color":"","overlay-opacity":"","overlay-gradient":""}},"ast-content-background-meta":{"desktop":{"background-color":"var(--ast-global-color-5)","background-image":"","background-repeat":"repeat","background-position":"center center","background-size":"auto","background-attachment":"scroll","background-type":"","background-media":"","overlay-type":"","overlay-color":"","overlay-opacity":"","overlay-gradient":""},"tablet":{"background-color":"var(--ast-global-color-5)","background-image":"","background-repeat":"repeat","background-position":"center center","background-size":"auto","background-attachment":"scroll","background-type":"","background-media":"","overlay-type":"","overlay-color":"","overlay-opacity":"","overlay-gradient":""},"mobile":{"background-color":"var(--ast-global-color-5)","background-image":"","background-repeat":"repeat","background-position":"center center","background-size":"auto","background-attachment":"scroll","background-type":"","background-media":"","overlay-type":"","overlay-color":"","overlay-opacity":"","overlay-gradient":""}},"footnotes":""},"categories":[64,29,675],"tags":[],"class_list":["post-22125","post","type-post","status-publish","format-standard","has-post-thumbnail","hentry","category-comunitat","category-portada","category-tiab"],"post_mailing_queue_ids":[],"_links":{"self":[{"href":"https:\/\/serveiseducatius.xtec.cat\/badalona\/wp-json\/wp\/v2\/posts\/22125","targetHints":{"allow":["GET"]}}],"collection":[{"href":"https:\/\/serveiseducatius.xtec.cat\/badalona\/wp-json\/wp\/v2\/posts"}],"about":[{"href":"https:\/\/serveiseducatius.xtec.cat\/badalona\/wp-json\/wp\/v2\/types\/post"}],"author":[{"embeddable":true,"href":"https:\/\/serveiseducatius.xtec.cat\/badalona\/wp-json\/wp\/v2\/users\/15"}],"replies":[{"embeddable":true,"href":"https:\/\/serveiseducatius.xtec.cat\/badalona\/wp-json\/wp\/v2\/comments?post=22125"}],"version-history":[{"count":2,"href":"https:\/\/serveiseducatius.xtec.cat\/badalona\/wp-json\/wp\/v2\/posts\/22125\/revisions"}],"predecessor-version":[{"id":22128,"href":"https:\/\/serveiseducatius.xtec.cat\/badalona\/wp-json\/wp\/v2\/posts\/22125\/revisions\/22128"}],"wp:featuredmedia":[{"embeddable":true,"href":"https:\/\/serveiseducatius.xtec.cat\/badalona\/wp-json\/wp\/v2\/media\/22126"}],"wp:attachment":[{"href":"https:\/\/serveiseducatius.xtec.cat\/badalona\/wp-json\/wp\/v2\/media?parent=22125"}],"wp:term":[{"taxonomy":"category","embeddable":true,"href":"https:\/\/serveiseducatius.xtec.cat\/badalona\/wp-json\/wp\/v2\/categories?post=22125"},{"taxonomy":"post_tag","embeddable":true,"href":"https:\/\/serveiseducatius.xtec.cat\/badalona\/wp-json\/wp\/v2\/tags?post=22125"}],"curies":[{"name":"wp","href":"https:\/\/api.w.org\/{rel}","templated":true}]}}