{"id":22088,"date":"2024-05-20T12:45:06","date_gmt":"2024-05-20T10:45:06","guid":{"rendered":"https:\/\/serveiseducatius.xtec.cat\/badalona\/?p=22088"},"modified":"2024-05-23T16:38:07","modified_gmt":"2024-05-23T14:38:07","slug":"bibliografia-seleccionada-per-conmemorar-el-dia-mundial-de-la-diversitat-cultural-per-al-dialeg-i-el-desenvolupament","status":"publish","type":"post","link":"https:\/\/serveiseducatius.xtec.cat\/badalona\/general\/bibliografia-seleccionada-per-conmemorar-el-dia-mundial-de-la-diversitat-cultural-per-al-dialeg-i-el-desenvolupament\/","title":{"rendered":"Bibliograf\u00eda seleccionada per conmemorar el \u00a0Dia Mundial de la Diversitat Cultural per al Di\u00e0leg i el Desenvolupament"},"content":{"rendered":"<p>Amb motiu de la commemoraci\u00f3 del\u00a0<a id=\"m_-3899782513975689777LPlnk\" title=\"https:\/\/xtec.gencat.cat\/ca\/centres\/celebracions\/2024\/dia-mundial-de-la-diversitat-cultural-per-al-dialeg-i-el-desenvolupament\/\" href=\"https:\/\/xtec.gencat.cat\/ca\/centres\/celebracions\/2024\/dia-mundial-de-la-diversitat-cultural-per-al-dialeg-i-el-desenvolupament\/\" target=\"_blank\" rel=\"noopener\" data-saferedirecturl=\"https:\/\/www.google.com\/url?q=https:\/\/xtec.gencat.cat\/ca\/centres\/celebracions\/2024\/dia-mundial-de-la-diversitat-cultural-per-al-dialeg-i-el-desenvolupament\/&amp;source=gmail&amp;ust=1716017911860000&amp;usg=AOvVaw0Dm61jkuSHflLTPBHdyQch\">Dia Mundial de la Diversitat Cultural per al Di\u00e0leg i el Desenvolupament<\/a>, el 21 de maig, el Grup de Treball Interdepartamental d\u2019Interculturalitat ha creat una selecci\u00f3 bibliogr\u00e0fica que t\u00e9 la voluntat de promoure i recon\u00e8ixer la diversitat cultural com a patrimoni de la humanitat i fomentar el di\u00e0leg com a mitj\u00e0 per assolir un desenvolupament sostenible.<\/p>\n<p>Podeu trobar una mostra del 14 al 24 de maig a la biblioteca del Departament d&#8217;Educaci\u00f3.<\/p>\n<p><img loading=\"lazy\" decoding=\"async\" class=\"alignnone size-full wp-image-22089\" src=\"https:\/\/serveiseducatius.xtec.cat\/badalona\/wp-content\/uploads\/usu1088\/2024\/05\/image002.png\" alt=\"\" width=\"938\" height=\"606\" srcset=\"https:\/\/serveiseducatius.xtec.cat\/badalona\/wp-content\/uploads\/usu1088\/2024\/05\/image002.png 938w, https:\/\/serveiseducatius.xtec.cat\/badalona\/wp-content\/uploads\/usu1088\/2024\/05\/image002-300x194.png 300w, https:\/\/serveiseducatius.xtec.cat\/badalona\/wp-content\/uploads\/usu1088\/2024\/05\/image002-768x496.png 768w\" sizes=\"auto, (max-width: 938px) 100vw, 938px\" \/> <img loading=\"lazy\" decoding=\"async\" class=\"alignnone size-full wp-image-22090\" src=\"https:\/\/serveiseducatius.xtec.cat\/badalona\/wp-content\/uploads\/usu1088\/2024\/05\/image001.png\" alt=\"\" width=\"925\" height=\"571\" srcset=\"https:\/\/serveiseducatius.xtec.cat\/badalona\/wp-content\/uploads\/usu1088\/2024\/05\/image001.png 925w, https:\/\/serveiseducatius.xtec.cat\/badalona\/wp-content\/uploads\/usu1088\/2024\/05\/image001-300x185.png 300w, https:\/\/serveiseducatius.xtec.cat\/badalona\/wp-content\/uploads\/usu1088\/2024\/05\/image001-768x474.png 768w\" sizes=\"auto, (max-width: 925px) 100vw, 925px\" \/><\/p>\n","protected":false},"excerpt":{"rendered":"<p>Amb motiu de la commemoraci\u00f3 del\u00a0Dia Mundial de la Diversitat Cultural per al Di\u00e0leg i el Desenvolupament, el 21 de [&hellip;]<\/p>\n","protected":false},"author":48,"featured_media":22090,"comment_status":"closed","ping_status":"closed","sticky":false,"template":"","format":"standard","meta":{"_bbp_topic_count":0,"_bbp_reply_count":0,"_bbp_total_topic_count":0,"_bbp_total_reply_count":0,"_bbp_voice_count":0,"_bbp_anonymous_reply_count":0,"_bbp_topic_count_hidden":0,"_bbp_reply_count_hidden":0,"_bbp_forum_subforum_count":0,"site-sidebar-layout":"default","site-content-layout":"","ast-site-content-layout":"","site-content-style":"default","site-sidebar-style":"default","ast-global-header-display":"","ast-banner-title-visibility":"","ast-main-header-display":"","ast-hfb-above-header-display":"","ast-hfb-below-header-display":"","ast-hfb-mobile-header-display":"","site-post-title":"","ast-breadcrumbs-content":"","ast-featured-img":"","footer-sml-layout":"","theme-transparent-header-meta":"","adv-header-id-meta":"","stick-header-meta":"","header-above-stick-meta":"","header-main-stick-meta":"","header-below-stick-meta":"","astra-migrate-meta-layouts":"default","ast-page-background-enabled":"default","ast-page-background-meta":{"desktop":{"background-color":"var(--ast-global-color-4)","background-image":"","background-repeat":"repeat","background-position":"center center","background-size":"auto","background-attachment":"scroll","background-type":"","background-media":"","overlay-type":"","overlay-color":"","overlay-opacity":"","overlay-gradient":""},"tablet":{"background-color":"","background-image":"","background-repeat":"repeat","background-position":"center center","background-size":"auto","background-attachment":"scroll","background-type":"","background-media":"","overlay-type":"","overlay-color":"","overlay-opacity":"","overlay-gradient":""},"mobile":{"background-color":"","background-image":"","background-repeat":"repeat","background-position":"center center","background-size":"auto","background-attachment":"scroll","background-type":"","background-media":"","overlay-type":"","overlay-color":"","overlay-opacity":"","overlay-gradient":""}},"ast-content-background-meta":{"desktop":{"background-color":"var(--ast-global-color-5)","background-image":"","background-repeat":"repeat","background-position":"center center","background-size":"auto","background-attachment":"scroll","background-type":"","background-media":"","overlay-type":"","overlay-color":"","overlay-opacity":"","overlay-gradient":""},"tablet":{"background-color":"var(--ast-global-color-5)","background-image":"","background-repeat":"repeat","background-position":"center center","background-size":"auto","background-attachment":"scroll","background-type":"","background-media":"","overlay-type":"","overlay-color":"","overlay-opacity":"","overlay-gradient":""},"mobile":{"background-color":"var(--ast-global-color-5)","background-image":"","background-repeat":"repeat","background-position":"center center","background-size":"auto","background-attachment":"scroll","background-type":"","background-media":"","overlay-type":"","overlay-color":"","overlay-opacity":"","overlay-gradient":""}},"footnotes":""},"categories":[1,1420,81,29,487],"tags":[1464,1102,100,415],"class_list":["post-22088","post","type-post","status-publish","format-standard","has-post-thumbnail","hentry","category-general","category-interculturalitat","category-biblioteca-escolar","category-portada","category-bibliografies","tag-diversitat-cultural","tag-docents","tag-lectura","tag-recomanacions-de-lectures"],"post_mailing_queue_ids":[],"_links":{"self":[{"href":"https:\/\/serveiseducatius.xtec.cat\/badalona\/wp-json\/wp\/v2\/posts\/22088","targetHints":{"allow":["GET"]}}],"collection":[{"href":"https:\/\/serveiseducatius.xtec.cat\/badalona\/wp-json\/wp\/v2\/posts"}],"about":[{"href":"https:\/\/serveiseducatius.xtec.cat\/badalona\/wp-json\/wp\/v2\/types\/post"}],"author":[{"embeddable":true,"href":"https:\/\/serveiseducatius.xtec.cat\/badalona\/wp-json\/wp\/v2\/users\/48"}],"replies":[{"embeddable":true,"href":"https:\/\/serveiseducatius.xtec.cat\/badalona\/wp-json\/wp\/v2\/comments?post=22088"}],"version-history":[{"count":1,"href":"https:\/\/serveiseducatius.xtec.cat\/badalona\/wp-json\/wp\/v2\/posts\/22088\/revisions"}],"predecessor-version":[{"id":22091,"href":"https:\/\/serveiseducatius.xtec.cat\/badalona\/wp-json\/wp\/v2\/posts\/22088\/revisions\/22091"}],"wp:featuredmedia":[{"embeddable":true,"href":"https:\/\/serveiseducatius.xtec.cat\/badalona\/wp-json\/wp\/v2\/media\/22090"}],"wp:attachment":[{"href":"https:\/\/serveiseducatius.xtec.cat\/badalona\/wp-json\/wp\/v2\/media?parent=22088"}],"wp:term":[{"taxonomy":"category","embeddable":true,"href":"https:\/\/serveiseducatius.xtec.cat\/badalona\/wp-json\/wp\/v2\/categories?post=22088"},{"taxonomy":"post_tag","embeddable":true,"href":"https:\/\/serveiseducatius.xtec.cat\/badalona\/wp-json\/wp\/v2\/tags?post=22088"}],"curies":[{"name":"wp","href":"https:\/\/api.w.org\/{rel}","templated":true}]}}