{"id":21979,"date":"2024-04-26T11:39:12","date_gmt":"2024-04-26T09:39:12","guid":{"rendered":"https:\/\/serveiseducatius.xtec.cat\/badalona\/?p=21979"},"modified":"2024-04-29T09:06:32","modified_gmt":"2024-04-29T07:06:32","slug":"19a-magna-celebratio-el-festival-roma-de-badalona","status":"publish","type":"post","link":"https:\/\/serveiseducatius.xtec.cat\/badalona\/portada\/19a-magna-celebratio-el-festival-roma-de-badalona\/","title":{"rendered":"19\u00aa Magna Celebratio, el Festival Rom\u00e0 de Badalona"},"content":{"rendered":"<p style=\"text-align: justify;\"><a href=\"https:\/\/www.museudebadalona.cat\/magna-celebratio\/\" target=\"_blank\" rel=\"noopener\"><img loading=\"lazy\" decoding=\"async\" class=\"alignnone size-full wp-image-21980\" src=\"https:\/\/serveiseducatius.xtec.cat\/badalona\/wp-content\/uploads\/usu1088\/2024\/04\/Magna_2024_1500-e1714117001939.jpg\" alt=\"\" width=\"1501\" height=\"367\" \/><\/a><\/p>\n<p>Arriba la <a href=\"https:\/\/www.museudebadalona.cat\/magna-celebratio\/\" target=\"_blank\" rel=\"noopener\"><strong>XIX MAGNA CELEBRATIO<\/strong><\/a>, el festival rom\u00e0 de Badalona.\u00a0El divendres obrir\u00e0 l\u2019edici\u00f3 d\u2019enguany la confer\u00e8ncia\u00a0<em>L\u2019artesanat cer\u00e0mic i les seves produccions a l\u2019Antiguitat. Alguns exemples del nord-est de la Tarraconense\u00a0<\/em>que ens oferir\u00e0 en <a href=\"https:\/\/ca.wikipedia.org\/wiki\/Joaquim_Tremoleda_i_Trilla\" target=\"_blank\" rel=\"noopener\">Joaquim Tremoleda Trilla<\/a>, Doctor en Arqueologia, arque\u00f2leg-conservador del MAC-Emp\u00faries<br \/>\ni membre numerari de l\u2019Institut d\u2019Estudis Catalans.<!--more--><\/p>\n<p>Les activitats seguiran durant el cap de setmana a l\u2019entorn del Museu amb recreacions hist\u00f2riques, tallers per als m\u00e9s petits, exhibicions i espectacles que evoquen el passat rom\u00e0 de la nostra ciutat.\u00a0Aix\u00ed mateix es podran visitar els diferents espais arqueol\u00f2gics -muse\u00eftzats o no- d\u2019\u00e8poca romana que es conserven i que constitueixen el millor testimoni de la import\u00e0ncia de l\u2019antiga ciutat de\u00a0<a href=\"https:\/\/ca.wikipedia.org\/wiki\/Baetulo\" target=\"_blank\" rel=\"noopener\"><strong><em>Baetulo<\/em><\/strong><\/a>\u00a0(Badalona).<\/p>\n<p><a href=\"https:\/\/www.museudebadalona.cat\/wp-content\/uploads\/Programa-Magna-Celebratio-2024.pdf\" target=\"_blank\" rel=\"noopener\"><strong>Consulteu el programa d\u2019activitats de la MAGNA CELEBRATIO 2024<\/strong><\/a><\/p>\n","protected":false},"excerpt":{"rendered":"<p>Arriba la XIX MAGNA CELEBRATIO, el festival rom\u00e0 de Badalona.\u00a0El divendres obrir\u00e0 l\u2019edici\u00f3 d\u2019enguany la confer\u00e8ncia\u00a0L\u2019artesanat cer\u00e0mic i les seves [&hellip;]<\/p>\n","protected":false},"author":9,"featured_media":21980,"comment_status":"closed","ping_status":"closed","sticky":false,"template":"","format":"standard","meta":{"_bbp_topic_count":0,"_bbp_reply_count":0,"_bbp_total_topic_count":0,"_bbp_total_reply_count":0,"_bbp_voice_count":0,"_bbp_anonymous_reply_count":0,"_bbp_topic_count_hidden":0,"_bbp_reply_count_hidden":0,"_bbp_forum_subforum_count":0,"site-sidebar-layout":"default","site-content-layout":"","ast-site-content-layout":"","site-content-style":"default","site-sidebar-style":"default","ast-global-header-display":"","ast-banner-title-visibility":"","ast-main-header-display":"","ast-hfb-above-header-display":"","ast-hfb-below-header-display":"","ast-hfb-mobile-header-display":"","site-post-title":"","ast-breadcrumbs-content":"","ast-featured-img":"","footer-sml-layout":"","theme-transparent-header-meta":"","adv-header-id-meta":"","stick-header-meta":"","header-above-stick-meta":"","header-main-stick-meta":"","header-below-stick-meta":"","astra-migrate-meta-layouts":"default","ast-page-background-enabled":"default","ast-page-background-meta":{"desktop":{"background-color":"var(--ast-global-color-4)","background-image":"","background-repeat":"repeat","background-position":"center center","background-size":"auto","background-attachment":"scroll","background-type":"","background-media":"","overlay-type":"","overlay-color":"","overlay-opacity":"","overlay-gradient":""},"tablet":{"background-color":"","background-image":"","background-repeat":"repeat","background-position":"center center","background-size":"auto","background-attachment":"scroll","background-type":"","background-media":"","overlay-type":"","overlay-color":"","overlay-opacity":"","overlay-gradient":""},"mobile":{"background-color":"","background-image":"","background-repeat":"repeat","background-position":"center center","background-size":"auto","background-attachment":"scroll","background-type":"","background-media":"","overlay-type":"","overlay-color":"","overlay-opacity":"","overlay-gradient":""}},"ast-content-background-meta":{"desktop":{"background-color":"var(--ast-global-color-5)","background-image":"","background-repeat":"repeat","background-position":"center center","background-size":"auto","background-attachment":"scroll","background-type":"","background-media":"","overlay-type":"","overlay-color":"","overlay-opacity":"","overlay-gradient":""},"tablet":{"background-color":"var(--ast-global-color-5)","background-image":"","background-repeat":"repeat","background-position":"center center","background-size":"auto","background-attachment":"scroll","background-type":"","background-media":"","overlay-type":"","overlay-color":"","overlay-opacity":"","overlay-gradient":""},"mobile":{"background-color":"var(--ast-global-color-5)","background-image":"","background-repeat":"repeat","background-position":"center center","background-size":"auto","background-attachment":"scroll","background-type":"","background-media":"","overlay-type":"","overlay-color":"","overlay-opacity":"","overlay-gradient":""}},"footnotes":""},"categories":[64,66,29],"tags":[1678,468],"class_list":["post-21979","post","type-post","status-publish","format-standard","has-post-thumbnail","hentry","category-comunitat","category-dinamitzacio","category-portada","tag-baetulo","tag-magna-celebratio"],"post_mailing_queue_ids":[],"_links":{"self":[{"href":"https:\/\/serveiseducatius.xtec.cat\/badalona\/wp-json\/wp\/v2\/posts\/21979","targetHints":{"allow":["GET"]}}],"collection":[{"href":"https:\/\/serveiseducatius.xtec.cat\/badalona\/wp-json\/wp\/v2\/posts"}],"about":[{"href":"https:\/\/serveiseducatius.xtec.cat\/badalona\/wp-json\/wp\/v2\/types\/post"}],"author":[{"embeddable":true,"href":"https:\/\/serveiseducatius.xtec.cat\/badalona\/wp-json\/wp\/v2\/users\/9"}],"replies":[{"embeddable":true,"href":"https:\/\/serveiseducatius.xtec.cat\/badalona\/wp-json\/wp\/v2\/comments?post=21979"}],"version-history":[{"count":2,"href":"https:\/\/serveiseducatius.xtec.cat\/badalona\/wp-json\/wp\/v2\/posts\/21979\/revisions"}],"predecessor-version":[{"id":21985,"href":"https:\/\/serveiseducatius.xtec.cat\/badalona\/wp-json\/wp\/v2\/posts\/21979\/revisions\/21985"}],"wp:featuredmedia":[{"embeddable":true,"href":"https:\/\/serveiseducatius.xtec.cat\/badalona\/wp-json\/wp\/v2\/media\/21980"}],"wp:attachment":[{"href":"https:\/\/serveiseducatius.xtec.cat\/badalona\/wp-json\/wp\/v2\/media?parent=21979"}],"wp:term":[{"taxonomy":"category","embeddable":true,"href":"https:\/\/serveiseducatius.xtec.cat\/badalona\/wp-json\/wp\/v2\/categories?post=21979"},{"taxonomy":"post_tag","embeddable":true,"href":"https:\/\/serveiseducatius.xtec.cat\/badalona\/wp-json\/wp\/v2\/tags?post=21979"}],"curies":[{"name":"wp","href":"https:\/\/api.w.org\/{rel}","templated":true}]}}