{"id":21910,"date":"2024-04-18T09:20:44","date_gmt":"2024-04-18T07:20:44","guid":{"rendered":"https:\/\/serveiseducatius.xtec.cat\/badalona\/?p=21910"},"modified":"2024-04-26T09:41:06","modified_gmt":"2024-04-26T07:41:06","slug":"programa-la-industria-sobre-a-lescola-amb-perspectiva-de-genere","status":"publish","type":"post","link":"https:\/\/serveiseducatius.xtec.cat\/badalona\/portada\/programa-la-industria-sobre-a-lescola-amb-perspectiva-de-genere\/","title":{"rendered":"Programa &#8220;La ind\u00fastria s&#8217;obre a l&#8217;escola amb perspectiva de g\u00e8nere&#8221;"},"content":{"rendered":"<p>&nbsp;<\/p>\n<p><img loading=\"lazy\" decoding=\"async\" class=\"size-full wp-image-21911 alignleft\" src=\"https:\/\/serveiseducatius.xtec.cat\/badalona\/wp-content\/uploads\/usu1088\/2024\/04\/Captura-de-pantalla-2024-04-18-091809-e1713424716363.png\" alt=\"\" width=\"300\" height=\"169\" \/><\/p>\n<p><span style=\"font-family: helvetica, arial, sans-serif; font-size: 12pt;\">Des de la Direcci\u00f3 General s\u2019est\u00e0 duent a terme el programa <strong>\u201c<a href=\"https:\/\/igualtat.gencat.cat\/ca\/ambits-dactuacio\/cures-temps-i-treballs\/Equitat-en-els-treballs\/La-indutria-sobre-a-lescola-amb-perspectiva-de-genere\/\" target=\"_blank\" rel=\"noopener\" data-saferedirecturl=\"https:\/\/www.google.com\/url?q=https:\/\/igualtat.gencat.cat\/ca\/ambits-dactuacio\/cures-temps-i-treballs\/Equitat-en-els-treballs\/La-indutria-sobre-a-lescola-amb-perspectiva-de-genere\/&amp;source=gmail&amp;ust=1713506099171000&amp;usg=AOvVaw3FCUUEniA3fiXyvDJ3uftz\">La ind\u00fastria s\u2019obre a l\u2019escola amb perspectiva de g\u00e8nere<\/a>\u201d<\/strong>, impulsat pel <strong>Departament d\u2019Igualtat i Feminismes<\/strong> en col\u00b7laboraci\u00f3 amb el <strong>Departament d\u2019Educaci\u00f3,<\/strong> que busca connectar l\u2019escola amb la ind\u00fastria catalana de proximitat per fomentar vocacions industrials, especialment entre les nenes i les noies, amb l\u2019objectiu d\u2019incrementar el nombre de dones a la ind\u00fastria.<u><\/u><u><\/u><\/span><\/p>\n<p><span style=\"font-family: helvetica, arial, sans-serif; font-size: 12pt;\">El programa es concreta en\u00a0sortides escolars\u00a0de l\u2019alumnat de prim\u00e0ria, secund\u00e0ria, batxillerat i formaci\u00f3 professional\u00a0a les\u00a0ind\u00fastries de proximitat.<u><\/u><u><\/u><\/span><\/p>\n<p><span style=\"font-family: helvetica, arial, sans-serif; font-size: 12pt;\">Comptem amb una xarxa d\u2019empreses distingides per les seves bones pr\u00e0ctiques en mat\u00e8ria de perspectiva de g\u00e8nere que ja formen part del programa i, de cara generar m\u00e9s trobades, volem incentivar la participaci\u00f3 de m\u00e9s escoles en el programa.<\/span><\/p>\n<p style=\"font-weight: 400;\"><span style=\"font-family: helvetica, arial, sans-serif;\"><strong>Qu\u00e8 oferim?<\/strong><\/span><\/p>\n<ul>\n<li style=\"font-weight: 400;\"><span style=\"font-family: helvetica, arial, sans-serif;\">Guia per a les empreses<\/span><\/li>\n<li style=\"font-weight: 400;\"><span style=\"font-family: helvetica, arial, sans-serif;\">Guia per a les escoles<\/span><\/li>\n<li style=\"font-weight: 400;\"><span style=\"font-family: helvetica, arial, sans-serif;\">Contacte entre l\u2019empresa i l\u2019escola per a la realitzaci\u00f3 de la visita<\/span><\/li>\n<li style=\"font-weight: 400;\"><span style=\"font-family: helvetica, arial, sans-serif;\">Formaci\u00f3<\/span><\/li>\n<li style=\"font-weight: 400;\"><span style=\"font-family: helvetica, arial, sans-serif;\">Enquesta d\u2019avaluaci\u00f3 de l\u2019activitat<\/span><\/li>\n<\/ul>\n<p style=\"font-weight: 400;\"><span style=\"font-family: helvetica, arial, sans-serif;\">Termini<\/span><\/p>\n<ul>\n<li style=\"font-weight: 400;\"><span style=\"font-family: helvetica, arial, sans-serif;\">Es pot participar durant tot el per\u00edode escolar<\/span><\/li>\n<\/ul>\n<p style=\"font-weight: 400;\"><span style=\"font-family: helvetica, arial, sans-serif;\">Cal inscriure\u2019s a trav\u00e9s dels formularis seg\u00fcents:<\/span><\/p>\n<ul>\n<li style=\"font-weight: 400;\"><span style=\"font-family: helvetica, arial, sans-serif;\"><a href=\"https:\/\/igualtat.gencat.cat\/ca\/ambits-dactuacio\/cures-temps-i-treballs\/programa-la-industria-sobre-a-lescola-en-perspectiva-de-genere-inscripcio-al-programa-pels-centres-escolars\/\" data-saferedirecturl=\"https:\/\/www.google.com\/url?q=https:\/\/igualtat.gencat.cat\/ca\/ambits-dactuacio\/cures-temps-i-treballs\/programa-la-industria-sobre-a-lescola-en-perspectiva-de-genere-inscripcio-al-programa-pels-centres-escolars\/&amp;source=gmail&amp;ust=1713506099171000&amp;usg=AOvVaw2JUiZEVGIRLtXehr7Tve18\">Formulari per a les escoles<\/a><\/span><\/li>\n<li style=\"font-weight: 400;\"><span style=\"font-family: helvetica, arial, sans-serif;\"><a href=\"https:\/\/igualtat.gencat.cat\/ca\/ambits-dactuacio\/cures-temps-i-treballs\/Programa-lindustria-sobre-a-lescola\" data-saferedirecturl=\"https:\/\/www.google.com\/url?q=https:\/\/igualtat.gencat.cat\/ca\/ambits-dactuacio\/cures-temps-i-treballs\/Programa-lindustria-sobre-a-lescola&amp;source=gmail&amp;ust=1713506099171000&amp;usg=AOvVaw0d01lbtBU73OTBb-A5DtUc\">Formulari per a les empreses<\/a><\/span><\/li>\n<\/ul>\n<p style=\"font-weight: 400;\"><span style=\"font-family: helvetica, arial, sans-serif;\">Un cop formalitzades les inscripcions, la Direcci\u00f3 General de Cures, Organitzaci\u00f3 del Temps i Equitat en els Treballs es posar\u00e0 en contacte amb les escoles i les empreses interessades a rebre les visites per quadrar cadascuna de les propostes.<\/span><\/p>\n<p style=\"font-weight: 400;\"><span style=\"font-family: helvetica, arial, sans-serif;\">M\u00e9s informaci\u00f3 i consultes: <a href=\"mailto:curestempstreballs.igualtat@gencat.cat\">curestempstreballs.igualtat@gencat.cat<\/a><\/span><\/p>\n","protected":false},"excerpt":{"rendered":"<p>&nbsp; Des de la Direcci\u00f3 General s\u2019est\u00e0 duent a terme el programa \u201cLa ind\u00fastria s\u2019obre a l\u2019escola amb perspectiva de [&hellip;]<\/p>\n","protected":false},"author":15,"featured_media":21911,"comment_status":"closed","ping_status":"closed","sticky":false,"template":"","format":"standard","meta":{"_bbp_topic_count":0,"_bbp_reply_count":0,"_bbp_total_topic_count":0,"_bbp_total_reply_count":0,"_bbp_voice_count":0,"_bbp_anonymous_reply_count":0,"_bbp_topic_count_hidden":0,"_bbp_reply_count_hidden":0,"_bbp_forum_subforum_count":0,"site-sidebar-layout":"default","site-content-layout":"","ast-site-content-layout":"","site-content-style":"default","site-sidebar-style":"default","ast-global-header-display":"","ast-banner-title-visibility":"","ast-main-header-display":"","ast-hfb-above-header-display":"","ast-hfb-below-header-display":"","ast-hfb-mobile-header-display":"","site-post-title":"","ast-breadcrumbs-content":"","ast-featured-img":"","footer-sml-layout":"","theme-transparent-header-meta":"","adv-header-id-meta":"","stick-header-meta":"","header-above-stick-meta":"","header-main-stick-meta":"","header-below-stick-meta":"","astra-migrate-meta-layouts":"default","ast-page-background-enabled":"default","ast-page-background-meta":{"desktop":{"background-color":"var(--ast-global-color-4)","background-image":"","background-repeat":"repeat","background-position":"center center","background-size":"auto","background-attachment":"scroll","background-type":"","background-media":"","overlay-type":"","overlay-color":"","overlay-opacity":"","overlay-gradient":""},"tablet":{"background-color":"","background-image":"","background-repeat":"repeat","background-position":"center center","background-size":"auto","background-attachment":"scroll","background-type":"","background-media":"","overlay-type":"","overlay-color":"","overlay-opacity":"","overlay-gradient":""},"mobile":{"background-color":"","background-image":"","background-repeat":"repeat","background-position":"center center","background-size":"auto","background-attachment":"scroll","background-type":"","background-media":"","overlay-type":"","overlay-color":"","overlay-opacity":"","overlay-gradient":""}},"ast-content-background-meta":{"desktop":{"background-color":"var(--ast-global-color-5)","background-image":"","background-repeat":"repeat","background-position":"center center","background-size":"auto","background-attachment":"scroll","background-type":"","background-media":"","overlay-type":"","overlay-color":"","overlay-opacity":"","overlay-gradient":""},"tablet":{"background-color":"var(--ast-global-color-5)","background-image":"","background-repeat":"repeat","background-position":"center center","background-size":"auto","background-attachment":"scroll","background-type":"","background-media":"","overlay-type":"","overlay-color":"","overlay-opacity":"","overlay-gradient":""},"mobile":{"background-color":"var(--ast-global-color-5)","background-image":"","background-repeat":"repeat","background-position":"center center","background-size":"auto","background-attachment":"scroll","background-type":"","background-media":"","overlay-type":"","overlay-color":"","overlay-opacity":"","overlay-gradient":""}},"footnotes":""},"categories":[1540,29],"tags":[347,1809],"class_list":["post-21910","post","type-post","status-publish","format-standard","has-post-thumbnail","hentry","category-oferta-daltres-institucions","category-portada","tag-cicles-formatius","tag-perspectiva-de-genere"],"post_mailing_queue_ids":[],"_links":{"self":[{"href":"https:\/\/serveiseducatius.xtec.cat\/badalona\/wp-json\/wp\/v2\/posts\/21910","targetHints":{"allow":["GET"]}}],"collection":[{"href":"https:\/\/serveiseducatius.xtec.cat\/badalona\/wp-json\/wp\/v2\/posts"}],"about":[{"href":"https:\/\/serveiseducatius.xtec.cat\/badalona\/wp-json\/wp\/v2\/types\/post"}],"author":[{"embeddable":true,"href":"https:\/\/serveiseducatius.xtec.cat\/badalona\/wp-json\/wp\/v2\/users\/15"}],"replies":[{"embeddable":true,"href":"https:\/\/serveiseducatius.xtec.cat\/badalona\/wp-json\/wp\/v2\/comments?post=21910"}],"version-history":[{"count":2,"href":"https:\/\/serveiseducatius.xtec.cat\/badalona\/wp-json\/wp\/v2\/posts\/21910\/revisions"}],"predecessor-version":[{"id":21913,"href":"https:\/\/serveiseducatius.xtec.cat\/badalona\/wp-json\/wp\/v2\/posts\/21910\/revisions\/21913"}],"wp:featuredmedia":[{"embeddable":true,"href":"https:\/\/serveiseducatius.xtec.cat\/badalona\/wp-json\/wp\/v2\/media\/21911"}],"wp:attachment":[{"href":"https:\/\/serveiseducatius.xtec.cat\/badalona\/wp-json\/wp\/v2\/media?parent=21910"}],"wp:term":[{"taxonomy":"category","embeddable":true,"href":"https:\/\/serveiseducatius.xtec.cat\/badalona\/wp-json\/wp\/v2\/categories?post=21910"},{"taxonomy":"post_tag","embeddable":true,"href":"https:\/\/serveiseducatius.xtec.cat\/badalona\/wp-json\/wp\/v2\/tags?post=21910"}],"curies":[{"name":"wp","href":"https:\/\/api.w.org\/{rel}","templated":true}]}}