{"id":21890,"date":"2024-04-17T09:15:15","date_gmt":"2024-04-17T07:15:15","guid":{"rendered":"https:\/\/serveiseducatius.xtec.cat\/badalona\/?p=21890"},"modified":"2024-04-18T15:43:24","modified_gmt":"2024-04-18T13:43:24","slug":"sant-jordi-a-sant-roc-2024-jocs-florals-escolars-poesia-urbana","status":"publish","type":"post","link":"https:\/\/serveiseducatius.xtec.cat\/badalona\/general\/sant-jordi-a-sant-roc-2024-jocs-florals-escolars-poesia-urbana\/","title":{"rendered":"Sant Jordi a Sant Roc 2024. Jocs Florals Escolars. Poesia urbana."},"content":{"rendered":"<p><img loading=\"lazy\" decoding=\"async\" class=\" wp-image-21891 alignright\" src=\"https:\/\/serveiseducatius.xtec.cat\/badalona\/wp-content\/uploads\/usu1088\/2024\/04\/stjordi.png\" alt=\"\" width=\"232\" height=\"195\" srcset=\"https:\/\/serveiseducatius.xtec.cat\/badalona\/wp-content\/uploads\/usu1088\/2024\/04\/stjordi.png 451w, https:\/\/serveiseducatius.xtec.cat\/badalona\/wp-content\/uploads\/usu1088\/2024\/04\/stjordi-300x252.png 300w\" sizes=\"auto, (max-width: 232px) 100vw, 232px\" \/>Des de fa anys i en el marc del <strong>Pla Educatiu d\u2019Entorn de Sant Roc,<\/strong> s\u2019organitzen diverses activitats per celebrar la diada de <strong>Sant Jordi amb les escoles de Sant Roc.\u00a0<\/strong>En aquest<span style=\"background-color: #ffffff;\">\u00a0<a href=\"https:\/\/drive.google.com\/file\/d\/1TkBMavZo3lnQdDsPYNo2pbq_HEOYwK7O\/view?usp=sharing\" target=\"_blank\" rel=\"noopener\">enlla\u00e7<\/a><\/span>\u00a0hi trobareu el programa de la diada.<\/p>\n<p>De 9 a 13.15 h. Al <b>Teatre Blas Infante<\/b>. Espectacle Flow amb Dani Lleonard i lliurament de premis dels Jocs Florals. ( 5\u00e8, 6\u00e8 de prim\u00e0ria i 1r, 2n, 3r i 4t d&#8217;ESO)<\/p>\n<p>De 9.30 a 12 h. A la<b>\u00a0Biblioteca Sant Roc.\u00a0<\/b>La Llegenda de Sant Jordi i la princesa Maria a c\u00e0rrec de Pengim Penjam. Tallers: titelles de dit, xapes de drac i punts de llibre (Educaci\u00f3\u00a0 infantil I3, I4 i I5).<\/p>\n<p><span style=\"font-weight: 400;\">De 9.30 a 12.00 h<\/span><span style=\"font-weight: 400;\">. Visita a l\u2019exposici\u00f3 \u201c<\/span><b>Els forjadors de la festa<\/b><span style=\"font-weight: 400;\">\u201d al Centre C\u00edvic (4t de prim\u00e0ria).<\/span><\/p>\n<p>De 10.00\u202f a 11.30 h. A la <b>pla\u00e7a Sant Elies.\u00a0<\/b>Espectacle a c\u00e0rrec de La Tresca i la Verdesca i lliurament dels premis Jocs Florals Cicle inicial i cicle mitj\u00e0 d\u2019educaci\u00f3 prim\u00e0ria (1r, 2n, 3r, 4t).<\/p>\n<p>De 9 a 14 h.\u00a0A la\u00a0<b>pla\u00e7a Sant Elies.\u00a0<\/b>Mostra i venda de llibres organitzada per la Fundaci\u00f3 Ateneu Sant Roc.<\/p>\n<p><strong>Centres participants<\/strong>: Escola Josep Boada, Institut Escola Baldomer , Institut Eugeni d\u2019Ors, Centre Maregassa, Col\u00b7legi Lestonnac, Col\u00b7legi Mare de D\u00e9u de l\u2019Assumpci\u00f3 i Col\u00b7legi Sant\u00edssima Trinitat.<\/p>\n","protected":false},"excerpt":{"rendered":"<p>Des de fa anys i en el marc del Pla Educatiu d\u2019Entorn de Sant Roc, s\u2019organitzen diverses activitats per celebrar [&hellip;]<\/p>\n","protected":false},"author":1,"featured_media":21891,"comment_status":"closed","ping_status":"closed","sticky":false,"template":"","format":"standard","meta":{"_bbp_topic_count":0,"_bbp_reply_count":0,"_bbp_total_topic_count":0,"_bbp_total_reply_count":0,"_bbp_voice_count":0,"_bbp_anonymous_reply_count":0,"_bbp_topic_count_hidden":0,"_bbp_reply_count_hidden":0,"_bbp_forum_subforum_count":0,"site-sidebar-layout":"default","site-content-layout":"","ast-site-content-layout":"","site-content-style":"default","site-sidebar-style":"default","ast-global-header-display":"","ast-banner-title-visibility":"","ast-main-header-display":"","ast-hfb-above-header-display":"","ast-hfb-below-header-display":"","ast-hfb-mobile-header-display":"","site-post-title":"","ast-breadcrumbs-content":"","ast-featured-img":"","footer-sml-layout":"","theme-transparent-header-meta":"","adv-header-id-meta":"","stick-header-meta":"","header-above-stick-meta":"","header-main-stick-meta":"","header-below-stick-meta":"","astra-migrate-meta-layouts":"default","ast-page-background-enabled":"default","ast-page-background-meta":{"desktop":{"background-color":"var(--ast-global-color-4)","background-image":"","background-repeat":"repeat","background-position":"center center","background-size":"auto","background-attachment":"scroll","background-type":"","background-media":"","overlay-type":"","overlay-color":"","overlay-opacity":"","overlay-gradient":""},"tablet":{"background-color":"","background-image":"","background-repeat":"repeat","background-position":"center center","background-size":"auto","background-attachment":"scroll","background-type":"","background-media":"","overlay-type":"","overlay-color":"","overlay-opacity":"","overlay-gradient":""},"mobile":{"background-color":"","background-image":"","background-repeat":"repeat","background-position":"center center","background-size":"auto","background-attachment":"scroll","background-type":"","background-media":"","overlay-type":"","overlay-color":"","overlay-opacity":"","overlay-gradient":""}},"ast-content-background-meta":{"desktop":{"background-color":"var(--ast-global-color-5)","background-image":"","background-repeat":"repeat","background-position":"center center","background-size":"auto","background-attachment":"scroll","background-type":"","background-media":"","overlay-type":"","overlay-color":"","overlay-opacity":"","overlay-gradient":""},"tablet":{"background-color":"var(--ast-global-color-5)","background-image":"","background-repeat":"repeat","background-position":"center center","background-size":"auto","background-attachment":"scroll","background-type":"","background-media":"","overlay-type":"","overlay-color":"","overlay-opacity":"","overlay-gradient":""},"mobile":{"background-color":"var(--ast-global-color-5)","background-image":"","background-repeat":"repeat","background-position":"center center","background-size":"auto","background-attachment":"scroll","background-type":"","background-media":"","overlay-type":"","overlay-color":"","overlay-opacity":"","overlay-gradient":""}},"footnotes":""},"categories":[64,1,75,29,587],"tags":[38,334],"class_list":["post-21890","post","type-post","status-publish","format-standard","has-post-thumbnail","hentry","category-comunitat","category-general","category-pee","category-portada","category-sant-jordi-a-les-escoles-de-sant-roc","tag-sant-jordi","tag-sant-roc"],"post_mailing_queue_ids":[],"_links":{"self":[{"href":"https:\/\/serveiseducatius.xtec.cat\/badalona\/wp-json\/wp\/v2\/posts\/21890","targetHints":{"allow":["GET"]}}],"collection":[{"href":"https:\/\/serveiseducatius.xtec.cat\/badalona\/wp-json\/wp\/v2\/posts"}],"about":[{"href":"https:\/\/serveiseducatius.xtec.cat\/badalona\/wp-json\/wp\/v2\/types\/post"}],"author":[{"embeddable":true,"href":"https:\/\/serveiseducatius.xtec.cat\/badalona\/wp-json\/wp\/v2\/users\/1"}],"replies":[{"embeddable":true,"href":"https:\/\/serveiseducatius.xtec.cat\/badalona\/wp-json\/wp\/v2\/comments?post=21890"}],"version-history":[{"count":1,"href":"https:\/\/serveiseducatius.xtec.cat\/badalona\/wp-json\/wp\/v2\/posts\/21890\/revisions"}],"predecessor-version":[{"id":21892,"href":"https:\/\/serveiseducatius.xtec.cat\/badalona\/wp-json\/wp\/v2\/posts\/21890\/revisions\/21892"}],"wp:featuredmedia":[{"embeddable":true,"href":"https:\/\/serveiseducatius.xtec.cat\/badalona\/wp-json\/wp\/v2\/media\/21891"}],"wp:attachment":[{"href":"https:\/\/serveiseducatius.xtec.cat\/badalona\/wp-json\/wp\/v2\/media?parent=21890"}],"wp:term":[{"taxonomy":"category","embeddable":true,"href":"https:\/\/serveiseducatius.xtec.cat\/badalona\/wp-json\/wp\/v2\/categories?post=21890"},{"taxonomy":"post_tag","embeddable":true,"href":"https:\/\/serveiseducatius.xtec.cat\/badalona\/wp-json\/wp\/v2\/tags?post=21890"}],"curies":[{"name":"wp","href":"https:\/\/api.w.org\/{rel}","templated":true}]}}