{"id":21707,"date":"2024-03-19T12:50:12","date_gmt":"2024-03-19T11:50:12","guid":{"rendered":"https:\/\/serveiseducatius.xtec.cat\/badalona\/?p=21707"},"modified":"2024-03-15T11:14:46","modified_gmt":"2024-03-15T10:14:46","slug":"el-diari-curricular-com-a-eina-de-suport-a-la-programacio-amb-el-nou-curriculum","status":"publish","type":"post","link":"https:\/\/serveiseducatius.xtec.cat\/badalona\/portada\/el-diari-curricular-com-a-eina-de-suport-a-la-programacio-amb-el-nou-curriculum\/","title":{"rendered":"El Diari Curricular com a eina de suport a la programaci\u00f3 amb el nou curr\u00edculum i altres eines d&#8217;inter\u00e8s"},"content":{"rendered":"<p style=\"text-align: justify;\"><img loading=\"lazy\" decoding=\"async\" class=\" wp-image-21711 alignright\" src=\"https:\/\/serveiseducatius.xtec.cat\/badalona\/wp-content\/uploads\/usu1088\/2024\/03\/diaricurricular.jpg\" alt=\"\" width=\"507\" height=\"111\" \/>El\u00a0<strong>diari curricular<\/strong>\u00a0presentat aquest curs escolar permet saber quins elements del curr\u00edculum es treballen i regular la programaci\u00f3 en funci\u00f3 dels objectius i les prioritats acordades pel centre, el cicle o el nivell educatiu.<\/p>\n<p style=\"text-align: justify;\">Aquesta eina ha estat pilotada en fase de proves als centres de la Xarxa de Compet\u00e8ncies i, un cop validada la seva utilitat, el seu \u00fas es fa extensiu a tots els centres p\u00fablics de Catalunya que ho demanin. Ens pot ser \u00fatil per&#8230;<\/p>\n<ul style=\"text-align: justify;\">\n<li>Formalitzar els elements curriculars que es desenvolupen a un grup classe<\/li>\n<li><span style=\"font-family: inherit; font-size: 1em;\">Regular la programaci\u00f3 i prendre decisions per a la millora dels aprenentatges de tot l&#8217;alumnat<\/span><\/li>\n<li><span style=\"font-family: inherit; font-size: 1em;\">Con\u00e8ixer les experi\u00e8ncies d\u2019aprenentatge pr\u00e8vies que ha realitzat l&#8217;alumnat d\u2019un grup classe, fer el seguiment curricular i establir connexions entre les experi\u00e8ncies pr\u00e8vies i els aprenentatges<\/span><\/li>\n<li><span style=\"font-family: inherit; font-size: 1em;\">Compartir el dia a dia dels aprenentatges que adquireix l&#8217;alumnat a l\u2019aula i facilitar el treball col\u00b7laboratiu entre el professorat<\/span><\/li>\n<\/ul>\n<p style=\"text-align: justify;\">Els centres interessats a tenir acc\u00e9s\u00a0<strong><a href=\"https:\/\/docs.google.com\/forms\/d\/e\/1FAIpQLSfuCQXnMV3yy_f8xV6nRx2nvjt3n3Zy7mI7S94Zo_EXUx3yhA\/viewform\" target=\"_blank\" rel=\"noopener\">han d\u2019omplir el seg\u00fcent formulari que dona acc\u00e9s amb el codi de centre.\u00a0<\/a><\/strong>Per a m\u00e9s informaci\u00f3, podeu consultar al CRP.<\/p>\n<p>Aprofitem aquest article per recordar-vos tamb\u00e9 que aquesta eina pot ser complementada amb la proposta dels companys del <a href=\"trieu\u00a0Permet\u00a0i ja no us ho demanar\u00e0 m\u00e9s)\u00a0o b\u00e9 amb les pestanyes inferiors. Indiqueu el Cicle \/ Curs \/ Eix (o \u00c0rea o Mat\u00e8ria) i tota la part \u201coficial\u201d que haur\u00edeu de buscar als nous curr\u00edculums la trobareu en llistes desplegables en les diferents pestanyes. Quan h\u00e0giu acabat, si ho necessiteu, imprimiu tot el \u201cLlibre de treball\u201d.     Finalment trobeu en aquest\u00a0enlla\u00e7 una altra eina creada per en Jaume Feliu que permet desenvolupar un model de programaci\u00f3 basat en Situacions d\u2019Aprenentatge per ESO.\" target=\"_blank\" rel=\"noopener\"><strong>CRP de l\u2019Alt Urgell<\/strong> <\/a>per facilitar la programaci\u00f3 de les <strong>Situacions d\u2019Aprenentatge<\/strong> a les diferents etapes educatives del nou curr\u00edculum que ja es va presentar fa uns mesos.<\/p>\n<p>Es tracta de documents de Google Sheets (full de c\u00e0lcul) <strong>on trobareu tots els apartats del curr\u00edculum en llistes desplegables<\/strong>\u00a0<strong>condicionades<\/strong>\u00a0segons l\u2019etapa educativa:<\/p>\n<ul>\n<li><strong><a href=\"https:\/\/docs.google.com\/spreadsheets\/d\/1hng1s7s1foLsOm3I5dQMVjV6LHd9kuVZeOAJitffmPY\/template\/preview\" target=\"_blank\" rel=\"noopener\">SA Infantil<\/a><\/strong><\/li>\n<li><strong><a href=\"https:\/\/docs.google.com\/spreadsheets\/d\/1CneWJSMfG68aicSw2grkUP8iTuT5OoITTaA4H_uiESE\/template\/preview\" target=\"_blank\" rel=\"noopener\">SA Prim\u00e0ria<\/a><\/strong><\/li>\n<li><strong><a href=\"https:\/\/docs.google.com\/spreadsheets\/d\/1_5izqNTV7XeDDRwS0kNaHCksHhifiTLrh987btfu5cU\/template\/preview\" target=\"_blank\" rel=\"noopener\">SA ESO<\/a><\/strong><\/li>\n<\/ul>\n<p><strong>Instruccions d\u2019\u00fas:<a href=\"https:\/\/serveiseducatius.xtec.cat\/mataro\/general\/eina-per-programar-situacions-daprenentatge-ei-ep-i-eso\/attachment\/sda\/\" rel=\"attachment wp-att-10423\"><img loading=\"lazy\" decoding=\"async\" class=\"wp-image-10423 alignright\" src=\"https:\/\/serveiseducatius.xtec.cat\/mataro\/wp-content\/uploads\/usu1139\/2023\/11\/SdA.jpg\" sizes=\"auto, (max-width: 555px) 100vw, 555px\" srcset=\"https:\/\/serveiseducatius.xtec.cat\/mataro\/wp-content\/uploads\/usu1139\/2023\/11\/SdA.jpg 1293w, https:\/\/serveiseducatius.xtec.cat\/mataro\/wp-content\/uploads\/usu1139\/2023\/11\/SdA-300x138.jpg 300w, https:\/\/serveiseducatius.xtec.cat\/mataro\/wp-content\/uploads\/usu1139\/2023\/11\/SdA-1024x472.jpg 1024w, https:\/\/serveiseducatius.xtec.cat\/mataro\/wp-content\/uploads\/usu1139\/2023\/11\/SdA-768x354.jpg 768w\" alt=\"\" width=\"520\" height=\"240\" \/><\/a><\/strong><\/p>\n<ol>\n<li>Clica a l\u2019enlla\u00e7 corresponent (prim\u00e0ria\u00a0\/\u00a0infantil\u00a0\/\u00a0ESO)<\/li>\n<li>Un cop dins el fitxer, clica a\u00a0<em>Fitxer \/ Fes una c\u00f2pia\u00a0<\/em>(a partir d\u2019aquest moment, el fitxer ja \u00e9s nom\u00e9s teu: pots fer tots els canvis que vulguis, compartir-lo, etc).<strong><em><br \/>\n<\/em><\/strong><\/li>\n<li>Moveu-vos pel fitxer amb els botons de la dreta\u00a0(el primer cop que cliqueu en un bot\u00f3 us demanar\u00e0 perm\u00eds per executar un script: trieu\u00a0<em>Permet<\/em>\u00a0i ja no us ho demanar\u00e0 m\u00e9s)\u00a0o b\u00e9 amb les pestanyes inferiors.<\/li>\n<li>Indiqueu el Cicle \/ Curs \/ Eix (o \u00c0rea o Mat\u00e8ria) i tota la part \u201coficial\u201d que haur\u00edeu de buscar als nous curr\u00edculums la trobareu en llistes desplegables en les diferents pestanyes.<\/li>\n<li>Quan h\u00e0giu acabat, si ho necessiteu, imprimiu tot el \u201c<em>Llibre de treball<\/em>\u201d.<\/li>\n<\/ol>\n<p>&nbsp;<\/p>\n<p><img loading=\"lazy\" decoding=\"async\" class=\"wp-image-14900 alignright\" src=\"https:\/\/serveiseducatius.xtec.cat\/solsones\/wp-content\/uploads\/usu1176\/2024\/01\/SdA_Jaume_Feliu-1024x542.jpg\" sizes=\"auto, (max-width: 573px) 100vw, 573px\" srcset=\"https:\/\/serveiseducatius.xtec.cat\/solsones\/wp-content\/uploads\/usu1176\/2024\/01\/SdA_Jaume_Feliu-1024x542.jpg 1024w, https:\/\/serveiseducatius.xtec.cat\/solsones\/wp-content\/uploads\/usu1176\/2024\/01\/SdA_Jaume_Feliu-300x159.jpg 300w, https:\/\/serveiseducatius.xtec.cat\/solsones\/wp-content\/uploads\/usu1176\/2024\/01\/SdA_Jaume_Feliu-768x407.jpg 768w, https:\/\/serveiseducatius.xtec.cat\/solsones\/wp-content\/uploads\/usu1176\/2024\/01\/SdA_Jaume_Feliu.jpg 1331w\" alt=\"\" width=\"462\" height=\"245\" \/><\/p>\n<p>Finalment, us oferim una altra eina creada per en <strong><a href=\"https:\/\/tecnocentres.org\/sobre-lautor\/\" target=\"_blank\" rel=\"noopener\">Jaume Feliu,<\/a><\/strong> que permet desenvolupar un model de programaci\u00f3 basat en <a href=\"https:\/\/docs.google.com\/spreadsheets\/d\/1Ow8M1ze3xZMYnJJVTiiMv_P0KaChTawldEJyoe26st0\/copy\" target=\"_blank\" rel=\"noopener\"><strong>Situacions d\u2019Aprenentatge per ESO<\/strong><\/a> i un altre basat en <strong><a href=\"https:\/\/docs.google.com\/spreadsheets\/d\/1hK5UFpawKbmdXUkDJyhm-SVAECmjjjgsy50sXs2Chjg\/copy\" target=\"_blank\" rel=\"noopener\">Situacions d&#8217;Aprenentatge per a Prim\u00e0ria<\/a>.<\/strong><\/p>\n","protected":false},"excerpt":{"rendered":"<p>El\u00a0diari curricular\u00a0presentat aquest curs escolar permet saber quins elements del curr\u00edculum es treballen i regular la programaci\u00f3 en funci\u00f3 dels [&hellip;]<\/p>\n","protected":false},"author":9,"featured_media":21711,"comment_status":"closed","ping_status":"closed","sticky":false,"template":"","format":"standard","meta":{"_bbp_topic_count":0,"_bbp_reply_count":0,"_bbp_total_topic_count":0,"_bbp_total_reply_count":0,"_bbp_voice_count":0,"_bbp_anonymous_reply_count":0,"_bbp_topic_count_hidden":0,"_bbp_reply_count_hidden":0,"_bbp_forum_subforum_count":0,"site-sidebar-layout":"default","site-content-layout":"","ast-site-content-layout":"","site-content-style":"default","site-sidebar-style":"default","ast-global-header-display":"","ast-banner-title-visibility":"","ast-main-header-display":"","ast-hfb-above-header-display":"","ast-hfb-below-header-display":"","ast-hfb-mobile-header-display":"","site-post-title":"","ast-breadcrumbs-content":"","ast-featured-img":"","footer-sml-layout":"","theme-transparent-header-meta":"","adv-header-id-meta":"","stick-header-meta":"","header-above-stick-meta":"","header-main-stick-meta":"","header-below-stick-meta":"","astra-migrate-meta-layouts":"default","ast-page-background-enabled":"default","ast-page-background-meta":{"desktop":{"background-color":"var(--ast-global-color-4)","background-image":"","background-repeat":"repeat","background-position":"center center","background-size":"auto","background-attachment":"scroll","background-type":"","background-media":"","overlay-type":"","overlay-color":"","overlay-opacity":"","overlay-gradient":""},"tablet":{"background-color":"","background-image":"","background-repeat":"repeat","background-position":"center center","background-size":"auto","background-attachment":"scroll","background-type":"","background-media":"","overlay-type":"","overlay-color":"","overlay-opacity":"","overlay-gradient":""},"mobile":{"background-color":"","background-image":"","background-repeat":"repeat","background-position":"center center","background-size":"auto","background-attachment":"scroll","background-type":"","background-media":"","overlay-type":"","overlay-color":"","overlay-opacity":"","overlay-gradient":""}},"ast-content-background-meta":{"desktop":{"background-color":"var(--ast-global-color-5)","background-image":"","background-repeat":"repeat","background-position":"center center","background-size":"auto","background-attachment":"scroll","background-type":"","background-media":"","overlay-type":"","overlay-color":"","overlay-opacity":"","overlay-gradient":""},"tablet":{"background-color":"var(--ast-global-color-5)","background-image":"","background-repeat":"repeat","background-position":"center center","background-size":"auto","background-attachment":"scroll","background-type":"","background-media":"","overlay-type":"","overlay-color":"","overlay-opacity":"","overlay-gradient":""},"mobile":{"background-color":"var(--ast-global-color-5)","background-image":"","background-repeat":"repeat","background-position":"center center","background-size":"auto","background-attachment":"scroll","background-type":"","background-media":"","overlay-type":"","overlay-color":"","overlay-opacity":"","overlay-gradient":""}},"footnotes":""},"categories":[1003,29,76,1004],"tags":[462,1876,1712,1914,1906,1803,1742,1913],"class_list":["post-21707","post","type-post","status-publish","format-standard","has-post-thumbnail","hentry","category-innovacio","category-portada","category-recursos","category-xcb","tag-curriculum","tag-diari-curricular","tag-nou-curriculum","tag-sa","tag-sda","tag-situacions-daprenentatge","tag-xarxa-de-competencies","tag-xdc"],"post_mailing_queue_ids":[],"_links":{"self":[{"href":"https:\/\/serveiseducatius.xtec.cat\/badalona\/wp-json\/wp\/v2\/posts\/21707","targetHints":{"allow":["GET"]}}],"collection":[{"href":"https:\/\/serveiseducatius.xtec.cat\/badalona\/wp-json\/wp\/v2\/posts"}],"about":[{"href":"https:\/\/serveiseducatius.xtec.cat\/badalona\/wp-json\/wp\/v2\/types\/post"}],"author":[{"embeddable":true,"href":"https:\/\/serveiseducatius.xtec.cat\/badalona\/wp-json\/wp\/v2\/users\/9"}],"replies":[{"embeddable":true,"href":"https:\/\/serveiseducatius.xtec.cat\/badalona\/wp-json\/wp\/v2\/comments?post=21707"}],"version-history":[{"count":4,"href":"https:\/\/serveiseducatius.xtec.cat\/badalona\/wp-json\/wp\/v2\/posts\/21707\/revisions"}],"predecessor-version":[{"id":21717,"href":"https:\/\/serveiseducatius.xtec.cat\/badalona\/wp-json\/wp\/v2\/posts\/21707\/revisions\/21717"}],"wp:featuredmedia":[{"embeddable":true,"href":"https:\/\/serveiseducatius.xtec.cat\/badalona\/wp-json\/wp\/v2\/media\/21711"}],"wp:attachment":[{"href":"https:\/\/serveiseducatius.xtec.cat\/badalona\/wp-json\/wp\/v2\/media?parent=21707"}],"wp:term":[{"taxonomy":"category","embeddable":true,"href":"https:\/\/serveiseducatius.xtec.cat\/badalona\/wp-json\/wp\/v2\/categories?post=21707"},{"taxonomy":"post_tag","embeddable":true,"href":"https:\/\/serveiseducatius.xtec.cat\/badalona\/wp-json\/wp\/v2\/tags?post=21707"}],"curies":[{"name":"wp","href":"https:\/\/api.w.org\/{rel}","templated":true}]}}