{"id":21334,"date":"2024-02-02T12:50:59","date_gmt":"2024-02-02T11:50:59","guid":{"rendered":"https:\/\/serveiseducatius.xtec.cat\/badalona\/?p=21334"},"modified":"2024-02-02T09:10:45","modified_gmt":"2024-02-02T08:10:45","slug":"acollida-i-acompanyament-de-lalumnat-migrant-i-refugiat-formacio-adrecada-al-professorat-conduida-per-nadia-ghulam","status":"publish","type":"post","link":"https:\/\/serveiseducatius.xtec.cat\/badalona\/portada\/acollida-i-acompanyament-de-lalumnat-migrant-i-refugiat-formacio-adrecada-al-professorat-conduida-per-nadia-ghulam\/","title":{"rendered":"Acollida i acompanyament de l\u2019alumnat migrant i refugiat \u2013 Formaci\u00f3 adre\u00e7ada al professorat condu\u00efda per N\u00e0dia Ghulam"},"content":{"rendered":"<p><img loading=\"lazy\" decoding=\"async\" class=\"size-full wp-image-21335 alignleft\" src=\"https:\/\/serveiseducatius.xtec.cat\/badalona\/wp-content\/uploads\/usu1088\/2024\/02\/Nadia.png\" alt=\"\" width=\"450\" height=\"200\" srcset=\"https:\/\/serveiseducatius.xtec.cat\/badalona\/wp-content\/uploads\/usu1088\/2024\/02\/Nadia.png 450w, https:\/\/serveiseducatius.xtec.cat\/badalona\/wp-content\/uploads\/usu1088\/2024\/02\/Nadia-300x133.png 300w\" sizes=\"auto, (max-width: 450px) 100vw, 450px\" \/>Des del Servei de Suports i Recursos Ling\u00fc\u00edstics, enguany, tornen a oferir una activitat formativa a c\u00e0rrec de la N\u00e0dia Ghulam.<\/p>\n<p>En aquesta ocasi\u00f3 proposen tres sessions en format telem\u00e0tic que impartir\u00e0 la N\u00e0dia Ghulam els pr\u00f2xims dijous<b> 29 de febrer, dimarts 12 de mar\u00e7 i dimarts 2 d\u2019abrils de 17.30 h a 19.30 h<\/b>.\u00a0La inscripci\u00f3 restar\u00e0 oberta fins al<b>\u00a025 de febrer<\/b> <b><a id=\"m_7066409965711603891OWA38a9ce53-7279-10a2-18ca-fbe370773f6a\" href=\"https:\/\/aplicacions.gestioeducativa.gencat.cat\/pls\/soloas\/pk_for_mod_ins.p_for_detall_activitat?p_codi=9001140555&amp;p_curs=2023-2024&amp;p_es_inscr=S\" target=\"_blank\" rel=\"noopener\" data-saferedirecturl=\"https:\/\/www.google.com\/url?q=https:\/\/xtec.gencat.cat\/ca\/formacio\/info-general\/cercador-activitats\/&amp;source=gmail&amp;ust=1706859632130000&amp;usg=AOvVaw3spJzTnGabNWg4I3a_S-Vu\">en aquest enlla\u00e7<\/a><\/b>. L\u2019assist\u00e8ncia i aprofitament del curs certificar\u00e0 15 hores de formaci\u00f3.<\/p>\n<p>L\u2019activitat formativa\u00a0<b>\u201cAcollida i acompanyament de l\u2019alumnat migrant i refugiat\u201d<\/b>\u00a0t\u00e9 com a objectius:<\/p>\n<ul>\n<li style=\"list-style-type: none;\">\n<ul>\n<li>\n<p>Entendre les implicacions del despla\u00e7ament for\u00e7at i els seus impactes en l\u2019educaci\u00f3 i la integraci\u00f3 d\u2019infants i fam\u00edlies en el pa\u00eds receptor.<\/p>\n<\/li>\n<li>\n<p>Analitzar les diverses etapes del proc\u00e9s migratori i de refugi, aix\u00ed com les conseq\u00fc\u00e8ncies per als qui l\u2019experimenten.<\/p>\n<\/li>\n<li>\n<p>Reflexionar sobre el paper del professorat en l\u2019acompanyament emocional dels infants migrants i refugiats.<\/p>\n<\/li>\n<li>\n<p>Proveir estrat\u00e8gies i recursos per facilitar la inclusi\u00f3 i l\u2019acompanyament en entorns educatius dels infants, joves i fam\u00edlies que han viscut la migraci\u00f3 i el refugi.<\/p>\n<\/li>\n<\/ul>\n<\/li>\n<\/ul>\n<p>La formaci\u00f3 es dur\u00e0 a terme a partir de tres sessions en aula virtual de dues hores de durada cadascuna que combinaran l\u2019exposici\u00f3 de continguts relacionats amb el model social pol\u00edtic i econ\u00f2mic, l\u2019educaci\u00f3,\u00a0els motius que empenyen el despla\u00e7ament, el xoc cultural,\u00a0etc., amb din\u00e0miques vivencials i participatives per afavorir la comprensi\u00f3 del fet migratori i l\u2019arribada a un nou pa\u00eds.\u00a0Al llarg de les sessions es compartiran recursos, fonts d\u2019informaci\u00f3 i lectures recomanades que permetin als participants ampliar els coneixements per treballar amb el seu alumnat i el professorat disposar\u00e0 d\u2019un espai per exposar casos i intercanviar experi\u00e8ncies.<\/p>\n<p><b>Sessi\u00f3 1 \u2013 Primera fase de l\u2019acollida: c\u00e0rregues emocionals i processos de dol.<\/b><\/p>\n<ul>\n<li style=\"list-style-type: none;\">\n<ul>\n<li>\n<p>Comprendre les repercussions dels despla\u00e7aments for\u00e7ats i els principals entrebancs que les persones migrades i refugiades es troben en el pa\u00eds d\u2019acollida.<\/p>\n<\/li>\n<li>\n<p>Entendre els processos de dol que travessen aquestes persones.<\/p>\n<\/li>\n<li>\n<p>Compartir estrat\u00e8gies per generar entorns educatius acollidors.<\/p>\n<\/li>\n<\/ul>\n<\/li>\n<\/ul>\n<p><b>\u00a0Sessi\u00f3 2 \u2013 Comprendre l\u2019Islam. Introducci\u00f3 a la diversitat isl\u00e0mica, creences i pr\u00e0ctiques<\/b><\/p>\n<ul>\n<li style=\"list-style-type: none;\">\n<ul>\n<li>\n<p>Proporcionar coneixements b\u00e0sics sobre la religi\u00f3 isl\u00e0mica per fomentar el di\u00e0leg i la comprensi\u00f3 intercultural.<\/p>\n<\/li>\n<li>\n<p>Prevenir la discriminaci\u00f3 cap a la poblaci\u00f3 migrant d\u2019origen \u00e0rab.<\/p>\n<\/li>\n<\/ul>\n<\/li>\n<\/ul>\n<p><b>\u00a0Sessi\u00f3 3: La segona fase de l\u2019acollida: atenci\u00f3 a les necessitats i les pors dels infants refugiats i migrants.<\/b><\/p>\n<ul>\n<li style=\"list-style-type: none;\">\n<ul>\n<li>\n<p>Comprendre la transici\u00f3 de la primera a la segona fase d\u2019acollida. Quins canvis es poden esperar i per qu\u00e8 \u00e9s crucial una atenci\u00f3 continuada.<\/p>\n<\/li>\n<li>\n<p>Com avaluar completament de les necessitats en aquesta fase. Quines s\u00f3n les \u00e0rees clau a considerar (salut, educaci\u00f3, habitatge, suport emocional, etc.).<\/p>\n<\/li>\n<\/ul>\n<\/li>\n<\/ul>\n","protected":false},"excerpt":{"rendered":"<p>Des del Servei de Suports i Recursos Ling\u00fc\u00edstics, enguany, tornen a oferir una activitat formativa a c\u00e0rrec de la N\u00e0dia [&hellip;]<\/p>\n","protected":false},"author":1,"featured_media":21335,"comment_status":"closed","ping_status":"closed","sticky":false,"template":"","format":"standard","meta":{"_bbp_topic_count":0,"_bbp_reply_count":0,"_bbp_total_topic_count":0,"_bbp_total_reply_count":0,"_bbp_voice_count":0,"_bbp_anonymous_reply_count":0,"_bbp_topic_count_hidden":0,"_bbp_reply_count_hidden":0,"_bbp_forum_subforum_count":0,"site-sidebar-layout":"default","site-content-layout":"","ast-site-content-layout":"","site-content-style":"default","site-sidebar-style":"default","ast-global-header-display":"","ast-banner-title-visibility":"","ast-main-header-display":"","ast-hfb-above-header-display":"","ast-hfb-below-header-display":"","ast-hfb-mobile-header-display":"","site-post-title":"","ast-breadcrumbs-content":"","ast-featured-img":"","footer-sml-layout":"","theme-transparent-header-meta":"","adv-header-id-meta":"","stick-header-meta":"","header-above-stick-meta":"","header-main-stick-meta":"","header-below-stick-meta":"","astra-migrate-meta-layouts":"default","ast-page-background-enabled":"default","ast-page-background-meta":{"desktop":{"background-color":"var(--ast-global-color-4)","background-image":"","background-repeat":"repeat","background-position":"center center","background-size":"auto","background-attachment":"scroll","background-type":"","background-media":"","overlay-type":"","overlay-color":"","overlay-opacity":"","overlay-gradient":""},"tablet":{"background-color":"","background-image":"","background-repeat":"repeat","background-position":"center center","background-size":"auto","background-attachment":"scroll","background-type":"","background-media":"","overlay-type":"","overlay-color":"","overlay-opacity":"","overlay-gradient":""},"mobile":{"background-color":"","background-image":"","background-repeat":"repeat","background-position":"center center","background-size":"auto","background-attachment":"scroll","background-type":"","background-media":"","overlay-type":"","overlay-color":"","overlay-opacity":"","overlay-gradient":""}},"ast-content-background-meta":{"desktop":{"background-color":"var(--ast-global-color-5)","background-image":"","background-repeat":"repeat","background-position":"center center","background-size":"auto","background-attachment":"scroll","background-type":"","background-media":"","overlay-type":"","overlay-color":"","overlay-opacity":"","overlay-gradient":""},"tablet":{"background-color":"var(--ast-global-color-5)","background-image":"","background-repeat":"repeat","background-position":"center center","background-size":"auto","background-attachment":"scroll","background-type":"","background-media":"","overlay-type":"","overlay-color":"","overlay-opacity":"","overlay-gradient":""},"mobile":{"background-color":"var(--ast-global-color-5)","background-image":"","background-repeat":"repeat","background-position":"center center","background-size":"auto","background-attachment":"scroll","background-type":"","background-media":"","overlay-type":"","overlay-color":"","overlay-opacity":"","overlay-gradient":""}},"footnotes":""},"categories":[68,165,29],"tags":[1878,166,710,508],"class_list":["post-21334","post","type-post","status-publish","format-standard","has-post-thumbnail","hentry","category-elic","category-formacio","category-portada","tag-dol-migratori","tag-formacio","tag-immigracio","tag-refugiats"],"post_mailing_queue_ids":[],"_links":{"self":[{"href":"https:\/\/serveiseducatius.xtec.cat\/badalona\/wp-json\/wp\/v2\/posts\/21334","targetHints":{"allow":["GET"]}}],"collection":[{"href":"https:\/\/serveiseducatius.xtec.cat\/badalona\/wp-json\/wp\/v2\/posts"}],"about":[{"href":"https:\/\/serveiseducatius.xtec.cat\/badalona\/wp-json\/wp\/v2\/types\/post"}],"author":[{"embeddable":true,"href":"https:\/\/serveiseducatius.xtec.cat\/badalona\/wp-json\/wp\/v2\/users\/1"}],"replies":[{"embeddable":true,"href":"https:\/\/serveiseducatius.xtec.cat\/badalona\/wp-json\/wp\/v2\/comments?post=21334"}],"version-history":[{"count":1,"href":"https:\/\/serveiseducatius.xtec.cat\/badalona\/wp-json\/wp\/v2\/posts\/21334\/revisions"}],"predecessor-version":[{"id":21336,"href":"https:\/\/serveiseducatius.xtec.cat\/badalona\/wp-json\/wp\/v2\/posts\/21334\/revisions\/21336"}],"wp:featuredmedia":[{"embeddable":true,"href":"https:\/\/serveiseducatius.xtec.cat\/badalona\/wp-json\/wp\/v2\/media\/21335"}],"wp:attachment":[{"href":"https:\/\/serveiseducatius.xtec.cat\/badalona\/wp-json\/wp\/v2\/media?parent=21334"}],"wp:term":[{"taxonomy":"category","embeddable":true,"href":"https:\/\/serveiseducatius.xtec.cat\/badalona\/wp-json\/wp\/v2\/categories?post=21334"},{"taxonomy":"post_tag","embeddable":true,"href":"https:\/\/serveiseducatius.xtec.cat\/badalona\/wp-json\/wp\/v2\/tags?post=21334"}],"curies":[{"name":"wp","href":"https:\/\/api.w.org\/{rel}","templated":true}]}}