{"id":21331,"date":"2024-02-02T10:43:06","date_gmt":"2024-02-02T09:43:06","guid":{"rendered":"https:\/\/serveiseducatius.xtec.cat\/badalona\/?p=21331"},"modified":"2024-02-01T08:48:15","modified_gmt":"2024-02-01T07:48:15","slug":"convocats-els-premis-secundaria-i-batxillerat-europa-jove-i-que-es-per-a-tu-europa","status":"publish","type":"post","link":"https:\/\/serveiseducatius.xtec.cat\/badalona\/portada\/convocats-els-premis-secundaria-i-batxillerat-europa-jove-i-que-es-per-a-tu-europa\/","title":{"rendered":"Convocats els premis Secund\u00e0ria i Batxillerat: &#8220;Europa Jove&#8221; i &#8220;Qu\u00e8 \u00e9s per a tu Europa?&#8221;"},"content":{"rendered":"<p><img loading=\"lazy\" decoding=\"async\" class=\"size-full wp-image-21332 alignleft\" src=\"https:\/\/serveiseducatius.xtec.cat\/badalona\/wp-content\/uploads\/usu1088\/2024\/02\/logoFCEq.jpg\" alt=\"\" width=\"200\" height=\"178\" \/>Per si \u00e9s del vostre inter\u00e8s us fem saber les bases dels dos premis europeus dirigits a centres de secund\u00e0ria i batxillerat.<\/p>\n<ul>\n<li><strong><a href=\"https:\/\/www.catalunyaeuropa.cat\/ca\/activitats\/310\/convocat-el-premi-europa-jove-2024-per-a-treballs-de-recerca-de-batxillerat.html\" data-saferedirecturl=\"https:\/\/www.google.com\/url?q=https:\/\/www.catalunyaeuropa.cat\/ca\/activitats\/310\/convocat-el-premi-europa-jove-2024-per-a-treballs-de-recerca-de-batxillerat.html&amp;source=gmail&amp;ust=1706790769515000&amp;usg=AOvVaw3oJ7-4nIoMInt5Skch7mfK\">3a edici\u00f3 del Premi \u201cEuropa Jove\u201d<\/a><\/strong>\u00a0que reconeix\u00a0<strong>treballs de recerca<\/strong>\u00a0de batxillerat de tem\u00e0tica europea. Data l\u00edmit per presentar treballs <strong>fins al 8 d\u2019abril del 2024<\/strong>\u00a0a trav\u00e9s del\u00a0<a href=\"https:\/\/ec.europa.eu\/eusurvey\/runner\/PremiEuropaJove?showecas=true\" data-saferedirecturl=\"https:\/\/www.google.com\/url?q=https:\/\/ec.europa.eu\/eusurvey\/runner\/PremiEuropaJove?showecas%3Dtrue&amp;source=gmail&amp;ust=1706790769515000&amp;usg=AOvVaw2rAqNF_fK8kEoWspTMcQFu\">FORMULARI DE SOL\u00b7LICITUD<\/a>.<\/li>\n<li><strong><a href=\"https:\/\/www.catalunyaeuropa.cat\/ca\/activitats\/327\/convocada-la-4a-edici%C3%B3-del-premi-qu%C3%A8-%C3%A9s-per-a-tu-europa-2024.html\" data-saferedirecturl=\"https:\/\/www.google.com\/url?q=https:\/\/www.catalunyaeuropa.cat\/ca\/activitats\/327\/convocada-la-4a-edici%25C3%25B3-del-premi-qu%25C3%25A8-%25C3%25A9s-per-a-tu-europa-2024.html&amp;source=gmail&amp;ust=1706790769515000&amp;usg=AOvVaw17fmsgSoZ45a92kIWhGMmr\">4a edici\u00f3 del Premi \u201cQu\u00e8 \u00e9s per a tu Europa?\u201d<\/a><\/strong>\u00a0dirigit a segon cicle de secund\u00e0ria, batxillerat i FP que a trav\u00e9s de la\u00a0<strong>fotografia, v\u00eddeo o altres formats art\u00edstics<\/strong>\u00a0han d\u2019expressar la seva idea d\u2019Europa. Data l\u00edmit per presentar creacions <strong>fins al 8 d\u2019abril del 2024<\/strong>\u00a0a trav\u00e9s del\u00a0<a href=\"https:\/\/forms.gle\/PUrMrrQBeRiX8pqX7\" data-saferedirecturl=\"https:\/\/www.google.com\/url?q=https:\/\/forms.gle\/PUrMrrQBeRiX8pqX7&amp;source=gmail&amp;ust=1706790769515000&amp;usg=AOvVaw0lf9hg7mFfoE0CtIKesxBD\">FORMULARI DE SOL\u00b7LICITUD<\/a>.<\/li>\n<\/ul>\n<p>A m\u00e9s dels webs enlla\u00e7ats, si teniu qualsevol dubte ens podeu contactar a trav\u00e9s de: info@catalunyaeuropa.net<\/p>\n<h3 class=\"iw\"><span class=\"qu\" tabindex=\"-1\" role=\"gridcell\" translate=\"no\"><span class=\"go\">\u00a0<\/span><\/span><\/h3>\n","protected":false},"excerpt":{"rendered":"<p>Per si \u00e9s del vostre inter\u00e8s us fem saber les bases dels dos premis europeus dirigits a centres de secund\u00e0ria [&hellip;]<\/p>\n","protected":false},"author":1,"featured_media":21332,"comment_status":"closed","ping_status":"closed","sticky":false,"template":"","format":"standard","meta":{"_bbp_topic_count":0,"_bbp_reply_count":0,"_bbp_total_topic_count":0,"_bbp_total_reply_count":0,"_bbp_voice_count":0,"_bbp_anonymous_reply_count":0,"_bbp_topic_count_hidden":0,"_bbp_reply_count_hidden":0,"_bbp_forum_subforum_count":0,"site-sidebar-layout":"default","site-content-layout":"","ast-site-content-layout":"","site-content-style":"default","site-sidebar-style":"default","ast-global-header-display":"","ast-banner-title-visibility":"","ast-main-header-display":"","ast-hfb-above-header-display":"","ast-hfb-below-header-display":"","ast-hfb-mobile-header-display":"","site-post-title":"","ast-breadcrumbs-content":"","ast-featured-img":"","footer-sml-layout":"","theme-transparent-header-meta":"","adv-header-id-meta":"","stick-header-meta":"","header-above-stick-meta":"","header-main-stick-meta":"","header-below-stick-meta":"","astra-migrate-meta-layouts":"default","ast-page-background-enabled":"default","ast-page-background-meta":{"desktop":{"background-color":"var(--ast-global-color-4)","background-image":"","background-repeat":"repeat","background-position":"center center","background-size":"auto","background-attachment":"scroll","background-type":"","background-media":"","overlay-type":"","overlay-color":"","overlay-opacity":"","overlay-gradient":""},"tablet":{"background-color":"","background-image":"","background-repeat":"repeat","background-position":"center center","background-size":"auto","background-attachment":"scroll","background-type":"","background-media":"","overlay-type":"","overlay-color":"","overlay-opacity":"","overlay-gradient":""},"mobile":{"background-color":"","background-image":"","background-repeat":"repeat","background-position":"center center","background-size":"auto","background-attachment":"scroll","background-type":"","background-media":"","overlay-type":"","overlay-color":"","overlay-opacity":"","overlay-gradient":""}},"ast-content-background-meta":{"desktop":{"background-color":"var(--ast-global-color-5)","background-image":"","background-repeat":"repeat","background-position":"center center","background-size":"auto","background-attachment":"scroll","background-type":"","background-media":"","overlay-type":"","overlay-color":"","overlay-opacity":"","overlay-gradient":""},"tablet":{"background-color":"var(--ast-global-color-5)","background-image":"","background-repeat":"repeat","background-position":"center center","background-size":"auto","background-attachment":"scroll","background-type":"","background-media":"","overlay-type":"","overlay-color":"","overlay-opacity":"","overlay-gradient":""},"mobile":{"background-color":"var(--ast-global-color-5)","background-image":"","background-repeat":"repeat","background-position":"center center","background-size":"auto","background-attachment":"scroll","background-type":"","background-media":"","overlay-type":"","overlay-color":"","overlay-opacity":"","overlay-gradient":""}},"footnotes":""},"categories":[66,299,29],"tags":[505,1047],"class_list":["post-21331","post","type-post","status-publish","format-standard","has-post-thumbnail","hentry","category-dinamitzacio","category-jornades-cientifiques","category-portada","tag-premis","tag-treballs-de-recerca"],"post_mailing_queue_ids":[],"_links":{"self":[{"href":"https:\/\/serveiseducatius.xtec.cat\/badalona\/wp-json\/wp\/v2\/posts\/21331","targetHints":{"allow":["GET"]}}],"collection":[{"href":"https:\/\/serveiseducatius.xtec.cat\/badalona\/wp-json\/wp\/v2\/posts"}],"about":[{"href":"https:\/\/serveiseducatius.xtec.cat\/badalona\/wp-json\/wp\/v2\/types\/post"}],"author":[{"embeddable":true,"href":"https:\/\/serveiseducatius.xtec.cat\/badalona\/wp-json\/wp\/v2\/users\/1"}],"replies":[{"embeddable":true,"href":"https:\/\/serveiseducatius.xtec.cat\/badalona\/wp-json\/wp\/v2\/comments?post=21331"}],"version-history":[{"count":1,"href":"https:\/\/serveiseducatius.xtec.cat\/badalona\/wp-json\/wp\/v2\/posts\/21331\/revisions"}],"predecessor-version":[{"id":21333,"href":"https:\/\/serveiseducatius.xtec.cat\/badalona\/wp-json\/wp\/v2\/posts\/21331\/revisions\/21333"}],"wp:featuredmedia":[{"embeddable":true,"href":"https:\/\/serveiseducatius.xtec.cat\/badalona\/wp-json\/wp\/v2\/media\/21332"}],"wp:attachment":[{"href":"https:\/\/serveiseducatius.xtec.cat\/badalona\/wp-json\/wp\/v2\/media?parent=21331"}],"wp:term":[{"taxonomy":"category","embeddable":true,"href":"https:\/\/serveiseducatius.xtec.cat\/badalona\/wp-json\/wp\/v2\/categories?post=21331"},{"taxonomy":"post_tag","embeddable":true,"href":"https:\/\/serveiseducatius.xtec.cat\/badalona\/wp-json\/wp\/v2\/tags?post=21331"}],"curies":[{"name":"wp","href":"https:\/\/api.w.org\/{rel}","templated":true}]}}