{"id":21233,"date":"2024-01-22T10:45:31","date_gmt":"2024-01-22T09:45:31","guid":{"rendered":"https:\/\/serveiseducatius.xtec.cat\/badalona\/?p=21233"},"modified":"2024-04-06T19:20:20","modified_gmt":"2024-04-06T17:20:20","slug":"curs-deducacio-per-a-la-mobilitat-segura-formacio-per-al-professorat-segona-edicio-2023-2024","status":"publish","type":"post","link":"https:\/\/serveiseducatius.xtec.cat\/badalona\/oferta-daltres-institucions\/curs-deducacio-per-a-la-mobilitat-segura-formacio-per-al-professorat-segona-edicio-2023-2024\/","title":{"rendered":"Curs d\u2019educaci\u00f3 per a la mobilitat segura, formaci\u00f3 per al professorat. Segona edici\u00f3 2023-2024"},"content":{"rendered":"<p><img loading=\"lazy\" decoding=\"async\" class=\"size-full wp-image-21234 alignleft\" src=\"https:\/\/serveiseducatius.xtec.cat\/badalona\/wp-content\/uploads\/usu1088\/2024\/01\/Captura-9.png\" alt=\"\" width=\"377\" height=\"287\" srcset=\"https:\/\/serveiseducatius.xtec.cat\/badalona\/wp-content\/uploads\/usu1088\/2024\/01\/Captura-9.png 377w, https:\/\/serveiseducatius.xtec.cat\/badalona\/wp-content\/uploads\/usu1088\/2024\/01\/Captura-9-300x228.png 300w\" sizes=\"auto, (max-width: 377px) 100vw, 377px\" \/><\/p>\n<p style=\"font-weight: 400;\">El <strong>Servei Catal\u00e0 de Tr\u00e0nsit<\/strong> ha publicat que ja est\u00e0 oberta la inscripci\u00f3 a la nova edici\u00f3 del <strong><a href=\"https:\/\/edums.gencat.cat\/ca\/activitats\/noticies\/detalls\/noticia\/curs-mobilitat-segura-2023-2024-00001\" target=\"_blank\" rel=\"noopener\"><em>Curs d\u2019educaci\u00f3 per a la mobilitat segura per al professorat<\/em><\/a><\/strong>. El curs comen\u00e7ar\u00e0 a la plataforma ODISSEA del Departament d\u2019Educaci\u00f3 el 5 de febrer i finalitzar\u00e0 el 31 de maig de 2024. El format \u00e9s en l\u00ednia, as\u00edncron. 30h certificables.<\/p>\n<p style=\"font-weight: 400;\">El termini d\u2019inscripcions acaba el dilluns, 5 de febrer de 2024.<\/p>\n<p><a href=\"https:\/\/aplicacions.gestioeducativa.gencat.cat\/pls\/soloas\/pk_for_mod_ins.p_for_detall_activitat?p_header=Llista%20d%27activitats^pk_for_mod_ins.p_for_cons_activitats?p_tipus_act=EMSI%26p_totes=S%26p_inici=1%26p_excloure_crp_rec=F&amp;p_codi=9002820557&amp;p_curs=2023-2024&amp;p_excloure_crp_rec=F\" target=\"_blank\" rel=\"noopener\">Inscripcions<\/a><\/p>\n","protected":false},"excerpt":{"rendered":"<p>El Servei Catal\u00e0 de Tr\u00e0nsit ha publicat que ja est\u00e0 oberta la inscripci\u00f3 a la nova edici\u00f3 del Curs d\u2019educaci\u00f3 [&hellip;]<\/p>\n","protected":false},"author":15,"featured_media":21234,"comment_status":"closed","ping_status":"closed","sticky":false,"template":"","format":"standard","meta":{"_bbp_topic_count":0,"_bbp_reply_count":0,"_bbp_total_topic_count":0,"_bbp_total_reply_count":0,"_bbp_voice_count":0,"_bbp_anonymous_reply_count":0,"_bbp_topic_count_hidden":0,"_bbp_reply_count_hidden":0,"_bbp_forum_subforum_count":0,"site-sidebar-layout":"default","site-content-layout":"","ast-site-content-layout":"","site-content-style":"default","site-sidebar-style":"default","ast-global-header-display":"","ast-banner-title-visibility":"","ast-main-header-display":"","ast-hfb-above-header-display":"","ast-hfb-below-header-display":"","ast-hfb-mobile-header-display":"","site-post-title":"","ast-breadcrumbs-content":"","ast-featured-img":"","footer-sml-layout":"","theme-transparent-header-meta":"","adv-header-id-meta":"","stick-header-meta":"","header-above-stick-meta":"","header-main-stick-meta":"","header-below-stick-meta":"","astra-migrate-meta-layouts":"default","ast-page-background-enabled":"default","ast-page-background-meta":{"desktop":{"background-color":"var(--ast-global-color-4)","background-image":"","background-repeat":"repeat","background-position":"center center","background-size":"auto","background-attachment":"scroll","background-type":"","background-media":"","overlay-type":"","overlay-color":"","overlay-opacity":"","overlay-gradient":""},"tablet":{"background-color":"","background-image":"","background-repeat":"repeat","background-position":"center center","background-size":"auto","background-attachment":"scroll","background-type":"","background-media":"","overlay-type":"","overlay-color":"","overlay-opacity":"","overlay-gradient":""},"mobile":{"background-color":"","background-image":"","background-repeat":"repeat","background-position":"center center","background-size":"auto","background-attachment":"scroll","background-type":"","background-media":"","overlay-type":"","overlay-color":"","overlay-opacity":"","overlay-gradient":""}},"ast-content-background-meta":{"desktop":{"background-color":"var(--ast-global-color-5)","background-image":"","background-repeat":"repeat","background-position":"center center","background-size":"auto","background-attachment":"scroll","background-type":"","background-media":"","overlay-type":"","overlay-color":"","overlay-opacity":"","overlay-gradient":""},"tablet":{"background-color":"var(--ast-global-color-5)","background-image":"","background-repeat":"repeat","background-position":"center center","background-size":"auto","background-attachment":"scroll","background-type":"","background-media":"","overlay-type":"","overlay-color":"","overlay-opacity":"","overlay-gradient":""},"mobile":{"background-color":"var(--ast-global-color-5)","background-image":"","background-repeat":"repeat","background-position":"center center","background-size":"auto","background-attachment":"scroll","background-type":"","background-media":"","overlay-type":"","overlay-color":"","overlay-opacity":"","overlay-gradient":""}},"footnotes":""},"categories":[1540],"tags":[1058],"class_list":["post-21233","post","type-post","status-publish","format-standard","has-post-thumbnail","hentry","category-oferta-daltres-institucions","tag-servei-catala-de-transit"],"post_mailing_queue_ids":[],"_links":{"self":[{"href":"https:\/\/serveiseducatius.xtec.cat\/badalona\/wp-json\/wp\/v2\/posts\/21233","targetHints":{"allow":["GET"]}}],"collection":[{"href":"https:\/\/serveiseducatius.xtec.cat\/badalona\/wp-json\/wp\/v2\/posts"}],"about":[{"href":"https:\/\/serveiseducatius.xtec.cat\/badalona\/wp-json\/wp\/v2\/types\/post"}],"author":[{"embeddable":true,"href":"https:\/\/serveiseducatius.xtec.cat\/badalona\/wp-json\/wp\/v2\/users\/15"}],"replies":[{"embeddable":true,"href":"https:\/\/serveiseducatius.xtec.cat\/badalona\/wp-json\/wp\/v2\/comments?post=21233"}],"version-history":[{"count":2,"href":"https:\/\/serveiseducatius.xtec.cat\/badalona\/wp-json\/wp\/v2\/posts\/21233\/revisions"}],"predecessor-version":[{"id":21236,"href":"https:\/\/serveiseducatius.xtec.cat\/badalona\/wp-json\/wp\/v2\/posts\/21233\/revisions\/21236"}],"wp:featuredmedia":[{"embeddable":true,"href":"https:\/\/serveiseducatius.xtec.cat\/badalona\/wp-json\/wp\/v2\/media\/21234"}],"wp:attachment":[{"href":"https:\/\/serveiseducatius.xtec.cat\/badalona\/wp-json\/wp\/v2\/media?parent=21233"}],"wp:term":[{"taxonomy":"category","embeddable":true,"href":"https:\/\/serveiseducatius.xtec.cat\/badalona\/wp-json\/wp\/v2\/categories?post=21233"},{"taxonomy":"post_tag","embeddable":true,"href":"https:\/\/serveiseducatius.xtec.cat\/badalona\/wp-json\/wp\/v2\/tags?post=21233"}],"curies":[{"name":"wp","href":"https:\/\/api.w.org\/{rel}","templated":true}]}}