{"id":21194,"date":"2024-01-16T15:27:54","date_gmt":"2024-01-16T14:27:54","guid":{"rendered":"https:\/\/serveiseducatius.xtec.cat\/badalona\/?p=21194"},"modified":"2024-01-16T11:31:47","modified_gmt":"2024-01-16T10:31:47","slug":"la-diferencia-videocontes-i-recursos-didactics-per-a-una-educacio-inclusiva-amb-perspectiva-de-genere-i-lgbtiq","status":"publish","type":"post","link":"https:\/\/serveiseducatius.xtec.cat\/badalona\/portada\/la-diferencia-videocontes-i-recursos-didactics-per-a-una-educacio-inclusiva-amb-perspectiva-de-genere-i-lgbtiq\/","title":{"rendered":"\u201cLa Difer\u00e8ncia\u201d Videocontes i recursos did\u00e0ctics per a una educaci\u00f3 inclusiva amb perspectiva de g\u00e8nere i LGBTIQ+"},"content":{"rendered":"<p><img loading=\"lazy\" decoding=\"async\" class=\"size-full wp-image-21195 alignleft\" src=\"https:\/\/serveiseducatius.xtec.cat\/badalona\/wp-content\/uploads\/usu1088\/2024\/01\/Captura-4.png\" alt=\"\" width=\"378\" height=\"244\" srcset=\"https:\/\/serveiseducatius.xtec.cat\/badalona\/wp-content\/uploads\/usu1088\/2024\/01\/Captura-4.png 378w, https:\/\/serveiseducatius.xtec.cat\/badalona\/wp-content\/uploads\/usu1088\/2024\/01\/Captura-4-300x194.png 300w\" sizes=\"auto, (max-width: 378px) 100vw, 378px\" \/><a href=\"https:\/\/ladiferencia.cat\/\" target=\"_blank\" rel=\"noopener\">LA DIFER\u00c8NCIA.CAT<\/a> Ofereix models positius de persones lesbianes, gais, bisexuals, trans*, no bin\u00e0ries, intersexuals i queer (LGBTIQ+) A l\u2019aprenentatge formal. A trav\u00e9s de<strong> videocontes creats per a diferents franges d\u2019edat<\/strong>, s\u2019introdueixen temes com l\u2019expressi\u00f3 de g\u00e8nere, la diversitat de corporalitats, l\u2019assetjament per LGTB-f\u00f2bia entre d\u2019altres. Cada videoconte va acompanyat de <strong>propostes did\u00e0ctiques<\/strong> descarregables per incorporar la diversitat sexoafectiva a la programaci\u00f3 d\u2019aula. \u00c9s per aix\u00f2 que aquests materials did\u00e0ctics segueixen les directrius dels nous decrets (Decret 21\/2023 i Decret 175\/2022) per complir amb el vector de g\u00e8nere del marc normatiu.<\/p>\n","protected":false},"excerpt":{"rendered":"<p>LA DIFER\u00c8NCIA.CAT Ofereix models positius de persones lesbianes, gais, bisexuals, trans*, no bin\u00e0ries, intersexuals i queer (LGBTIQ+) A l\u2019aprenentatge formal. [&hellip;]<\/p>\n","protected":false},"author":15,"featured_media":21195,"comment_status":"closed","ping_status":"closed","sticky":false,"template":"","format":"standard","meta":{"_bbp_topic_count":0,"_bbp_reply_count":0,"_bbp_total_topic_count":0,"_bbp_total_reply_count":0,"_bbp_voice_count":0,"_bbp_anonymous_reply_count":0,"_bbp_topic_count_hidden":0,"_bbp_reply_count_hidden":0,"_bbp_forum_subforum_count":0,"site-sidebar-layout":"default","site-content-layout":"","ast-site-content-layout":"","site-content-style":"default","site-sidebar-style":"default","ast-global-header-display":"","ast-banner-title-visibility":"","ast-main-header-display":"","ast-hfb-above-header-display":"","ast-hfb-below-header-display":"","ast-hfb-mobile-header-display":"","site-post-title":"","ast-breadcrumbs-content":"","ast-featured-img":"","footer-sml-layout":"","theme-transparent-header-meta":"","adv-header-id-meta":"","stick-header-meta":"","header-above-stick-meta":"","header-main-stick-meta":"","header-below-stick-meta":"","astra-migrate-meta-layouts":"default","ast-page-background-enabled":"default","ast-page-background-meta":{"desktop":{"background-color":"var(--ast-global-color-4)","background-image":"","background-repeat":"repeat","background-position":"center center","background-size":"auto","background-attachment":"scroll","background-type":"","background-media":"","overlay-type":"","overlay-color":"","overlay-opacity":"","overlay-gradient":""},"tablet":{"background-color":"","background-image":"","background-repeat":"repeat","background-position":"center center","background-size":"auto","background-attachment":"scroll","background-type":"","background-media":"","overlay-type":"","overlay-color":"","overlay-opacity":"","overlay-gradient":""},"mobile":{"background-color":"","background-image":"","background-repeat":"repeat","background-position":"center center","background-size":"auto","background-attachment":"scroll","background-type":"","background-media":"","overlay-type":"","overlay-color":"","overlay-opacity":"","overlay-gradient":""}},"ast-content-background-meta":{"desktop":{"background-color":"var(--ast-global-color-5)","background-image":"","background-repeat":"repeat","background-position":"center center","background-size":"auto","background-attachment":"scroll","background-type":"","background-media":"","overlay-type":"","overlay-color":"","overlay-opacity":"","overlay-gradient":""},"tablet":{"background-color":"var(--ast-global-color-5)","background-image":"","background-repeat":"repeat","background-position":"center center","background-size":"auto","background-attachment":"scroll","background-type":"","background-media":"","overlay-type":"","overlay-color":"","overlay-opacity":"","overlay-gradient":""},"mobile":{"background-color":"var(--ast-global-color-5)","background-image":"","background-repeat":"repeat","background-position":"center center","background-size":"auto","background-attachment":"scroll","background-type":"","background-media":"","overlay-type":"","overlay-color":"","overlay-opacity":"","overlay-gradient":""}},"footnotes":""},"categories":[1450,29,76],"tags":[645],"class_list":["post-21194","post","type-post","status-publish","format-standard","has-post-thumbnail","hentry","category-coeducacio-perspectiva-de-genere-i-educacio-afectiva-sexual","category-portada","category-recursos","tag-coeducacio"],"post_mailing_queue_ids":[],"_links":{"self":[{"href":"https:\/\/serveiseducatius.xtec.cat\/badalona\/wp-json\/wp\/v2\/posts\/21194","targetHints":{"allow":["GET"]}}],"collection":[{"href":"https:\/\/serveiseducatius.xtec.cat\/badalona\/wp-json\/wp\/v2\/posts"}],"about":[{"href":"https:\/\/serveiseducatius.xtec.cat\/badalona\/wp-json\/wp\/v2\/types\/post"}],"author":[{"embeddable":true,"href":"https:\/\/serveiseducatius.xtec.cat\/badalona\/wp-json\/wp\/v2\/users\/15"}],"replies":[{"embeddable":true,"href":"https:\/\/serveiseducatius.xtec.cat\/badalona\/wp-json\/wp\/v2\/comments?post=21194"}],"version-history":[{"count":1,"href":"https:\/\/serveiseducatius.xtec.cat\/badalona\/wp-json\/wp\/v2\/posts\/21194\/revisions"}],"predecessor-version":[{"id":21196,"href":"https:\/\/serveiseducatius.xtec.cat\/badalona\/wp-json\/wp\/v2\/posts\/21194\/revisions\/21196"}],"wp:featuredmedia":[{"embeddable":true,"href":"https:\/\/serveiseducatius.xtec.cat\/badalona\/wp-json\/wp\/v2\/media\/21195"}],"wp:attachment":[{"href":"https:\/\/serveiseducatius.xtec.cat\/badalona\/wp-json\/wp\/v2\/media?parent=21194"}],"wp:term":[{"taxonomy":"category","embeddable":true,"href":"https:\/\/serveiseducatius.xtec.cat\/badalona\/wp-json\/wp\/v2\/categories?post=21194"},{"taxonomy":"post_tag","embeddable":true,"href":"https:\/\/serveiseducatius.xtec.cat\/badalona\/wp-json\/wp\/v2\/tags?post=21194"}],"curies":[{"name":"wp","href":"https:\/\/api.w.org\/{rel}","templated":true}]}}