{"id":21141,"date":"2024-01-09T09:00:19","date_gmt":"2024-01-09T08:00:19","guid":{"rendered":"https:\/\/serveiseducatius.xtec.cat\/badalona\/?p=21141"},"modified":"2024-01-09T09:00:19","modified_gmt":"2024-01-09T08:00:19","slug":"jornada-salut-jove-de-les-dades-al-relat-i-a-laccio","status":"publish","type":"post","link":"https:\/\/serveiseducatius.xtec.cat\/badalona\/portada\/jornada-salut-jove-de-les-dades-al-relat-i-a-laccio\/","title":{"rendered":"JORNADA SALUT JOVE: DE LES DADES, AL RELAT I A L\u2019ACCI\u00d3"},"content":{"rendered":"<p><img loading=\"lazy\" decoding=\"async\" class=\"wp-image-21142 alignnone\" src=\"https:\/\/serveiseducatius.xtec.cat\/badalona\/wp-content\/uploads\/usu1088\/2024\/01\/Captura.png\" alt=\"\" width=\"390\" height=\"554\" srcset=\"https:\/\/serveiseducatius.xtec.cat\/badalona\/wp-content\/uploads\/usu1088\/2024\/01\/Captura.png 588w, https:\/\/serveiseducatius.xtec.cat\/badalona\/wp-content\/uploads\/usu1088\/2024\/01\/Captura-211x300.png 211w\" sizes=\"auto, (max-width: 390px) 100vw, 390px\" \/><\/p>\n<div>\n<p>Des del Servei de Salut de l&#8217;Ajuntament de Badalona, us convidem a participar a la jornada: <a href=\"https:\/\/www.badalona.cat\/ca\/serveis-ajuntament\/sanitat-i-salut\/agenda\/jornada-salut-jove-de-les-dades-al-relat-i-a-laccio-1\" target=\"_blank\" rel=\"noopener\"><b>&#8220;Salut jove: de les dades al relat i a l&#8217;acci\u00f3&#8221;<\/b><\/a>\u00a0que organitzem des del Servei de Salut, en el marc de la presentaci\u00f3, i an\u00e0lisi dels resultats de les enquestes dels h\u00e0bits de salut dels alumnes de 4rt ESO, realitzada per la Diputaci\u00f3 de Barcelona durant el primer semestre del 2023.<\/p>\n<p>La jornada tindr\u00e0 lloc el dia\u00a0<b>19 de Gener, de 9.15 a 13.45h, a l&#8217;Espai Bet\u00falia<\/b>.<\/p>\n<p>El termini per enviar complimentat el\u00a0<b><a id=\"m_1375856663487297694OWAdac413f0-7879-34c7-c26c-edd54c001695\" title=\"https:\/\/forms.gle\/YXGQiSNXDoXtzRP28\" href=\"https:\/\/forms.gle\/YXGQiSNXDoXtzRP28\" target=\"_blank\" rel=\"noopener\" data-saferedirecturl=\"https:\/\/www.google.com\/url?q=https:\/\/forms.gle\/YXGQiSNXDoXtzRP28&amp;source=gmail&amp;ust=1704870790534000&amp;usg=AOvVaw1I2JLf9p2UckeuS3jEzQ8P\">formulari d&#8217;inscripci\u00f3<\/a><\/b>\u00a0<b>finalitza el\u00a0<u>12 de gener<\/u><\/b>.<\/p>\n<p><span style=\"font-family: inherit; font-size: 1em;\">Esperem que aquesta proposta us sembli interessant, que us animeu a participar a la Jornada i que feu difusi\u00f3 d&#8217;aquesta entre les persones de la vostra xarxa de contactes que penseu que podrien estar interessades.<\/span><\/p>\n<\/div>\n","protected":false},"excerpt":{"rendered":"<p>Des del Servei de Salut de l&#8217;Ajuntament de Badalona, us convidem a participar a la jornada: &#8220;Salut jove: de les [&hellip;]<\/p>\n","protected":false},"author":15,"featured_media":21142,"comment_status":"closed","ping_status":"closed","sticky":false,"template":"","format":"standard","meta":{"_bbp_topic_count":0,"_bbp_reply_count":0,"_bbp_total_topic_count":0,"_bbp_total_reply_count":0,"_bbp_voice_count":0,"_bbp_anonymous_reply_count":0,"_bbp_topic_count_hidden":0,"_bbp_reply_count_hidden":0,"_bbp_forum_subforum_count":0,"site-sidebar-layout":"default","site-content-layout":"","ast-site-content-layout":"","site-content-style":"default","site-sidebar-style":"default","ast-global-header-display":"","ast-banner-title-visibility":"","ast-main-header-display":"","ast-hfb-above-header-display":"","ast-hfb-below-header-display":"","ast-hfb-mobile-header-display":"","site-post-title":"","ast-breadcrumbs-content":"","ast-featured-img":"","footer-sml-layout":"","theme-transparent-header-meta":"","adv-header-id-meta":"","stick-header-meta":"","header-above-stick-meta":"","header-main-stick-meta":"","header-below-stick-meta":"","astra-migrate-meta-layouts":"default","ast-page-background-enabled":"default","ast-page-background-meta":{"desktop":{"background-color":"var(--ast-global-color-4)","background-image":"","background-repeat":"repeat","background-position":"center center","background-size":"auto","background-attachment":"scroll","background-type":"","background-media":"","overlay-type":"","overlay-color":"","overlay-opacity":"","overlay-gradient":""},"tablet":{"background-color":"","background-image":"","background-repeat":"repeat","background-position":"center center","background-size":"auto","background-attachment":"scroll","background-type":"","background-media":"","overlay-type":"","overlay-color":"","overlay-opacity":"","overlay-gradient":""},"mobile":{"background-color":"","background-image":"","background-repeat":"repeat","background-position":"center center","background-size":"auto","background-attachment":"scroll","background-type":"","background-media":"","overlay-type":"","overlay-color":"","overlay-opacity":"","overlay-gradient":""}},"ast-content-background-meta":{"desktop":{"background-color":"var(--ast-global-color-5)","background-image":"","background-repeat":"repeat","background-position":"center center","background-size":"auto","background-attachment":"scroll","background-type":"","background-media":"","overlay-type":"","overlay-color":"","overlay-opacity":"","overlay-gradient":""},"tablet":{"background-color":"var(--ast-global-color-5)","background-image":"","background-repeat":"repeat","background-position":"center center","background-size":"auto","background-attachment":"scroll","background-type":"","background-media":"","overlay-type":"","overlay-color":"","overlay-opacity":"","overlay-gradient":""},"mobile":{"background-color":"var(--ast-global-color-5)","background-image":"","background-repeat":"repeat","background-position":"center center","background-size":"auto","background-attachment":"scroll","background-type":"","background-media":"","overlay-type":"","overlay-color":"","overlay-opacity":"","overlay-gradient":""}},"footnotes":""},"categories":[64,29],"tags":[],"class_list":["post-21141","post","type-post","status-publish","format-standard","has-post-thumbnail","hentry","category-comunitat","category-portada"],"post_mailing_queue_ids":[],"_links":{"self":[{"href":"https:\/\/serveiseducatius.xtec.cat\/badalona\/wp-json\/wp\/v2\/posts\/21141","targetHints":{"allow":["GET"]}}],"collection":[{"href":"https:\/\/serveiseducatius.xtec.cat\/badalona\/wp-json\/wp\/v2\/posts"}],"about":[{"href":"https:\/\/serveiseducatius.xtec.cat\/badalona\/wp-json\/wp\/v2\/types\/post"}],"author":[{"embeddable":true,"href":"https:\/\/serveiseducatius.xtec.cat\/badalona\/wp-json\/wp\/v2\/users\/15"}],"replies":[{"embeddable":true,"href":"https:\/\/serveiseducatius.xtec.cat\/badalona\/wp-json\/wp\/v2\/comments?post=21141"}],"version-history":[{"count":2,"href":"https:\/\/serveiseducatius.xtec.cat\/badalona\/wp-json\/wp\/v2\/posts\/21141\/revisions"}],"predecessor-version":[{"id":21144,"href":"https:\/\/serveiseducatius.xtec.cat\/badalona\/wp-json\/wp\/v2\/posts\/21141\/revisions\/21144"}],"wp:featuredmedia":[{"embeddable":true,"href":"https:\/\/serveiseducatius.xtec.cat\/badalona\/wp-json\/wp\/v2\/media\/21142"}],"wp:attachment":[{"href":"https:\/\/serveiseducatius.xtec.cat\/badalona\/wp-json\/wp\/v2\/media?parent=21141"}],"wp:term":[{"taxonomy":"category","embeddable":true,"href":"https:\/\/serveiseducatius.xtec.cat\/badalona\/wp-json\/wp\/v2\/categories?post=21141"},{"taxonomy":"post_tag","embeddable":true,"href":"https:\/\/serveiseducatius.xtec.cat\/badalona\/wp-json\/wp\/v2\/tags?post=21141"}],"curies":[{"name":"wp","href":"https:\/\/api.w.org\/{rel}","templated":true}]}}