{"id":20956,"date":"2023-11-16T17:10:35","date_gmt":"2023-11-16T16:10:35","guid":{"rendered":"https:\/\/serveiseducatius.xtec.cat\/badalona\/?p=20956"},"modified":"2023-11-16T17:10:35","modified_gmt":"2023-11-16T16:10:35","slug":"material-de-la-jornada-el-benestar-de-lalumnat-i-les-situacions-de-violencia","status":"publish","type":"post","link":"https:\/\/serveiseducatius.xtec.cat\/badalona\/portada\/material-de-la-jornada-el-benestar-de-lalumnat-i-les-situacions-de-violencia\/","title":{"rendered":"Material de la Jornada El Benestar de l\u2019Alumnat i les Situacions de Viol\u00e8ncia"},"content":{"rendered":"<p><a href=\"https:\/\/www.gencat.cat\/educacio\/jornades\/JornadaBenestarAlumnatSituacionsViolencia.pdf\" target=\"_blank\" rel=\"noopener\"><img loading=\"lazy\" decoding=\"async\" class=\"size-full wp-image-20957 alignleft\" src=\"https:\/\/serveiseducatius.xtec.cat\/badalona\/wp-content\/uploads\/usu1088\/2023\/11\/Captura-6.png\" alt=\"\" width=\"622\" height=\"339\" \/><\/a>Durant els mesos de setembre i octubre es va fer la<strong> Jornada\u00a0<\/strong><strong>El Benestar de l&#8217;Alumnat i les Situacions de Viol\u00e8ncia<\/strong> a cadascun dels serveis territorials, amb l&#8217;objectiu de detallar la implementaci\u00f3 de la nova coordinaci\u00f3 de coeducaci\u00f3, conviv\u00e8ncia i benestar de l\u2019alumnat (COCOBE), presentar les novetats per a aquest curs 2023-2024 vinculades a l\u2019abordatge de les viol\u00e8ncies, i plantejar casos pr\u00e0ctics d\u2019acompanyament a l\u2019alumnat.\u00a0<\/p>\n<p style=\"font-weight: 400;\">Us fem arribar el material presentat a la jornada:<\/p>\n<ul style=\"font-weight: 400;\">\n<li><a href=\"https:\/\/objenv.gencat.cat\/v4\/public\/estadisticas\/link\/gencat_educacio\/412\/1\/245\/a063153fb1daad571ef51d4e724a0013\/\" data-saferedirecturl=\"https:\/\/www.google.com\/url?q=https:\/\/objenv.gencat.cat\/v4\/public\/estadisticas\/link\/gencat_educacio\/412\/1\/245\/a063153fb1daad571ef51d4e724a0013\/&amp;source=gmail&amp;ust=1700219644536000&amp;usg=AOvVaw0XqbxjDRA0utO3t9__1nQb\">El benestar de l\u2019alumnat i les situacions de viol\u00e8ncia<\/a>\u00a0(document)\u00a0<\/li>\n<li><a href=\"https:\/\/objenv.gencat.cat\/v4\/public\/estadisticas\/link\/gencat_educacio\/412\/2\/245\/a063153fb1daad571ef51d4e724a0013\/\" data-saferedirecturl=\"https:\/\/www.google.com\/url?q=https:\/\/objenv.gencat.cat\/v4\/public\/estadisticas\/link\/gencat_educacio\/412\/2\/245\/a063153fb1daad571ef51d4e724a0013\/&amp;source=gmail&amp;ust=1700219644536000&amp;usg=AOvVaw2y1xwghggfsMvhFNtMjMKX\">Conversa amb Fran Villar \u201cEl benestar de l&#8217;alumnat i les situacions de viol\u00e8ncia\u201d<\/a>\u00a0(v\u00eddeo)\u00a0<\/li>\n<\/ul>\n<p>&nbsp;<\/p>\n","protected":false},"excerpt":{"rendered":"<p>Durant els mesos de setembre i octubre es va fer la Jornada\u00a0El Benestar de l&#8217;Alumnat i les Situacions de Viol\u00e8ncia [&hellip;]<\/p>\n","protected":false},"author":15,"featured_media":20957,"comment_status":"closed","ping_status":"closed","sticky":false,"template":"","format":"standard","meta":{"_bbp_topic_count":0,"_bbp_reply_count":0,"_bbp_total_topic_count":0,"_bbp_total_reply_count":0,"_bbp_voice_count":0,"_bbp_anonymous_reply_count":0,"_bbp_topic_count_hidden":0,"_bbp_reply_count_hidden":0,"_bbp_forum_subforum_count":0,"site-sidebar-layout":"default","site-content-layout":"","ast-site-content-layout":"","site-content-style":"default","site-sidebar-style":"default","ast-global-header-display":"","ast-banner-title-visibility":"","ast-main-header-display":"","ast-hfb-above-header-display":"","ast-hfb-below-header-display":"","ast-hfb-mobile-header-display":"","site-post-title":"","ast-breadcrumbs-content":"","ast-featured-img":"","footer-sml-layout":"","theme-transparent-header-meta":"","adv-header-id-meta":"","stick-header-meta":"","header-above-stick-meta":"","header-main-stick-meta":"","header-below-stick-meta":"","astra-migrate-meta-layouts":"default","ast-page-background-enabled":"default","ast-page-background-meta":{"desktop":{"background-color":"var(--ast-global-color-4)","background-image":"","background-repeat":"repeat","background-position":"center center","background-size":"auto","background-attachment":"scroll","background-type":"","background-media":"","overlay-type":"","overlay-color":"","overlay-opacity":"","overlay-gradient":""},"tablet":{"background-color":"","background-image":"","background-repeat":"repeat","background-position":"center center","background-size":"auto","background-attachment":"scroll","background-type":"","background-media":"","overlay-type":"","overlay-color":"","overlay-opacity":"","overlay-gradient":""},"mobile":{"background-color":"","background-image":"","background-repeat":"repeat","background-position":"center center","background-size":"auto","background-attachment":"scroll","background-type":"","background-media":"","overlay-type":"","overlay-color":"","overlay-opacity":"","overlay-gradient":""}},"ast-content-background-meta":{"desktop":{"background-color":"var(--ast-global-color-5)","background-image":"","background-repeat":"repeat","background-position":"center center","background-size":"auto","background-attachment":"scroll","background-type":"","background-media":"","overlay-type":"","overlay-color":"","overlay-opacity":"","overlay-gradient":""},"tablet":{"background-color":"var(--ast-global-color-5)","background-image":"","background-repeat":"repeat","background-position":"center center","background-size":"auto","background-attachment":"scroll","background-type":"","background-media":"","overlay-type":"","overlay-color":"","overlay-opacity":"","overlay-gradient":""},"mobile":{"background-color":"var(--ast-global-color-5)","background-image":"","background-repeat":"repeat","background-position":"center center","background-size":"auto","background-attachment":"scroll","background-type":"","background-media":"","overlay-type":"","overlay-color":"","overlay-opacity":"","overlay-gradient":""}},"footnotes":""},"categories":[1450,29],"tags":[],"class_list":["post-20956","post","type-post","status-publish","format-standard","has-post-thumbnail","hentry","category-coeducacio-perspectiva-de-genere-i-educacio-afectiva-sexual","category-portada"],"post_mailing_queue_ids":[],"_links":{"self":[{"href":"https:\/\/serveiseducatius.xtec.cat\/badalona\/wp-json\/wp\/v2\/posts\/20956","targetHints":{"allow":["GET"]}}],"collection":[{"href":"https:\/\/serveiseducatius.xtec.cat\/badalona\/wp-json\/wp\/v2\/posts"}],"about":[{"href":"https:\/\/serveiseducatius.xtec.cat\/badalona\/wp-json\/wp\/v2\/types\/post"}],"author":[{"embeddable":true,"href":"https:\/\/serveiseducatius.xtec.cat\/badalona\/wp-json\/wp\/v2\/users\/15"}],"replies":[{"embeddable":true,"href":"https:\/\/serveiseducatius.xtec.cat\/badalona\/wp-json\/wp\/v2\/comments?post=20956"}],"version-history":[{"count":2,"href":"https:\/\/serveiseducatius.xtec.cat\/badalona\/wp-json\/wp\/v2\/posts\/20956\/revisions"}],"predecessor-version":[{"id":20959,"href":"https:\/\/serveiseducatius.xtec.cat\/badalona\/wp-json\/wp\/v2\/posts\/20956\/revisions\/20959"}],"wp:featuredmedia":[{"embeddable":true,"href":"https:\/\/serveiseducatius.xtec.cat\/badalona\/wp-json\/wp\/v2\/media\/20957"}],"wp:attachment":[{"href":"https:\/\/serveiseducatius.xtec.cat\/badalona\/wp-json\/wp\/v2\/media?parent=20956"}],"wp:term":[{"taxonomy":"category","embeddable":true,"href":"https:\/\/serveiseducatius.xtec.cat\/badalona\/wp-json\/wp\/v2\/categories?post=20956"},{"taxonomy":"post_tag","embeddable":true,"href":"https:\/\/serveiseducatius.xtec.cat\/badalona\/wp-json\/wp\/v2\/tags?post=20956"}],"curies":[{"name":"wp","href":"https:\/\/api.w.org\/{rel}","templated":true}]}}