{"id":20855,"date":"2023-11-02T10:00:38","date_gmt":"2023-11-02T09:00:38","guid":{"rendered":"https:\/\/serveiseducatius.xtec.cat\/badalona\/?p=20855"},"modified":"2023-11-02T08:16:52","modified_gmt":"2023-11-02T07:16:52","slug":"25n-dia-internacional-per-lerradicacio-de-la-violencia-vers-les-dones-recursos-per-treballar-a-laula","status":"publish","type":"post","link":"https:\/\/serveiseducatius.xtec.cat\/badalona\/portada\/25n-dia-internacional-per-lerradicacio-de-la-violencia-vers-les-dones-recursos-per-treballar-a-laula\/","title":{"rendered":"25N, Dia Internacional per l\u2019Erradicaci\u00f3 de la Viol\u00e8ncia vers les Dones. Recursos per treballar a l&#8217;aula"},"content":{"rendered":"<p>&nbsp;<\/p>\n<p><img loading=\"lazy\" decoding=\"async\" class=\" wp-image-20856 alignleft\" src=\"https:\/\/serveiseducatius.xtec.cat\/badalona\/wp-content\/uploads\/usu1088\/2023\/11\/Captura3.png\" alt=\"\" width=\"429\" height=\"612\" \/><\/p>\n<p>Des del <strong>Departament d\u2019Educaci\u00f3<\/strong>, a prop\u00f2sit del\u00a0<strong>Dia Internacional per l\u2019Erradicaci\u00f3 de la Viol\u00e8ncia vers les Dones<\/strong>, mostrem el rebuig vers la viol\u00e8ncia que colpeja dones, infants i adolescents i manifestem la necessitat de donar una resposta a la viol\u00e8ncia estructural que s\u00f3n les viol\u00e8ncies masclistes.\u00a0<strong>Visibilitzem les viol\u00e8ncies masclistes en l\u2019\u00e0mbit educatiu. Previnguem-les!<\/strong><\/p>\n<p>Difoneu les fotos o v\u00eddeos de les vostres actuacions a les xarxes socials amb l&#8217;etiqueta #25n #LesEscolesLliuresDeViol\u00e8ncies amb menci\u00f3 @xtec.\u00a0<\/p>\n<p><strong><a href=\"https:\/\/xtec.gencat.cat\/ca\/centres\/celebracions\/2023\/dia-internacional-per-a-leliminacio-de-la-violencia-envers-les-dones\/\" target=\"_blank\" rel=\"noopener\">Propostes d&#8217;activitats<\/a> a dur a terme als centres educatius, tant a prop\u00f2sit del 25 de novembre com al llarg del curs:<\/strong><\/p>\n<p>De totes les formes de viol\u00e8ncia masclista, les viol\u00e8ncies sexuals s\u00f3n les m\u00e9s prevalents, les m\u00e9s invisibilitzades i les m\u00e9s naturalitzades. Tot aix\u00f2 fa de les viol\u00e8ncies sexuals l\u2019epicentre del patriarcat i aquest 25N volem posar-les de manifest.<\/p>\n<p>El <a href=\"https:\/\/igualtat.gencat.cat\/ca\/actualitat\/campanyes\/25n-dia-internacional-per-lerradicacio-de-la-violencia-vers-les-dones\/\" target=\"_blank\" rel=\"noopener\">Departament d\u2019Igualtat i Feminismes<\/a> posa en marxa una campanya pedag\u00f2gica per construir un nou sentit com\u00fa, <strong>\u2018Per una nova cultura del consentiment\u2019.<\/strong><\/p>\n<p><a href=\"https:\/\/igualtat.gencat.cat\/web\/.content\/Actualitat\/campanyes\/25N-violencia-masclista\/programa-digital.pdf\" target=\"_blank\" rel=\"noopener\">Programa digital<\/a><\/p>\n<p><a href=\"https:\/\/revistaidees.cat\/monografics\/violencies-masclistes-i-politiques-publiques-construint-respostes-feministes-i-interseccionals\/\" target=\"_blank\" rel=\"noopener\">Monogr\u00e0fic<\/a><\/p>\n","protected":false},"excerpt":{"rendered":"<p>&nbsp; Des del Departament d\u2019Educaci\u00f3, a prop\u00f2sit del\u00a0Dia Internacional per l\u2019Erradicaci\u00f3 de la Viol\u00e8ncia vers les Dones, mostrem el rebuig [&hellip;]<\/p>\n","protected":false},"author":15,"featured_media":20856,"comment_status":"closed","ping_status":"closed","sticky":false,"template":"","format":"standard","meta":{"_bbp_topic_count":0,"_bbp_reply_count":0,"_bbp_total_topic_count":0,"_bbp_total_reply_count":0,"_bbp_voice_count":0,"_bbp_anonymous_reply_count":0,"_bbp_topic_count_hidden":0,"_bbp_reply_count_hidden":0,"_bbp_forum_subforum_count":0,"site-sidebar-layout":"default","site-content-layout":"","ast-site-content-layout":"","site-content-style":"default","site-sidebar-style":"default","ast-global-header-display":"","ast-banner-title-visibility":"","ast-main-header-display":"","ast-hfb-above-header-display":"","ast-hfb-below-header-display":"","ast-hfb-mobile-header-display":"","site-post-title":"","ast-breadcrumbs-content":"","ast-featured-img":"","footer-sml-layout":"","theme-transparent-header-meta":"","adv-header-id-meta":"","stick-header-meta":"","header-above-stick-meta":"","header-main-stick-meta":"","header-below-stick-meta":"","astra-migrate-meta-layouts":"default","ast-page-background-enabled":"default","ast-page-background-meta":{"desktop":{"background-color":"var(--ast-global-color-4)","background-image":"","background-repeat":"repeat","background-position":"center center","background-size":"auto","background-attachment":"scroll","background-type":"","background-media":"","overlay-type":"","overlay-color":"","overlay-opacity":"","overlay-gradient":""},"tablet":{"background-color":"","background-image":"","background-repeat":"repeat","background-position":"center center","background-size":"auto","background-attachment":"scroll","background-type":"","background-media":"","overlay-type":"","overlay-color":"","overlay-opacity":"","overlay-gradient":""},"mobile":{"background-color":"","background-image":"","background-repeat":"repeat","background-position":"center center","background-size":"auto","background-attachment":"scroll","background-type":"","background-media":"","overlay-type":"","overlay-color":"","overlay-opacity":"","overlay-gradient":""}},"ast-content-background-meta":{"desktop":{"background-color":"var(--ast-global-color-5)","background-image":"","background-repeat":"repeat","background-position":"center center","background-size":"auto","background-attachment":"scroll","background-type":"","background-media":"","overlay-type":"","overlay-color":"","overlay-opacity":"","overlay-gradient":""},"tablet":{"background-color":"var(--ast-global-color-5)","background-image":"","background-repeat":"repeat","background-position":"center center","background-size":"auto","background-attachment":"scroll","background-type":"","background-media":"","overlay-type":"","overlay-color":"","overlay-opacity":"","overlay-gradient":""},"mobile":{"background-color":"var(--ast-global-color-5)","background-image":"","background-repeat":"repeat","background-position":"center center","background-size":"auto","background-attachment":"scroll","background-type":"","background-media":"","overlay-type":"","overlay-color":"","overlay-opacity":"","overlay-gradient":""}},"footnotes":""},"categories":[1450,29,76],"tags":[1852,1853],"class_list":["post-20855","post","type-post","status-publish","format-standard","has-post-thumbnail","hentry","category-coeducacio-perspectiva-de-genere-i-educacio-afectiva-sexual","category-portada","category-recursos","tag-25n","tag-les-escoles-lliures-de-violencia"],"post_mailing_queue_ids":[],"_links":{"self":[{"href":"https:\/\/serveiseducatius.xtec.cat\/badalona\/wp-json\/wp\/v2\/posts\/20855","targetHints":{"allow":["GET"]}}],"collection":[{"href":"https:\/\/serveiseducatius.xtec.cat\/badalona\/wp-json\/wp\/v2\/posts"}],"about":[{"href":"https:\/\/serveiseducatius.xtec.cat\/badalona\/wp-json\/wp\/v2\/types\/post"}],"author":[{"embeddable":true,"href":"https:\/\/serveiseducatius.xtec.cat\/badalona\/wp-json\/wp\/v2\/users\/15"}],"replies":[{"embeddable":true,"href":"https:\/\/serveiseducatius.xtec.cat\/badalona\/wp-json\/wp\/v2\/comments?post=20855"}],"version-history":[{"count":5,"href":"https:\/\/serveiseducatius.xtec.cat\/badalona\/wp-json\/wp\/v2\/posts\/20855\/revisions"}],"predecessor-version":[{"id":20984,"href":"https:\/\/serveiseducatius.xtec.cat\/badalona\/wp-json\/wp\/v2\/posts\/20855\/revisions\/20984"}],"wp:featuredmedia":[{"embeddable":true,"href":"https:\/\/serveiseducatius.xtec.cat\/badalona\/wp-json\/wp\/v2\/media\/20856"}],"wp:attachment":[{"href":"https:\/\/serveiseducatius.xtec.cat\/badalona\/wp-json\/wp\/v2\/media?parent=20855"}],"wp:term":[{"taxonomy":"category","embeddable":true,"href":"https:\/\/serveiseducatius.xtec.cat\/badalona\/wp-json\/wp\/v2\/categories?post=20855"},{"taxonomy":"post_tag","embeddable":true,"href":"https:\/\/serveiseducatius.xtec.cat\/badalona\/wp-json\/wp\/v2\/tags?post=20855"}],"curies":[{"name":"wp","href":"https:\/\/api.w.org\/{rel}","templated":true}]}}