{"id":20833,"date":"2023-10-31T13:00:03","date_gmt":"2023-10-31T12:00:03","guid":{"rendered":"https:\/\/serveiseducatius.xtec.cat\/badalona\/?p=20833"},"modified":"2023-11-11T09:59:18","modified_gmt":"2023-11-11T08:59:18","slug":"jornada-de-practiques-restauratives-a-badalona-14-de-novembre-1530-hores-al-centre-civic-la-salut","status":"publish","type":"post","link":"https:\/\/serveiseducatius.xtec.cat\/badalona\/portada\/jornada-de-practiques-restauratives-a-badalona-14-de-novembre-1530-hores-al-centre-civic-la-salut\/","title":{"rendered":"Jornada de pr\u00e0ctiques restauratives a Badalona. 14 de novembre 15.30 h al Centre C\u00edvic la Salut"},"content":{"rendered":"<p><img loading=\"lazy\" decoding=\"async\" class=\"wp-image-20850 size-medium alignleft\" src=\"https:\/\/serveiseducatius.xtec.cat\/badalona\/wp-content\/uploads\/usu1088\/2023\/10\/jornades_practiques_restauratives_post_xarxes2-300x300.jpg\" alt=\"\" width=\"300\" height=\"300\" srcset=\"https:\/\/serveiseducatius.xtec.cat\/badalona\/wp-content\/uploads\/usu1088\/2023\/10\/jornades_practiques_restauratives_post_xarxes2-300x300.jpg 300w, https:\/\/serveiseducatius.xtec.cat\/badalona\/wp-content\/uploads\/usu1088\/2023\/10\/jornades_practiques_restauratives_post_xarxes2-1024x1024.jpg 1024w, https:\/\/serveiseducatius.xtec.cat\/badalona\/wp-content\/uploads\/usu1088\/2023\/10\/jornades_practiques_restauratives_post_xarxes2-150x150.jpg 150w, https:\/\/serveiseducatius.xtec.cat\/badalona\/wp-content\/uploads\/usu1088\/2023\/10\/jornades_practiques_restauratives_post_xarxes2-768x768.jpg 768w, https:\/\/serveiseducatius.xtec.cat\/badalona\/wp-content\/uploads\/usu1088\/2023\/10\/jornades_practiques_restauratives_post_xarxes2-1536x1536.jpg 1536w, https:\/\/serveiseducatius.xtec.cat\/badalona\/wp-content\/uploads\/usu1088\/2023\/10\/jornades_practiques_restauratives_post_xarxes2-2048x2048.jpg 2048w\" sizes=\"auto, (max-width: 300px) 100vw, 300px\" \/>El dia 14 de novembre de 2023 es dur\u00e0 a terme la primera <strong>Jornada de pr\u00e0ctiques restauratives a Badalona<\/strong> sota el tema \u00abLa mirada restaurativa: reptes per a la implementaci\u00f3 en els entorns educatius de m\u00e0xima complexitat\u00bb organitzada pel <strong>Servei de Mediaci\u00f3 de l\u2019Ajuntament de Badalona<\/strong>.<br \/>\nT\u00e9 com a objectiu reflexionar al voltant de les pr\u00e0ctiques restauratives i compartir experi\u00e8ncies de diferents centres educatius de m\u00e0xima complexitat del nostre territori i d\u2019altres municipis. Hi participar\u00e0 l\u2019expert internacional en pr\u00e0ctiques restauratives i gesti\u00f3 integradora dels conflictes, <strong>Jean Schmitz<\/strong>.<\/p>\n<p>Coneixerem les experi\u00e8ncies de diversos instituts i compartirem reflexions entorn dels reptes d\u2019implementaci\u00f3 d\u2019aquesta mirada.<\/p>\n<p>Les pr\u00e0ctiques restauratives ofereixen eines que permeten <strong>prevenir, detectar, gestionar i resoldre<\/strong> les situacions de conflicte o problemes per tal de <strong>millorar la conviv\u00e8ncia<\/strong> i refor\u00e7ar els vincles afectius entre les persones afectades per aquestes situacions.<\/p>\n<p>La participaci\u00f3 en aquesta jornada \u00e9s de car\u00e0cter presencial, sense cost i compta com a hores de formaci\u00f3 cont\u00ednua del professorat.<\/p>\n<p>Juntament amb el Servei de Mediaci\u00f3 hi col\u00b7laboren el SE de Badalona i Espai Coneix S.C.C.L.<\/p>\n<p>Lloc: <strong>Centre C\u00edvic la Salut<\/strong>. Avinguda del Marqu\u00e8s de Sant Mori, s\/n. Badalona.<br \/>\nDia i hora: <strong>14 de novembre de 2023 de 15.30 a 20.30 h<\/strong>.<br \/>\nPlaces limitades per ordre d\u2019inscripci\u00f3:<\/p>\n<ul>\n<li>Inscripcions pr\u00e8vies per docents centres educatius <a href=\"https:\/\/aplicacions.gestioeducativa.gencat.cat\/pls\/soloas\/pk_for_mod_ins.p_for_detall_activitat?p_header=Llista%20d%27activitats^pk_for_mod_ins.p_for_cons_activitats?p_crp=204%26p_any=2023-2024%26p_totes=s%26p_inici=41%26p_excloure_crp_rec=F&amp;p_codi=2041221204&amp;p_curs=2023-2024&amp;p_excloure_crp_rec=F\" target=\"_blank\" rel=\"noopener\">aqu\u00ed<\/a>.<\/li>\n<li>Inscripcions pr\u00e8vies per la resta d\u2019interessats <a href=\"https:\/\/docs.google.com\/forms\/d\/e\/1FAIpQLSfWGZ8CZ1mLJ8yEpNDK8NvFnfz5tgv3ahpHbWDEcOUYW7OtMw\/viewform\" target=\"_blank\" rel=\"noopener\">aqu\u00ed<\/a>.<\/li>\n<\/ul>\n","protected":false},"excerpt":{"rendered":"<p>El dia 14 de novembre de 2023 es dur\u00e0 a terme la primera Jornada de pr\u00e0ctiques restauratives a Badalona sota [&hellip;]<\/p>\n","protected":false},"author":1,"featured_media":20850,"comment_status":"closed","ping_status":"closed","sticky":false,"template":"","format":"standard","meta":{"_bbp_topic_count":0,"_bbp_reply_count":0,"_bbp_total_topic_count":0,"_bbp_total_reply_count":0,"_bbp_voice_count":0,"_bbp_anonymous_reply_count":0,"_bbp_topic_count_hidden":0,"_bbp_reply_count_hidden":0,"_bbp_forum_subforum_count":0,"site-sidebar-layout":"default","site-content-layout":"","ast-site-content-layout":"","site-content-style":"default","site-sidebar-style":"default","ast-global-header-display":"","ast-banner-title-visibility":"","ast-main-header-display":"","ast-hfb-above-header-display":"","ast-hfb-below-header-display":"","ast-hfb-mobile-header-display":"","site-post-title":"","ast-breadcrumbs-content":"","ast-featured-img":"","footer-sml-layout":"","theme-transparent-header-meta":"","adv-header-id-meta":"","stick-header-meta":"","header-above-stick-meta":"","header-main-stick-meta":"","header-below-stick-meta":"","astra-migrate-meta-layouts":"default","ast-page-background-enabled":"default","ast-page-background-meta":{"desktop":{"background-color":"var(--ast-global-color-4)","background-image":"","background-repeat":"repeat","background-position":"center center","background-size":"auto","background-attachment":"scroll","background-type":"","background-media":"","overlay-type":"","overlay-color":"","overlay-opacity":"","overlay-gradient":""},"tablet":{"background-color":"","background-image":"","background-repeat":"repeat","background-position":"center center","background-size":"auto","background-attachment":"scroll","background-type":"","background-media":"","overlay-type":"","overlay-color":"","overlay-opacity":"","overlay-gradient":""},"mobile":{"background-color":"","background-image":"","background-repeat":"repeat","background-position":"center center","background-size":"auto","background-attachment":"scroll","background-type":"","background-media":"","overlay-type":"","overlay-color":"","overlay-opacity":"","overlay-gradient":""}},"ast-content-background-meta":{"desktop":{"background-color":"var(--ast-global-color-5)","background-image":"","background-repeat":"repeat","background-position":"center center","background-size":"auto","background-attachment":"scroll","background-type":"","background-media":"","overlay-type":"","overlay-color":"","overlay-opacity":"","overlay-gradient":""},"tablet":{"background-color":"var(--ast-global-color-5)","background-image":"","background-repeat":"repeat","background-position":"center center","background-size":"auto","background-attachment":"scroll","background-type":"","background-media":"","overlay-type":"","overlay-color":"","overlay-opacity":"","overlay-gradient":""},"mobile":{"background-color":"var(--ast-global-color-5)","background-image":"","background-repeat":"repeat","background-position":"center center","background-size":"auto","background-attachment":"scroll","background-type":"","background-media":"","overlay-type":"","overlay-color":"","overlay-opacity":"","overlay-gradient":""}},"footnotes":""},"categories":[399,165,872,75,29],"tags":[603,656],"class_list":["post-20833","post","type-post","status-publish","format-standard","has-post-thumbnail","hentry","category-educacio-emocional","category-formacio","category-missatgeria","category-pee","category-portada","tag-mediacio","tag-practiques-restauratives"],"post_mailing_queue_ids":[],"_links":{"self":[{"href":"https:\/\/serveiseducatius.xtec.cat\/badalona\/wp-json\/wp\/v2\/posts\/20833","targetHints":{"allow":["GET"]}}],"collection":[{"href":"https:\/\/serveiseducatius.xtec.cat\/badalona\/wp-json\/wp\/v2\/posts"}],"about":[{"href":"https:\/\/serveiseducatius.xtec.cat\/badalona\/wp-json\/wp\/v2\/types\/post"}],"author":[{"embeddable":true,"href":"https:\/\/serveiseducatius.xtec.cat\/badalona\/wp-json\/wp\/v2\/users\/1"}],"replies":[{"embeddable":true,"href":"https:\/\/serveiseducatius.xtec.cat\/badalona\/wp-json\/wp\/v2\/comments?post=20833"}],"version-history":[{"count":4,"href":"https:\/\/serveiseducatius.xtec.cat\/badalona\/wp-json\/wp\/v2\/posts\/20833\/revisions"}],"predecessor-version":[{"id":20878,"href":"https:\/\/serveiseducatius.xtec.cat\/badalona\/wp-json\/wp\/v2\/posts\/20833\/revisions\/20878"}],"wp:featuredmedia":[{"embeddable":true,"href":"https:\/\/serveiseducatius.xtec.cat\/badalona\/wp-json\/wp\/v2\/media\/20850"}],"wp:attachment":[{"href":"https:\/\/serveiseducatius.xtec.cat\/badalona\/wp-json\/wp\/v2\/media?parent=20833"}],"wp:term":[{"taxonomy":"category","embeddable":true,"href":"https:\/\/serveiseducatius.xtec.cat\/badalona\/wp-json\/wp\/v2\/categories?post=20833"},{"taxonomy":"post_tag","embeddable":true,"href":"https:\/\/serveiseducatius.xtec.cat\/badalona\/wp-json\/wp\/v2\/tags?post=20833"}],"curies":[{"name":"wp","href":"https:\/\/api.w.org\/{rel}","templated":true}]}}