{"id":20716,"date":"2023-10-04T16:50:19","date_gmt":"2023-10-04T14:50:19","guid":{"rendered":"https:\/\/serveiseducatius.xtec.cat\/badalona\/?p=20716"},"modified":"2023-10-06T15:43:21","modified_gmt":"2023-10-06T13:43:21","slug":"participacio-a-la-trobada-pedagogica-convivencia-i-conductes-dassetjament-als-centres-educatius-7-de-novembre","status":"publish","type":"post","link":"https:\/\/serveiseducatius.xtec.cat\/badalona\/portada\/participacio-a-la-trobada-pedagogica-convivencia-i-conductes-dassetjament-als-centres-educatius-7-de-novembre\/","title":{"rendered":"Trobada pedag\u00f2gica: Conviv\u00e8ncia i conductes d&#8217;assetjament als centres educatius"},"content":{"rendered":"<p>&nbsp;<\/p>\n<p><img loading=\"lazy\" decoding=\"async\" class=\"size-full wp-image-20717 alignleft\" src=\"https:\/\/serveiseducatius.xtec.cat\/badalona\/wp-content\/uploads\/usu1088\/2023\/10\/unnamed.jpg\" alt=\"\" width=\"150\" height=\"150\" \/><\/p>\n<p>El Servei Educatiu de Santa Coloma de Gramenet us convidem a una\u00a0<a href=\"https:\/\/aplicacions.gestioeducativa.gencat.cat\/pls\/soloas\/pk_for_mod_ins.p_for_exhaustiu_activitat?p_header=Llista%20d%27activitats%5Epk_for_mod_ins.p_for_cons_activitats?p_crp=207%26p_any=2023-2024%26p_totes=s%26p_inici=21%26p_excloure_crp_rec=F*Detall%20d%27activitat%5Epk_for_mod_ins.p_for_detall_activitat?p_codi=2071011207%26p_curs=2023-2024%26p_es_inscr=S&amp;p_codi=2071011207&amp;p_curs=2023-2024&amp;p_es_inscr=S\" target=\"_blank\" rel=\"noopener\" data-saferedirecturl=\"https:\/\/www.google.com\/url?q=https:\/\/aplicacions.gestioeducativa.gencat.cat\/pls\/soloas\/pk_for_mod_ins.p_for_exhaustiu_activitat?p_header%3DLlista%2520d%2527activitats%255Epk_for_mod_ins.p_for_cons_activitats?p_crp%3D207%2526p_any%3D2023-2024%2526p_totes%3Ds%2526p_inici%3D21%2526p_excloure_crp_rec%3DF*Detall%2520d%2527activitat%255Epk_for_mod_ins.p_for_detall_activitat?p_codi%3D2071011207%2526p_curs%3D2023-2024%2526p_es_inscr%3DS%26p_codi%3D2071011207%26p_curs%3D2023-2024%26p_es_inscr%3DS&amp;source=gmail&amp;ust=1696427743404000&amp;usg=AOvVaw3OOPMWS-o4ZHb69XJrFk_W\"><strong>Trobada pedag\u00f2gica<\/strong><\/a>\u00a0a tractar\u00a0 la prevenci\u00f3, la detecci\u00f3 i actuaci\u00f3 davant de situacions d&#8217;assetjament que poden tenir lloc als centres educatius. <!--more-->La Trobada s&#8217;adre\u00e7a a tots els nivells educatius.<\/p>\n<p>Tindr\u00e0 lloc el<b>\u00a0dimarts 7 de novembre a la\u00a0<\/b><a href=\"https:\/\/www.google.com\/maps\/place\/Biblioteca+Singuerlin+Salvador+Cabr%C3%A9\/@41.4589852,2.2032064,17z\/data=!3m1!4b1!4m6!3m5!1s0x12a4bcf4ef03144b:0xd957193d6a3a64ce!8m2!3d41.4589852!4d2.2057813!16s%2Fg%2F12m8yydzh?entry=ttu\" target=\"_blank\" rel=\"noopener\" data-saferedirecturl=\"https:\/\/www.google.com\/url?q=https:\/\/www.google.com\/maps\/place\/Biblioteca%2BSinguerlin%2BSalvador%2BCabr%25C3%25A9\/@41.4589852,2.2032064,17z\/data%3D!3m1!4b1!4m6!3m5!1s0x12a4bcf4ef03144b:0xd957193d6a3a64ce!8m2!3d41.4589852!4d2.2057813!16s%252Fg%252F12m8yydzh?entry%3Dttu&amp;source=gmail&amp;ust=1696427743405000&amp;usg=AOvVaw2U3Ob2E1hNiI7EqjLgKdXH\">biblioteca Singuerl\u00edn-Salvador Cabr\u00e9<\/a><b>\u00a0de Santa Coloma de Gramenet,\u00a0<\/b><strong>de\u00a017 a 20h.<\/p>\n<p><\/strong><strong><a href=\"https:\/\/aplicacions.gestioeducativa.gencat.cat\/pls\/soloas\/pk_for_mod_ins.p_for_detall_activitat?p_header=Llista%20d%27activitats%5Epk_for_mod_ins.p_for_cons_activitats?p_crp=207%26p_any=2023-2024%26p_totes=s%26p_inici=21%26p_excloure_crp_rec=F&amp;p_codi=2071011207&amp;p_curs=2023-2024&amp;p_excloure_crp_rec=F\" target=\"_blank\" rel=\"noopener\" data-saferedirecturl=\"https:\/\/www.google.com\/url?q=https:\/\/aplicacions.gestioeducativa.gencat.cat\/pls\/soloas\/pk_for_mod_ins.p_for_detall_activitat?p_header%3DLlista%2520d%2527activitats%255Epk_for_mod_ins.p_for_cons_activitats?p_crp%3D207%2526p_any%3D2023-2024%2526p_totes%3Ds%2526p_inici%3D21%2526p_excloure_crp_rec%3DF%26p_codi%3D2071011207%26p_curs%3D2023-2024%26p_excloure_crp_rec%3DF&amp;source=gmail&amp;ust=1696427743405000&amp;usg=AOvVaw2GymsaqtBkC_1uFl2ytZGK\">INSCRIPCI\u00d3<\/a><a href=\"https:\/\/aplicacions.gestioeducativa.gencat.cat\/pls\/soloas\/pk_for_mod_ins.p_for_detall_activitat?p_header=Llista%20d%27activitats%5Epk_for_mod_ins.p_for_cons_activitats?p_crp=207%26p_any=2023-2024%26p_totes=s%26p_inici=21%26p_excloure_crp_rec=F&amp;p_codi=2071011207&amp;p_curs=2023-2024&amp;p_excloure_crp_rec=F\" target=\"_blank\" rel=\"noopener\" data-saferedirecturl=\"https:\/\/www.google.com\/url?q=https:\/\/aplicacions.gestioeducativa.gencat.cat\/pls\/soloas\/pk_for_mod_ins.p_for_detall_activitat?p_header%3DLlista%2520d%2527activitats%255Epk_for_mod_ins.p_for_cons_activitats?p_crp%3D207%2526p_any%3D2023-2024%2526p_totes%3Ds%2526p_inici%3D21%2526p_excloure_crp_rec%3DF%26p_codi%3D2071011207%26p_curs%3D2023-2024%26p_excloure_crp_rec%3DF&amp;source=gmail&amp;ust=1696427743405000&amp;usg=AOvVaw2GymsaqtBkC_1uFl2ytZGK\">\u00a0<\/a>Abans del 30 d\u2019octubre\u00a0\u00a0(Se certifiquen 5h de formaci\u00f3 dins del Pla de Formaci\u00f3 de Zona)<\/p>\n<p><\/strong><strong><a href=\"https:\/\/drive.google.com\/file\/d\/1U-XjH4dxsPGW4mz_SamsDapYOObVyDTo\/view?usp=sharing\" target=\"_blank\" rel=\"noopener\" data-saferedirecturl=\"https:\/\/www.google.com\/url?q=https:\/\/drive.google.com\/file\/d\/1U-XjH4dxsPGW4mz_SamsDapYOObVyDTo\/view?usp%3Dsharing&amp;source=gmail&amp;ust=1696427743405000&amp;usg=AOvVaw0n9grV3JnvkINr-LG-udPB\">PROGRAMA<\/a><\/strong><\/p>\n<p>S\u00f3n q\u00fcestions dif\u00edcils davant les quals ens podem trobar sense recursos, informaci\u00f3\u00a0 i coordinaci\u00f3 suficient per actuar abans no sigui tard.<\/p>\n<p>Com detectar-les? Com ens organitzem al centre per actuar davant dels casos d\u2019assetjament? Quins recursos tenim a l&#8217;abast per educar en el respecte i la gesti\u00f3 pac\u00edfica de conflictes? Com podem aturar els abusos de conducta?<\/p>\n<p>La trobada vol ser din\u00e0mica i participativa, amb\u00a0 preguntes, inquietuds i reflexions. Ens acompanyaran professionals amb experi\u00e8ncia i coneixements per orientar-nos i ajudar-nos a la reflexi\u00f3 conjunta.<\/p>\n<p>&nbsp;<\/p>\n","protected":false},"excerpt":{"rendered":"<p>&nbsp; El Servei Educatiu de Santa Coloma de Gramenet us convidem a una\u00a0Trobada pedag\u00f2gica\u00a0a tractar\u00a0 la prevenci\u00f3, la detecci\u00f3 i [&hellip;]<\/p>\n","protected":false},"author":15,"featured_media":20717,"comment_status":"closed","ping_status":"closed","sticky":false,"template":"","format":"standard","meta":{"_bbp_topic_count":0,"_bbp_reply_count":0,"_bbp_total_topic_count":0,"_bbp_total_reply_count":0,"_bbp_voice_count":0,"_bbp_anonymous_reply_count":0,"_bbp_topic_count_hidden":0,"_bbp_reply_count_hidden":0,"_bbp_forum_subforum_count":0,"site-sidebar-layout":"default","site-content-layout":"","ast-site-content-layout":"","site-content-style":"default","site-sidebar-style":"default","ast-global-header-display":"","ast-banner-title-visibility":"","ast-main-header-display":"","ast-hfb-above-header-display":"","ast-hfb-below-header-display":"","ast-hfb-mobile-header-display":"","site-post-title":"","ast-breadcrumbs-content":"","ast-featured-img":"","footer-sml-layout":"","theme-transparent-header-meta":"","adv-header-id-meta":"","stick-header-meta":"","header-above-stick-meta":"","header-main-stick-meta":"","header-below-stick-meta":"","astra-migrate-meta-layouts":"default","ast-page-background-enabled":"default","ast-page-background-meta":{"desktop":{"background-color":"var(--ast-global-color-4)","background-image":"","background-repeat":"repeat","background-position":"center center","background-size":"auto","background-attachment":"scroll","background-type":"","background-media":"","overlay-type":"","overlay-color":"","overlay-opacity":"","overlay-gradient":""},"tablet":{"background-color":"","background-image":"","background-repeat":"repeat","background-position":"center center","background-size":"auto","background-attachment":"scroll","background-type":"","background-media":"","overlay-type":"","overlay-color":"","overlay-opacity":"","overlay-gradient":""},"mobile":{"background-color":"","background-image":"","background-repeat":"repeat","background-position":"center center","background-size":"auto","background-attachment":"scroll","background-type":"","background-media":"","overlay-type":"","overlay-color":"","overlay-opacity":"","overlay-gradient":""}},"ast-content-background-meta":{"desktop":{"background-color":"var(--ast-global-color-5)","background-image":"","background-repeat":"repeat","background-position":"center center","background-size":"auto","background-attachment":"scroll","background-type":"","background-media":"","overlay-type":"","overlay-color":"","overlay-opacity":"","overlay-gradient":""},"tablet":{"background-color":"var(--ast-global-color-5)","background-image":"","background-repeat":"repeat","background-position":"center center","background-size":"auto","background-attachment":"scroll","background-type":"","background-media":"","overlay-type":"","overlay-color":"","overlay-opacity":"","overlay-gradient":""},"mobile":{"background-color":"var(--ast-global-color-5)","background-image":"","background-repeat":"repeat","background-position":"center center","background-size":"auto","background-attachment":"scroll","background-type":"","background-media":"","overlay-type":"","overlay-color":"","overlay-opacity":"","overlay-gradient":""}},"footnotes":""},"categories":[1450,399,29,76],"tags":[749],"class_list":["post-20716","post","type-post","status-publish","format-standard","has-post-thumbnail","hentry","category-coeducacio-perspectiva-de-genere-i-educacio-afectiva-sexual","category-educacio-emocional","category-portada","category-recursos","tag-assetjament"],"post_mailing_queue_ids":[],"_links":{"self":[{"href":"https:\/\/serveiseducatius.xtec.cat\/badalona\/wp-json\/wp\/v2\/posts\/20716","targetHints":{"allow":["GET"]}}],"collection":[{"href":"https:\/\/serveiseducatius.xtec.cat\/badalona\/wp-json\/wp\/v2\/posts"}],"about":[{"href":"https:\/\/serveiseducatius.xtec.cat\/badalona\/wp-json\/wp\/v2\/types\/post"}],"author":[{"embeddable":true,"href":"https:\/\/serveiseducatius.xtec.cat\/badalona\/wp-json\/wp\/v2\/users\/15"}],"replies":[{"embeddable":true,"href":"https:\/\/serveiseducatius.xtec.cat\/badalona\/wp-json\/wp\/v2\/comments?post=20716"}],"version-history":[{"count":4,"href":"https:\/\/serveiseducatius.xtec.cat\/badalona\/wp-json\/wp\/v2\/posts\/20716\/revisions"}],"predecessor-version":[{"id":20750,"href":"https:\/\/serveiseducatius.xtec.cat\/badalona\/wp-json\/wp\/v2\/posts\/20716\/revisions\/20750"}],"wp:featuredmedia":[{"embeddable":true,"href":"https:\/\/serveiseducatius.xtec.cat\/badalona\/wp-json\/wp\/v2\/media\/20717"}],"wp:attachment":[{"href":"https:\/\/serveiseducatius.xtec.cat\/badalona\/wp-json\/wp\/v2\/media?parent=20716"}],"wp:term":[{"taxonomy":"category","embeddable":true,"href":"https:\/\/serveiseducatius.xtec.cat\/badalona\/wp-json\/wp\/v2\/categories?post=20716"},{"taxonomy":"post_tag","embeddable":true,"href":"https:\/\/serveiseducatius.xtec.cat\/badalona\/wp-json\/wp\/v2\/tags?post=20716"}],"curies":[{"name":"wp","href":"https:\/\/api.w.org\/{rel}","templated":true}]}}