{"id":2048,"date":"2014-04-29T18:34:00","date_gmt":"2014-04-29T17:34:00","guid":{"rendered":"http:\/\/serveiseducatius.xtec.cat\/badalona\/general\/emissio-de-radio-en-directe-des-de-laula-hospitalaria-de-can-ruti\/"},"modified":"2016-09-22T11:18:33","modified_gmt":"2016-09-22T10:18:33","slug":"emissio-de-radio-en-directe-des-de-laula-hospitalaria-de-can-ruti","status":"publish","type":"post","link":"https:\/\/serveiseducatius.xtec.cat\/badalona\/general\/emissio-de-radio-en-directe-des-de-laula-hospitalaria-de-can-ruti\/","title":{"rendered":"Emissi\u00f3 de r\u00e0dio en directe des de l&#8217;Aula Hospital\u00e0ria Germans Trias i Pujol!!"},"content":{"rendered":"<p><!--\n.Estilo1 {\n\tfont-family: Verdana, Arial, Helvetica, sans-serif;\n\tfont-size: 12px;\n}\n.Estilo3 {font-family: Verdana, Arial, Helvetica, sans-serif; font-size: 13px; }\n.Estilo4 {font-size: 13px}\n--><\/p>\n<div>\n<table border=\"0\" class=\"htmtableborders \" width=\"589\">\n<tbody>\n<tr bgcolor=\"FFF8F0\">\n<td height=\"232\" valign=\"top\" width=\"378\">\n<p>\n\t\t\t\t\t\t<font face=\"verdana,arial,helvetica,sans-serif\" size=\"2\"><font face=\"Geneva, Arial, Helvetica, sans-serif\"><strong><font size=\"3\">&quot;Aprenem, vivim, sentim&#8230; a l&#39;aula hospital\u00e0ria<br \/>\n\t\t\t\t\t\tGermans Trias i Pujol&quot;<\/font><\/strong><br \/>\n\t\t\t\t\t\t<strong>Dia:<\/strong> Dijous, 22 de maig <strong> Hora<\/strong>: 11:30 h a 12:30 h<br \/>\n\t\t\t\t\t\t<font color=\"#FF0000\"><strong><a href=\"http:\/\/video.xtec.cat:8080\/ramgen\/redundant\/badalona.rm\" target=\"_blank\">Escolta l&#39;emissi\u00f3 en directe<\/a><\/strong><\/font><\/font><\/font><\/p>\n<p>\t\t\t\t\t\t<font face=\"verdana,arial,helvetica,sans-serif\" size=\"2\"><font face=\"Geneva, Arial, Helvetica, sans-serif\">Aprofitant les festes de Maig hem pensat fer un programa molt especial i esperem que gaudiu una estoneta amb la transmissi\u00f3 que farem en directe des de l&#39;aula hospital\u00e0ria de l&#39;Hospital Germans Trias i Pujol.<\/font><\/font><br \/>\n\t\t\t\t\t\t<font face=\"Geneva, Arial, Helvetica, sans-serif\" size=\"2\">Al llarg del programa paralarem amb la mestra de l&#39;aula, amb nens i nenes hospitalitzats, amb algun dels seus familiars i amb personal sanitari.<br \/>\n\t\t\t\t\t\tAprendrem moltes coses i sabrem una mica de com \u00e9s el dia a dia en aquesta planta de pediatria.<br \/>\n\t\t\t\t\t\tOrganitzen: <strong>Aula Hospital\u00e0ria i CRP de Badalona<\/strong><\/font><\/p>\n<\/td>\n<td align=\"right\" style=\"background-color: #fffaf0;\" valign=\"top\" width=\"201\">\n\t\t\t\t\t<img loading=\"lazy\" decoding=\"async\" border=\"0\" height=\"145\" <img loading=\"lazy\" decoding=\"async\" src=\"http:\/\/serveiseducatius.xtec.cat\/badalona\/wp-content\/uploads\/usu1088\/2016\/07\/ah.jpg\" width=\"195\" \/><\/td>\n<\/tr>\n<\/tbody>\n<\/table>\n<p>\n\t\t&nbsp;<\/p>\n<\/div>\n","protected":false},"excerpt":{"rendered":"<p>&quot;Aprenem, vivim, sentim&#8230; a l&#39;aula hospital\u00e0ria Germans Trias i Pujol&quot; Dia: Dijous, 22 de maig Hora: 11:30 h a 12:30 [&hellip;]<\/p>\n","protected":false},"author":1,"featured_media":0,"comment_status":"open","ping_status":"open","sticky":false,"template":"","format":"standard","meta":{"_bbp_topic_count":0,"_bbp_reply_count":0,"_bbp_total_topic_count":0,"_bbp_total_reply_count":0,"_bbp_voice_count":0,"_bbp_anonymous_reply_count":0,"_bbp_topic_count_hidden":0,"_bbp_reply_count_hidden":0,"_bbp_forum_subforum_count":0,"site-sidebar-layout":"default","site-content-layout":"","ast-site-content-layout":"","site-content-style":"default","site-sidebar-style":"default","ast-global-header-display":"","ast-banner-title-visibility":"","ast-main-header-display":"","ast-hfb-above-header-display":"","ast-hfb-below-header-display":"","ast-hfb-mobile-header-display":"","site-post-title":"","ast-breadcrumbs-content":"","ast-featured-img":"","footer-sml-layout":"","theme-transparent-header-meta":"","adv-header-id-meta":"","stick-header-meta":"","header-above-stick-meta":"","header-main-stick-meta":"","header-below-stick-meta":"","astra-migrate-meta-layouts":"default","ast-page-background-enabled":"default","ast-page-background-meta":{"desktop":{"background-color":"var(--ast-global-color-4)","background-image":"","background-repeat":"repeat","background-position":"center center","background-size":"auto","background-attachment":"scroll","background-type":"","background-media":"","overlay-type":"","overlay-color":"","overlay-opacity":"","overlay-gradient":""},"tablet":{"background-color":"","background-image":"","background-repeat":"repeat","background-position":"center center","background-size":"auto","background-attachment":"scroll","background-type":"","background-media":"","overlay-type":"","overlay-color":"","overlay-opacity":"","overlay-gradient":""},"mobile":{"background-color":"","background-image":"","background-repeat":"repeat","background-position":"center center","background-size":"auto","background-attachment":"scroll","background-type":"","background-media":"","overlay-type":"","overlay-color":"","overlay-opacity":"","overlay-gradient":""}},"ast-content-background-meta":{"desktop":{"background-color":"var(--ast-global-color-5)","background-image":"","background-repeat":"repeat","background-position":"center center","background-size":"auto","background-attachment":"scroll","background-type":"","background-media":"","overlay-type":"","overlay-color":"","overlay-opacity":"","overlay-gradient":""},"tablet":{"background-color":"var(--ast-global-color-5)","background-image":"","background-repeat":"repeat","background-position":"center center","background-size":"auto","background-attachment":"scroll","background-type":"","background-media":"","overlay-type":"","overlay-color":"","overlay-opacity":"","overlay-gradient":""},"mobile":{"background-color":"var(--ast-global-color-5)","background-image":"","background-repeat":"repeat","background-position":"center center","background-size":"auto","background-attachment":"scroll","background-type":"","background-media":"","overlay-type":"","overlay-color":"","overlay-opacity":"","overlay-gradient":""}},"footnotes":""},"categories":[66,1,330,29],"tags":[205,208],"class_list":["post-2048","post","type-post","status-publish","format-standard","hentry","category-dinamitzacio","category-general","category-marato-de-radio","category-portada","tag-intraweb","tag-noticies"],"post_mailing_queue_ids":[],"_links":{"self":[{"href":"https:\/\/serveiseducatius.xtec.cat\/badalona\/wp-json\/wp\/v2\/posts\/2048","targetHints":{"allow":["GET"]}}],"collection":[{"href":"https:\/\/serveiseducatius.xtec.cat\/badalona\/wp-json\/wp\/v2\/posts"}],"about":[{"href":"https:\/\/serveiseducatius.xtec.cat\/badalona\/wp-json\/wp\/v2\/types\/post"}],"author":[{"embeddable":true,"href":"https:\/\/serveiseducatius.xtec.cat\/badalona\/wp-json\/wp\/v2\/users\/1"}],"replies":[{"embeddable":true,"href":"https:\/\/serveiseducatius.xtec.cat\/badalona\/wp-json\/wp\/v2\/comments?post=2048"}],"version-history":[{"count":1,"href":"https:\/\/serveiseducatius.xtec.cat\/badalona\/wp-json\/wp\/v2\/posts\/2048\/revisions"}],"predecessor-version":[{"id":3292,"href":"https:\/\/serveiseducatius.xtec.cat\/badalona\/wp-json\/wp\/v2\/posts\/2048\/revisions\/3292"}],"wp:attachment":[{"href":"https:\/\/serveiseducatius.xtec.cat\/badalona\/wp-json\/wp\/v2\/media?parent=2048"}],"wp:term":[{"taxonomy":"category","embeddable":true,"href":"https:\/\/serveiseducatius.xtec.cat\/badalona\/wp-json\/wp\/v2\/categories?post=2048"},{"taxonomy":"post_tag","embeddable":true,"href":"https:\/\/serveiseducatius.xtec.cat\/badalona\/wp-json\/wp\/v2\/tags?post=2048"}],"curies":[{"name":"wp","href":"https:\/\/api.w.org\/{rel}","templated":true}]}}