{"id":20387,"date":"2023-06-16T12:31:24","date_gmt":"2023-06-16T10:31:24","guid":{"rendered":"https:\/\/serveiseducatius.xtec.cat\/badalona\/?p=20387"},"modified":"2023-06-16T12:31:24","modified_gmt":"2023-06-16T10:31:24","slug":"convocatoria-dels-premis-aprenentatge-servei-2023","status":"publish","type":"post","link":"https:\/\/serveiseducatius.xtec.cat\/badalona\/portada\/convocatoria-dels-premis-aprenentatge-servei-2023\/","title":{"rendered":"Convocat\u00f2ria dels Premis Aprenentatge Servei 2023"},"content":{"rendered":"<p><img loading=\"lazy\" decoding=\"async\" class=\"wp-image-20388 size-medium alignleft\" src=\"https:\/\/serveiseducatius.xtec.cat\/badalona\/wp-content\/uploads\/usu1088\/2023\/06\/PremiAprenentatgeServei-300x192.png\" alt=\"\" width=\"300\" height=\"192\" srcset=\"https:\/\/serveiseducatius.xtec.cat\/badalona\/wp-content\/uploads\/usu1088\/2023\/06\/PremiAprenentatgeServei-300x192.png 300w, https:\/\/serveiseducatius.xtec.cat\/badalona\/wp-content\/uploads\/usu1088\/2023\/06\/PremiAprenentatgeServei.png 489w\" sizes=\"auto, (max-width: 300px) 100vw, 300px\" \/>La Xarxa Espanyola d&#8217;Aprenentatge Servei, la Fundaci\u00f3 Edeb\u00e9 i l&#8217;ONG Educo amb la col\u00b7laboraci\u00f3 del Ministeri d&#8217;Educaci\u00f3 i Formaci\u00f3 Professional, tornen a impulsar la convocat\u00f2ria de car\u00e0cter estatal Premio Aprendizaje-Servicio 2023, que enguany arriba a la seva setena edici\u00f3, adre\u00e7ada a entitats socials, centres d&#8217;educaci\u00f3 Infantil-Prim\u00e0ria, ESO-Batxillerat i Formaci\u00f3 Professional i Ocupacional, que estiguin desenvolupant pr\u00e0ctiques d&#8217;aprenentatge servei.<\/p>\n<p>S\u00f3n pr\u00e0ctiques que uneixen \u00e8xit educatiu i comprom\u00eds social. En elles, nens, nenes i joves s&#8217;impliquen en accions destinades a millorar el seu entorn al mateix temps que enforteixen coneixements, habilitats, actituds i valors: aprenen tot fent un servei a la comunitat.<\/p>\n<ul>\n<li>Plantant arbres, aprenen sobre els boscos i el paisatge, la desforestaci\u00f3, el canvi clim\u00e0tic\u2026<\/li>\n<li>Muntant una campanya de donaci\u00f3 de sang, aprenen sobre els grups sanguinis, els components de la sang i la seva funci\u00f3 en l&#8217;organisme, les transfusions\u2026<\/li>\n<li>Creant un itinerari tur\u00edstic amb codis QR, aprenen sobre el patrimoni art\u00edstic i urban\u00edstic de la seva poblaci\u00f3, sobre hist\u00f2ria, sobre tecnologia m\u00f2bil\u2026<\/li>\n<\/ul>\n<p>I en totes aquestes experi\u00e8ncies, a m\u00e9s, els nois i noies aprenen esfor\u00e7, organitzaci\u00f3, treball en equip, presa de decisions, solidaritat, empatia, habilitats comunicatives\u2026<br \/>\nDes de la web <a href=\"https:\/\/aprendizajeservicio.com\/\" target=\"_blank\" rel=\"noopener\">https:\/\/aprendizajeservicio.com<\/a> s&#8217;accedeix a tota la informaci\u00f3. Els projectes es poden presentar en catal\u00e0, euskera, gallec i castell\u00e0. Hi ha temps fins al 30 de setembre 2023. S&#8217;acullen projectes de dos cursos acad\u00e8mics: el 2021-2022 i el 2022-2023.<\/p>\n<p>L&#8217;acte de lliurament de premis tindr\u00e0 lloc a Valladolid el <strong>divendres dia 15 de desembre de 2023<\/strong>, en el marc de la <strong>XVI Trobada Estatal d&#8217;Aprenentatge-Servei<\/strong>.<\/p>\n<p>Donen suport a aquesta iniciativa DKV Assegurances, Fundaci\u00f3 la Caixa, CENEAM (Ministeri de la Transici\u00f3 Ecol\u00f2gica i Repte Demogr\u00e0fic), OEI (Organizaci\u00f3n de Estados Iberoamericanos), Fundaci\u00f3n Ana Bella, Fundaci\u00f3 Mullor, Plena Inclusi\u00f3n, Torresco, Esemtia, Fundaci\u00f3 Princesa de Girona, Esplai Florida, ACES-Andaluc\u00eda i l&#8217;Ajuntament de Valladolid.<br \/>\nSi coneixeu educadors i educadores implicats en desenvolupar el talent dels nens, nenes i joves al servei del b\u00e9 com\u00fa&#8230; animeu-los a presentar el seu projecte!<\/p>\n","protected":false},"excerpt":{"rendered":"<p>La Xarxa Espanyola d&#8217;Aprenentatge Servei, la Fundaci\u00f3 Edeb\u00e9 i l&#8217;ONG Educo amb la col\u00b7laboraci\u00f3 del Ministeri d&#8217;Educaci\u00f3 i Formaci\u00f3 Professional, [&hellip;]<\/p>\n","protected":false},"author":1,"featured_media":20388,"comment_status":"closed","ping_status":"closed","sticky":false,"template":"","format":"standard","meta":{"_bbp_topic_count":0,"_bbp_reply_count":0,"_bbp_total_topic_count":0,"_bbp_total_reply_count":0,"_bbp_voice_count":0,"_bbp_anonymous_reply_count":0,"_bbp_topic_count_hidden":0,"_bbp_reply_count_hidden":0,"_bbp_forum_subforum_count":0,"site-sidebar-layout":"default","site-content-layout":"","ast-site-content-layout":"","site-content-style":"default","site-sidebar-style":"default","ast-global-header-display":"","ast-banner-title-visibility":"","ast-main-header-display":"","ast-hfb-above-header-display":"","ast-hfb-below-header-display":"","ast-hfb-mobile-header-display":"","site-post-title":"","ast-breadcrumbs-content":"","ast-featured-img":"","footer-sml-layout":"","theme-transparent-header-meta":"","adv-header-id-meta":"","stick-header-meta":"","header-above-stick-meta":"","header-main-stick-meta":"","header-below-stick-meta":"","astra-migrate-meta-layouts":"default","ast-page-background-enabled":"default","ast-page-background-meta":{"desktop":{"background-color":"var(--ast-global-color-4)","background-image":"","background-repeat":"repeat","background-position":"center center","background-size":"auto","background-attachment":"scroll","background-type":"","background-media":"","overlay-type":"","overlay-color":"","overlay-opacity":"","overlay-gradient":""},"tablet":{"background-color":"","background-image":"","background-repeat":"repeat","background-position":"center center","background-size":"auto","background-attachment":"scroll","background-type":"","background-media":"","overlay-type":"","overlay-color":"","overlay-opacity":"","overlay-gradient":""},"mobile":{"background-color":"","background-image":"","background-repeat":"repeat","background-position":"center center","background-size":"auto","background-attachment":"scroll","background-type":"","background-media":"","overlay-type":"","overlay-color":"","overlay-opacity":"","overlay-gradient":""}},"ast-content-background-meta":{"desktop":{"background-color":"var(--ast-global-color-5)","background-image":"","background-repeat":"repeat","background-position":"center center","background-size":"auto","background-attachment":"scroll","background-type":"","background-media":"","overlay-type":"","overlay-color":"","overlay-opacity":"","overlay-gradient":""},"tablet":{"background-color":"var(--ast-global-color-5)","background-image":"","background-repeat":"repeat","background-position":"center center","background-size":"auto","background-attachment":"scroll","background-type":"","background-media":"","overlay-type":"","overlay-color":"","overlay-opacity":"","overlay-gradient":""},"mobile":{"background-color":"var(--ast-global-color-5)","background-image":"","background-repeat":"repeat","background-position":"center center","background-size":"auto","background-attachment":"scroll","background-type":"","background-media":"","overlay-type":"","overlay-color":"","overlay-opacity":"","overlay-gradient":""}},"footnotes":""},"categories":[64,29,77],"tags":[1711,111],"class_list":["post-20387","post","type-post","status-publish","format-standard","has-post-thumbnail","hentry","category-comunitat","category-portada","category-servei-comunitari","tag-aprenentatge-servei","tag-servei-comunitari"],"post_mailing_queue_ids":[],"_links":{"self":[{"href":"https:\/\/serveiseducatius.xtec.cat\/badalona\/wp-json\/wp\/v2\/posts\/20387","targetHints":{"allow":["GET"]}}],"collection":[{"href":"https:\/\/serveiseducatius.xtec.cat\/badalona\/wp-json\/wp\/v2\/posts"}],"about":[{"href":"https:\/\/serveiseducatius.xtec.cat\/badalona\/wp-json\/wp\/v2\/types\/post"}],"author":[{"embeddable":true,"href":"https:\/\/serveiseducatius.xtec.cat\/badalona\/wp-json\/wp\/v2\/users\/1"}],"replies":[{"embeddable":true,"href":"https:\/\/serveiseducatius.xtec.cat\/badalona\/wp-json\/wp\/v2\/comments?post=20387"}],"version-history":[{"count":1,"href":"https:\/\/serveiseducatius.xtec.cat\/badalona\/wp-json\/wp\/v2\/posts\/20387\/revisions"}],"predecessor-version":[{"id":20389,"href":"https:\/\/serveiseducatius.xtec.cat\/badalona\/wp-json\/wp\/v2\/posts\/20387\/revisions\/20389"}],"wp:featuredmedia":[{"embeddable":true,"href":"https:\/\/serveiseducatius.xtec.cat\/badalona\/wp-json\/wp\/v2\/media\/20388"}],"wp:attachment":[{"href":"https:\/\/serveiseducatius.xtec.cat\/badalona\/wp-json\/wp\/v2\/media?parent=20387"}],"wp:term":[{"taxonomy":"category","embeddable":true,"href":"https:\/\/serveiseducatius.xtec.cat\/badalona\/wp-json\/wp\/v2\/categories?post=20387"},{"taxonomy":"post_tag","embeddable":true,"href":"https:\/\/serveiseducatius.xtec.cat\/badalona\/wp-json\/wp\/v2\/tags?post=20387"}],"curies":[{"name":"wp","href":"https:\/\/api.w.org\/{rel}","templated":true}]}}