{"id":20338,"date":"2023-06-06T07:36:42","date_gmt":"2023-06-06T05:36:42","guid":{"rendered":"https:\/\/serveiseducatius.xtec.cat\/badalona\/?p=20338"},"modified":"2023-06-05T13:06:06","modified_gmt":"2023-06-05T11:06:06","slug":"places-disponibles-situacions-daprenentatge-per-al-batxillerat-competencial","status":"publish","type":"post","link":"https:\/\/serveiseducatius.xtec.cat\/badalona\/portada\/places-disponibles-situacions-daprenentatge-per-al-batxillerat-competencial\/","title":{"rendered":"Places disponibles: Situacions d&#8217;aprenentatge per al batxillerat competencial"},"content":{"rendered":"<p><img loading=\"lazy\" decoding=\"async\" class=\"size-full wp-image-20340 alignright\" src=\"https:\/\/serveiseducatius.xtec.cat\/badalona\/wp-content\/uploads\/usu1088\/2023\/06\/nus-mans-scaled-e1685962234413.jpg\" alt=\"\" width=\"300\" height=\"200\" \/>El Servei de Curr\u00edculum de Secund\u00e0ria i Batxillerat organitza els seg\u00fcents cursos pel professorat de batxillerat de l\u2019especialitat d\u2019acord amb el decret 171\/2022 de 20 setembre, d&#8217;ordenaci\u00f3 dels ensenyaments de batxillerat. Partint d&#8217;una situaci\u00f3 d&#8217;aprenentatge model els participants elaboraran, de manera col\u00b7laborativa, la seva pr\u00f2pia situaci\u00f3 d&#8217;aprenentatge acompanyats per la persona formadora.<\/p>\n<p>La formaci\u00f3 presencial \u00e9s de 30h i es dur\u00e0 a terme la <strong>primera setmana de juliol (del 3 al 7)<\/strong>. Totes les sessions s\u00f3n de 4 hores; la resta d&#8217;hores corresponen al treball personal, entre sessions.<\/p>\n<p><span style=\"color: #000080;\"><strong>Encara hi ha places disponibles! Si us hi voleu inscriure, teniu temps fins al 15 de juny.<\/strong><\/span><\/p>\n<table style=\"border-collapse: collapse; width: 100%; height: 272px;\">\n<tbody>\n<tr style=\"height: 32px;\">\n<td style=\"width: 11.8675%; height: 32px;\"><strong>CODI<\/strong><\/td>\n<td style=\"width: 38.3735%; height: 32px;\"><strong>T\u00cdTOL DE L&#8217;ACTIVITAT<\/strong><\/td>\n<td style=\"width: 6.64662%; height: 32px;\">\u00a0<\/td>\n<td style=\"width: 24.3172%; height: 32px;\"><strong>LLOC DE REALITZACI\u00d3<\/strong><\/td>\n<td style=\"width: 18.7952%; height: 32px;\"><strong>ENLLA\u00c7 D&#8217;INSCRIPCI\u00d3<\/strong><\/td>\n<\/tr>\n<tr style=\"height: 48px;\">\n<td style=\"width: 11.8675%; height: 48px;\">2004300557<\/td>\n<td style=\"width: 38.3735%; height: 48px;\">Situacions d&#8217;aprenentatge per al batxillerat competencial (DIBUIX)<\/td>\n<td style=\"width: 6.64662%; height: 48px;\">BJDI<\/td>\n<td style=\"width: 24.3172%; height: 48px;\">Institut Eugeni d&#8217;Ors (Badalona)<\/td>\n<td style=\"width: 18.7952%; height: 48px;\"><strong><a href=\"https:\/\/aplicacions.gestioeducativa.gencat.cat\/pls\/soloas\/pk_for_mod_ins.p_for_detall_activitat?p_codi=2004300557&amp;p_curs=2022-2023&amp;p_es_inscr=S\" target=\"_blank\" rel=\"noopener\">Places disponibles<\/a><\/strong><\/td>\n<\/tr>\n<tr style=\"height: 48px;\">\n<td style=\"width: 11.8675%; height: 48px;\">2004310557<\/td>\n<td style=\"width: 38.3735%; height: 48px;\">Situacions d&#8217;aprenentatge per al batxillerat competencial (F\u00cdSICA I QU\u00cdMICA)<\/td>\n<td style=\"width: 6.64662%; height: 48px;\">BJFQ<\/td>\n<td style=\"width: 24.3172%; height: 48px;\">CRP de l&#8217;Hospitalet de Llobregat (L&#8217;Hospitalet de Ll)<\/td>\n<td style=\"width: 18.7952%; height: 48px;\"><strong><a href=\"https:\/\/aplicacions.gestioeducativa.gencat.cat\/pls\/soloas\/pk_for_mod_ins.p_for_detall_activitat?p_codi=2004310557&amp;p_curs=2022-2023&amp;p_es_inscr=S\" target=\"_blank\" rel=\"noopener\">Places disponibles<\/a><\/strong><\/td>\n<\/tr>\n<tr style=\"height: 48px;\">\n<td style=\"width: 11.8675%; height: 48px;\">2004320557<\/td>\n<td style=\"width: 38.3735%; height: 48px;\">Situacions d&#8217;aprenentatge per al batxillerat competencial (LLENGUA I CULTURA CL\u00c0SSIQUES)<\/td>\n<td style=\"width: 6.64662%; height: 48px;\">BJCC<\/td>\n<td style=\"width: 24.3172%; height: 48px;\">Institut Badalona VII (Badalona)<\/td>\n<td style=\"width: 18.7952%; height: 48px;\"><strong><a href=\"https:\/\/aplicacions.gestioeducativa.gencat.cat\/pls\/soloas\/pk_for_mod_ins.p_for_detall_activitat?p_codi=2004320557&amp;p_curs=2022-2023&amp;p_es_inscr=S\" target=\"_blank\" rel=\"noopener\">Places disponibles<\/a><\/strong><\/td>\n<\/tr>\n<tr style=\"height: 48px;\">\n<td style=\"width: 11.8675%; height: 48px;\">2004330557<\/td>\n<td style=\"width: 38.3735%; height: 48px;\">Situacions d&#8217;aprenentatge per al batxillerat competencial (LLENGUA I LITERATURA CATALANA I CASTELLANA)<\/td>\n<td style=\"width: 6.64662%; height: 48px;\">BJLC<\/td>\n<td style=\"width: 24.3172%; height: 48px;\">Institut Eugeni d&#8217;Ors (Badalona)<\/td>\n<td style=\"width: 18.7952%; height: 48px;\"><strong><span style=\"color: #ff0000;\">INSCRIPCI\u00d3 TANCADA<\/span><\/strong><\/td>\n<\/tr>\n<tr style=\"height: 48px;\">\n<td style=\"width: 11.8675%; height: 48px;\">2004340557<\/td>\n<td style=\"width: 38.3735%; height: 48px;\">Situacions d&#8217;aprenentatge per al batxillerat competencial (MATEM\u00c0TIQUES)<\/td>\n<td style=\"width: 6.64662%; height: 48px;\">BJMA<\/td>\n<td style=\"width: 24.3172%; height: 48px;\">CRP de l&#8217;Hospitalet de Llobregat (L&#8217;Hospitalet de Ll)<\/td>\n<td style=\"width: 18.7952%; height: 48px;\"><strong><a href=\"https:\/\/aplicacions.gestioeducativa.gencat.cat\/pls\/soloas\/pk_for_mod_ins.p_for_detall_activitat?p_codi=2004340557&amp;p_curs=2022-2023&amp;p_es_inscr=S\" target=\"_blank\" rel=\"noopener\">Places disponibles<\/a><\/strong><\/td>\n<\/tr>\n<\/tbody>\n<\/table>\n","protected":false},"excerpt":{"rendered":"<p>El Servei de Curr\u00edculum de Secund\u00e0ria i Batxillerat organitza els seg\u00fcents cursos pel professorat de batxillerat de l\u2019especialitat d\u2019acord amb [&hellip;]<\/p>\n","protected":false},"author":9,"featured_media":20340,"comment_status":"closed","ping_status":"closed","sticky":false,"template":"","format":"standard","meta":{"_bbp_topic_count":0,"_bbp_reply_count":0,"_bbp_total_topic_count":0,"_bbp_total_reply_count":0,"_bbp_voice_count":0,"_bbp_anonymous_reply_count":0,"_bbp_topic_count_hidden":0,"_bbp_reply_count_hidden":0,"_bbp_forum_subforum_count":0,"site-sidebar-layout":"default","site-content-layout":"","ast-site-content-layout":"","site-content-style":"default","site-sidebar-style":"default","ast-global-header-display":"","ast-banner-title-visibility":"","ast-main-header-display":"","ast-hfb-above-header-display":"","ast-hfb-below-header-display":"","ast-hfb-mobile-header-display":"","site-post-title":"","ast-breadcrumbs-content":"","ast-featured-img":"","footer-sml-layout":"","theme-transparent-header-meta":"","adv-header-id-meta":"","stick-header-meta":"","header-above-stick-meta":"","header-main-stick-meta":"","header-below-stick-meta":"","astra-migrate-meta-layouts":"default","ast-page-background-enabled":"default","ast-page-background-meta":{"desktop":{"background-color":"var(--ast-global-color-4)","background-image":"","background-repeat":"repeat","background-position":"center center","background-size":"auto","background-attachment":"scroll","background-type":"","background-media":"","overlay-type":"","overlay-color":"","overlay-opacity":"","overlay-gradient":""},"tablet":{"background-color":"","background-image":"","background-repeat":"repeat","background-position":"center center","background-size":"auto","background-attachment":"scroll","background-type":"","background-media":"","overlay-type":"","overlay-color":"","overlay-opacity":"","overlay-gradient":""},"mobile":{"background-color":"","background-image":"","background-repeat":"repeat","background-position":"center center","background-size":"auto","background-attachment":"scroll","background-type":"","background-media":"","overlay-type":"","overlay-color":"","overlay-opacity":"","overlay-gradient":""}},"ast-content-background-meta":{"desktop":{"background-color":"var(--ast-global-color-5)","background-image":"","background-repeat":"repeat","background-position":"center center","background-size":"auto","background-attachment":"scroll","background-type":"","background-media":"","overlay-type":"","overlay-color":"","overlay-opacity":"","overlay-gradient":""},"tablet":{"background-color":"var(--ast-global-color-5)","background-image":"","background-repeat":"repeat","background-position":"center center","background-size":"auto","background-attachment":"scroll","background-type":"","background-media":"","overlay-type":"","overlay-color":"","overlay-opacity":"","overlay-gradient":""},"mobile":{"background-color":"var(--ast-global-color-5)","background-image":"","background-repeat":"repeat","background-position":"center center","background-size":"auto","background-attachment":"scroll","background-type":"","background-media":"","overlay-type":"","overlay-color":"","overlay-opacity":"","overlay-gradient":""}},"footnotes":""},"categories":[165,29],"tags":[1830],"class_list":["post-20338","post","type-post","status-publish","format-standard","has-post-thumbnail","hentry","category-formacio","category-portada","tag-batxillerat-competencial"],"post_mailing_queue_ids":[],"_links":{"self":[{"href":"https:\/\/serveiseducatius.xtec.cat\/badalona\/wp-json\/wp\/v2\/posts\/20338","targetHints":{"allow":["GET"]}}],"collection":[{"href":"https:\/\/serveiseducatius.xtec.cat\/badalona\/wp-json\/wp\/v2\/posts"}],"about":[{"href":"https:\/\/serveiseducatius.xtec.cat\/badalona\/wp-json\/wp\/v2\/types\/post"}],"author":[{"embeddable":true,"href":"https:\/\/serveiseducatius.xtec.cat\/badalona\/wp-json\/wp\/v2\/users\/9"}],"replies":[{"embeddable":true,"href":"https:\/\/serveiseducatius.xtec.cat\/badalona\/wp-json\/wp\/v2\/comments?post=20338"}],"version-history":[{"count":2,"href":"https:\/\/serveiseducatius.xtec.cat\/badalona\/wp-json\/wp\/v2\/posts\/20338\/revisions"}],"predecessor-version":[{"id":20341,"href":"https:\/\/serveiseducatius.xtec.cat\/badalona\/wp-json\/wp\/v2\/posts\/20338\/revisions\/20341"}],"wp:featuredmedia":[{"embeddable":true,"href":"https:\/\/serveiseducatius.xtec.cat\/badalona\/wp-json\/wp\/v2\/media\/20340"}],"wp:attachment":[{"href":"https:\/\/serveiseducatius.xtec.cat\/badalona\/wp-json\/wp\/v2\/media?parent=20338"}],"wp:term":[{"taxonomy":"category","embeddable":true,"href":"https:\/\/serveiseducatius.xtec.cat\/badalona\/wp-json\/wp\/v2\/categories?post=20338"},{"taxonomy":"post_tag","embeddable":true,"href":"https:\/\/serveiseducatius.xtec.cat\/badalona\/wp-json\/wp\/v2\/tags?post=20338"}],"curies":[{"name":"wp","href":"https:\/\/api.w.org\/{rel}","templated":true}]}}