{"id":20328,"date":"2023-06-02T10:41:35","date_gmt":"2023-06-02T08:41:35","guid":{"rendered":"https:\/\/serveiseducatius.xtec.cat\/badalona\/?p=20328"},"modified":"2023-06-05T12:25:47","modified_gmt":"2023-06-05T10:25:47","slug":"lie-rafael-alberti-dissenya-un-pla-per-visibilitzar-els-punts-no-accessibles-del-barri-de-llefia","status":"publish","type":"post","link":"https:\/\/serveiseducatius.xtec.cat\/badalona\/portada\/lie-rafael-alberti-dissenya-un-pla-per-visibilitzar-els-punts-no-accessibles-del-barri-de-llefia\/","title":{"rendered":"L&#8217;IE Rafael Alberti dissenya un pla per visibilitzar els punts no accessibles del barri de Llefi\u00e0"},"content":{"rendered":"<p><img loading=\"lazy\" decoding=\"async\" class=\"size-full wp-image-20331 alignright\" src=\"https:\/\/serveiseducatius.xtec.cat\/badalona\/wp-content\/uploads\/usu1088\/2023\/06\/FxePTlXWABUWHom-e1685694945550.jpg\" alt=\"\" width=\"300\" height=\"169\" \/>Aquest divendres el grup de 5\u00e8 de prim\u00e0ria de l&#8217;<a href=\"https:\/\/twitter.com\/IERAlberti\" target=\"_blank\" rel=\"noopener\">Institut Escola Rafael Alberti de Badalona<\/a> surt a penjar els senyals que ha dissenyat per visibilitzar els punts no accessibles del barri. Tamb\u00e9 aprofiten per explicar el seu projecte a fam\u00edlies, ve\u00efns i ve\u00efnes i sensibilitzar-los amb el tema. Us esperem divendres 2 de juny a les 16:00\u202fh! Aquest projecte tracta l&#8217;accessibilitat al barri de Llefi\u00e0 de Badalona. Ha estat un viatge emocional, cr\u00edtic, reflexiu, activista, STEAM i maker, ple d&#8217;aprenentatges compartits per ells i per tots els companys i companyes del <strong>Projecte Tecla<\/strong> del <a href=\"https:\/\/twitter.com\/fablabbcn\" target=\"_blank\" rel=\"noopener\">Fab Lab Barcelona<\/a> que els han acompanyat en aquesta aventura.<\/p>\n<p>Seguiu <strong><a href=\"https:\/\/twitter.com\/xavidominguez\/status\/1663955983230435344\" target=\"_blank\" rel=\"noopener\">aquest fil de Twitter<\/a><\/strong> si voleu veure imatges i v\u00eddeos de tot el proc\u00e9s!<\/p>\n","protected":false},"excerpt":{"rendered":"<p>Aquest divendres el grup de 5\u00e8 de prim\u00e0ria de l&#8217;Institut Escola Rafael Alberti de Badalona surt a penjar els senyals [&hellip;]<\/p>\n","protected":false},"author":9,"featured_media":20332,"comment_status":"closed","ping_status":"closed","sticky":false,"template":"","format":"standard","meta":{"_bbp_topic_count":0,"_bbp_reply_count":0,"_bbp_total_topic_count":0,"_bbp_total_reply_count":0,"_bbp_voice_count":0,"_bbp_anonymous_reply_count":0,"_bbp_topic_count_hidden":0,"_bbp_reply_count_hidden":0,"_bbp_forum_subforum_count":0,"site-sidebar-layout":"default","site-content-layout":"","ast-site-content-layout":"","site-content-style":"default","site-sidebar-style":"default","ast-global-header-display":"","ast-banner-title-visibility":"","ast-main-header-display":"","ast-hfb-above-header-display":"","ast-hfb-below-header-display":"","ast-hfb-mobile-header-display":"","site-post-title":"","ast-breadcrumbs-content":"","ast-featured-img":"","footer-sml-layout":"","theme-transparent-header-meta":"","adv-header-id-meta":"","stick-header-meta":"","header-above-stick-meta":"","header-main-stick-meta":"","header-below-stick-meta":"","astra-migrate-meta-layouts":"default","ast-page-background-enabled":"default","ast-page-background-meta":{"desktop":{"background-color":"var(--ast-global-color-4)","background-image":"","background-repeat":"repeat","background-position":"center center","background-size":"auto","background-attachment":"scroll","background-type":"","background-media":"","overlay-type":"","overlay-color":"","overlay-opacity":"","overlay-gradient":""},"tablet":{"background-color":"","background-image":"","background-repeat":"repeat","background-position":"center center","background-size":"auto","background-attachment":"scroll","background-type":"","background-media":"","overlay-type":"","overlay-color":"","overlay-opacity":"","overlay-gradient":""},"mobile":{"background-color":"","background-image":"","background-repeat":"repeat","background-position":"center center","background-size":"auto","background-attachment":"scroll","background-type":"","background-media":"","overlay-type":"","overlay-color":"","overlay-opacity":"","overlay-gradient":""}},"ast-content-background-meta":{"desktop":{"background-color":"var(--ast-global-color-5)","background-image":"","background-repeat":"repeat","background-position":"center center","background-size":"auto","background-attachment":"scroll","background-type":"","background-media":"","overlay-type":"","overlay-color":"","overlay-opacity":"","overlay-gradient":""},"tablet":{"background-color":"var(--ast-global-color-5)","background-image":"","background-repeat":"repeat","background-position":"center center","background-size":"auto","background-attachment":"scroll","background-type":"","background-media":"","overlay-type":"","overlay-color":"","overlay-opacity":"","overlay-gradient":""},"mobile":{"background-color":"var(--ast-global-color-5)","background-image":"","background-repeat":"repeat","background-position":"center center","background-size":"auto","background-attachment":"scroll","background-type":"","background-media":"","overlay-type":"","overlay-color":"","overlay-opacity":"","overlay-gradient":""}},"footnotes":""},"categories":[64,1662,29,1410],"tags":[539,1826,1829,1827,619,1828],"class_list":["post-20328","post","type-post","status-publish","format-standard","has-post-thumbnail","hentry","category-comunitat","category-experiencies-de-centres","category-portada","category-steam","tag-accessibilitat","tag-aleesha","tag-fablabbcn","tag-projecte-tecla","tag-steam","tag-tecla"],"post_mailing_queue_ids":[],"_links":{"self":[{"href":"https:\/\/serveiseducatius.xtec.cat\/badalona\/wp-json\/wp\/v2\/posts\/20328","targetHints":{"allow":["GET"]}}],"collection":[{"href":"https:\/\/serveiseducatius.xtec.cat\/badalona\/wp-json\/wp\/v2\/posts"}],"about":[{"href":"https:\/\/serveiseducatius.xtec.cat\/badalona\/wp-json\/wp\/v2\/types\/post"}],"author":[{"embeddable":true,"href":"https:\/\/serveiseducatius.xtec.cat\/badalona\/wp-json\/wp\/v2\/users\/9"}],"replies":[{"embeddable":true,"href":"https:\/\/serveiseducatius.xtec.cat\/badalona\/wp-json\/wp\/v2\/comments?post=20328"}],"version-history":[{"count":1,"href":"https:\/\/serveiseducatius.xtec.cat\/badalona\/wp-json\/wp\/v2\/posts\/20328\/revisions"}],"predecessor-version":[{"id":20333,"href":"https:\/\/serveiseducatius.xtec.cat\/badalona\/wp-json\/wp\/v2\/posts\/20328\/revisions\/20333"}],"wp:featuredmedia":[{"embeddable":true,"href":"https:\/\/serveiseducatius.xtec.cat\/badalona\/wp-json\/wp\/v2\/media\/20332"}],"wp:attachment":[{"href":"https:\/\/serveiseducatius.xtec.cat\/badalona\/wp-json\/wp\/v2\/media?parent=20328"}],"wp:term":[{"taxonomy":"category","embeddable":true,"href":"https:\/\/serveiseducatius.xtec.cat\/badalona\/wp-json\/wp\/v2\/categories?post=20328"},{"taxonomy":"post_tag","embeddable":true,"href":"https:\/\/serveiseducatius.xtec.cat\/badalona\/wp-json\/wp\/v2\/tags?post=20328"}],"curies":[{"name":"wp","href":"https:\/\/api.w.org\/{rel}","templated":true}]}}