{"id":20201,"date":"2023-05-15T08:22:29","date_gmt":"2023-05-15T06:22:29","guid":{"rendered":"https:\/\/serveiseducatius.xtec.cat\/badalona\/?p=20201"},"modified":"2023-05-15T08:22:29","modified_gmt":"2023-05-15T06:22:29","slug":"17-de-maig-2023-dia-internacional-contra-llgtbiq-fobia-ajuntament-de-badalona","status":"publish","type":"post","link":"https:\/\/serveiseducatius.xtec.cat\/badalona\/portada\/17-de-maig-2023-dia-internacional-contra-llgtbiq-fobia-ajuntament-de-badalona\/","title":{"rendered":"17 de maig 2023. Dia internacional contra l&#8217;LGTBIQ-f\u00f2bia. Ajuntament de Badalona"},"content":{"rendered":"<p>&nbsp;<\/p>\n<p><img loading=\"lazy\" decoding=\"async\" class=\"wp-image-20203 alignleft\" src=\"https:\/\/serveiseducatius.xtec.cat\/badalona\/wp-content\/uploads\/usu1088\/2023\/05\/Captura1.png\" alt=\"\" width=\"312\" height=\"444\" srcset=\"https:\/\/serveiseducatius.xtec.cat\/badalona\/wp-content\/uploads\/usu1088\/2023\/05\/Captura1.png 554w, https:\/\/serveiseducatius.xtec.cat\/badalona\/wp-content\/uploads\/usu1088\/2023\/05\/Captura1-211x300.png 211w\" sizes=\"auto, (max-width: 312px) 100vw, 312px\" \/><\/p>\n<p>&nbsp;<\/p>\n<p>El <strong>17 de maig se celebra el Dia Internacional contra l&#8217;homof\u00f2bia, la lesbof\u00f2bia, la bif\u00f2bia, la transf\u00f2bia i la interf\u00f2bia (LGTBI-f\u00f2bia)<\/strong> pel fet que, en aquest mateix dia de 1990, l\u2019OMS (Organitzaci\u00f3 Mundial de la Salut) va eliminar l\u2019homosexualitat de la llista de malalties mentals.<\/p>\n<p>Han passat, doncs, trenta-tres anys des de l&#8217;eliminaci\u00f3 de l&#8217;homosexualitat d\u2019aquestes llistes de malalties mentals i, malgrat que en els \u00faltims anys s\u00f3n molts els avan\u00e7os que s\u2019han fet en igualtat i reconeixements legals, continuen existint molt\u00edssims casos de discriminaci\u00f3 vers el col\u00b7lectiu LGTBIQ+.<\/p>\n<p>Cal continuar avan\u00e7ant fins aconseguir una ciutadania plena en drets i llibertats. Encara hi ha nombrosos obstacles que impedeixen que la igualtat legal de les persones LGTBIQ+ sigui real i efectiva. Per aix\u00f2, \u00e9s necessari conscienciar els ciutadans i posar en valor la diversitat sexual, de g\u00e8nere i familiar.<\/p>\n<p>Per tal de visibilitzar la discriminaci\u00f3, la injust\u00edcia\u00a0i la viol\u00e8ncia\u00a0que encara pateixen moltes persones per la seva identitat de g\u00e8nere, orientaci\u00f3 sexual i\/o\u00a0afectiva, expressi\u00f3 de g\u00e8nere o caracter\u00edstiques sexuals,\u00a0el <strong>Servei de Feminismes i LGTBIQ+ de l&#8217;Ajuntament de Badalona<\/strong> promou diversos actes que ens ajuden a ser-ne conscients.<\/p>\n<p><a href=\"http:\/\/badalona.cat\/portalWeb\/getfile?dID=127398&amp;rendition=web\" target=\"_blank\" rel=\"noopener\">Consulta<\/a> els actes i participa-hi!<\/p>\n","protected":false},"excerpt":{"rendered":"<p>&nbsp; &nbsp; El 17 de maig se celebra el Dia Internacional contra l&#8217;homof\u00f2bia, la lesbof\u00f2bia, la bif\u00f2bia, la transf\u00f2bia i [&hellip;]<\/p>\n","protected":false},"author":15,"featured_media":20202,"comment_status":"closed","ping_status":"closed","sticky":false,"template":"","format":"standard","meta":{"_bbp_topic_count":0,"_bbp_reply_count":0,"_bbp_total_topic_count":0,"_bbp_total_reply_count":0,"_bbp_voice_count":0,"_bbp_anonymous_reply_count":0,"_bbp_topic_count_hidden":0,"_bbp_reply_count_hidden":0,"_bbp_forum_subforum_count":0,"site-sidebar-layout":"default","site-content-layout":"","ast-site-content-layout":"","site-content-style":"default","site-sidebar-style":"default","ast-global-header-display":"","ast-banner-title-visibility":"","ast-main-header-display":"","ast-hfb-above-header-display":"","ast-hfb-below-header-display":"","ast-hfb-mobile-header-display":"","site-post-title":"","ast-breadcrumbs-content":"","ast-featured-img":"","footer-sml-layout":"","theme-transparent-header-meta":"","adv-header-id-meta":"","stick-header-meta":"","header-above-stick-meta":"","header-main-stick-meta":"","header-below-stick-meta":"","astra-migrate-meta-layouts":"default","ast-page-background-enabled":"default","ast-page-background-meta":{"desktop":{"background-color":"var(--ast-global-color-4)","background-image":"","background-repeat":"repeat","background-position":"center center","background-size":"auto","background-attachment":"scroll","background-type":"","background-media":"","overlay-type":"","overlay-color":"","overlay-opacity":"","overlay-gradient":""},"tablet":{"background-color":"","background-image":"","background-repeat":"repeat","background-position":"center center","background-size":"auto","background-attachment":"scroll","background-type":"","background-media":"","overlay-type":"","overlay-color":"","overlay-opacity":"","overlay-gradient":""},"mobile":{"background-color":"","background-image":"","background-repeat":"repeat","background-position":"center center","background-size":"auto","background-attachment":"scroll","background-type":"","background-media":"","overlay-type":"","overlay-color":"","overlay-opacity":"","overlay-gradient":""}},"ast-content-background-meta":{"desktop":{"background-color":"var(--ast-global-color-5)","background-image":"","background-repeat":"repeat","background-position":"center center","background-size":"auto","background-attachment":"scroll","background-type":"","background-media":"","overlay-type":"","overlay-color":"","overlay-opacity":"","overlay-gradient":""},"tablet":{"background-color":"var(--ast-global-color-5)","background-image":"","background-repeat":"repeat","background-position":"center center","background-size":"auto","background-attachment":"scroll","background-type":"","background-media":"","overlay-type":"","overlay-color":"","overlay-opacity":"","overlay-gradient":""},"mobile":{"background-color":"var(--ast-global-color-5)","background-image":"","background-repeat":"repeat","background-position":"center center","background-size":"auto","background-attachment":"scroll","background-type":"","background-media":"","overlay-type":"","overlay-color":"","overlay-opacity":"","overlay-gradient":""}},"footnotes":""},"categories":[1450,29,76],"tags":[645,1607],"class_list":["post-20201","post","type-post","status-publish","format-standard","has-post-thumbnail","hentry","category-coeducacio-perspectiva-de-genere-i-educacio-afectiva-sexual","category-portada","category-recursos","tag-coeducacio","tag-lgtbi"],"post_mailing_queue_ids":[],"_links":{"self":[{"href":"https:\/\/serveiseducatius.xtec.cat\/badalona\/wp-json\/wp\/v2\/posts\/20201","targetHints":{"allow":["GET"]}}],"collection":[{"href":"https:\/\/serveiseducatius.xtec.cat\/badalona\/wp-json\/wp\/v2\/posts"}],"about":[{"href":"https:\/\/serveiseducatius.xtec.cat\/badalona\/wp-json\/wp\/v2\/types\/post"}],"author":[{"embeddable":true,"href":"https:\/\/serveiseducatius.xtec.cat\/badalona\/wp-json\/wp\/v2\/users\/15"}],"replies":[{"embeddable":true,"href":"https:\/\/serveiseducatius.xtec.cat\/badalona\/wp-json\/wp\/v2\/comments?post=20201"}],"version-history":[{"count":1,"href":"https:\/\/serveiseducatius.xtec.cat\/badalona\/wp-json\/wp\/v2\/posts\/20201\/revisions"}],"predecessor-version":[{"id":20204,"href":"https:\/\/serveiseducatius.xtec.cat\/badalona\/wp-json\/wp\/v2\/posts\/20201\/revisions\/20204"}],"wp:featuredmedia":[{"embeddable":true,"href":"https:\/\/serveiseducatius.xtec.cat\/badalona\/wp-json\/wp\/v2\/media\/20202"}],"wp:attachment":[{"href":"https:\/\/serveiseducatius.xtec.cat\/badalona\/wp-json\/wp\/v2\/media?parent=20201"}],"wp:term":[{"taxonomy":"category","embeddable":true,"href":"https:\/\/serveiseducatius.xtec.cat\/badalona\/wp-json\/wp\/v2\/categories?post=20201"},{"taxonomy":"post_tag","embeddable":true,"href":"https:\/\/serveiseducatius.xtec.cat\/badalona\/wp-json\/wp\/v2\/tags?post=20201"}],"curies":[{"name":"wp","href":"https:\/\/api.w.org\/{rel}","templated":true}]}}