{"id":2009,"date":"2014-01-08T11:09:50","date_gmt":"2014-01-08T10:09:50","guid":{"rendered":"http:\/\/serveiseducatius.xtec.cat\/badalona\/general\/the-fonix-7e-concurs-dangles-interescolar-de-catalunya\/"},"modified":"2016-12-22T13:53:28","modified_gmt":"2016-12-22T12:53:28","slug":"the-fonix-7e-concurs-dangles-interescolar-de-catalunya","status":"publish","type":"post","link":"https:\/\/serveiseducatius.xtec.cat\/badalona\/general\/the-fonix-7e-concurs-dangles-interescolar-de-catalunya\/","title":{"rendered":"THE FONIX 7\u00e8 Concurs d&#8217;angl\u00e8s interescolar de Catalunya"},"content":{"rendered":"<div>\n<table border=\"0\" class=\"htmtableborders \" height=\"161\" width=\"554\">\n<tbody>\n<tr bgcolor=\"FFF8F0\">\n<td align=\"left\" valign=\"top\" width=\"484\">\n<p>\n\t\t\t\t\t\t<font face=\"verdana,arial,helvetica,sans-serif\" size=\"2\">Es convoca el <a href=\"http:\/\/the-fonix.org\/bases.html\" target=\"_blank\" title=\"The phonix\"><strong>7\u00e8. Concurs d&#39;Angl\u00e8s Interescolar de Catalunya THE FONIX 2014<\/strong><\/a><font size=\"2\">,<\/font> organitzat per International House i per la Fundaci\u00f3 Catalana de l&#39;Esplai.<\/font><\/p>\n<p>\n\t\t\t\t\t\t<font face=\"verdana,arial,helvetica,sans-serif\" size=\"2\">La participaci\u00f3 \u00e9s gratu\u00efta <font size=\"2\">i<\/font> compta amb el suport de la <strong>Secretaria General de Pol\u00edtiques Educatives del Departament d&#39;Ensenyament de la Generalitat de Catalunya<\/strong>, com a activitat organitzada en el marc d&#39;iniciatives socials d&#39;accions d&#39;entorn i d&#39;activitats vers l&#39;excel&middot;l\u00e8ncia i en el del Pla d&#39;impuls de la llengua anglesa als centres educatius catalans.<\/font><\/p>\n<p>\n\t\t\t\t\t\t<strong><a href=\"http:\/\/the-fonix.org\/calendari.html\" target=\"_blank\" title=\"inscripci\u00f3\"><font face=\"verdana,arial,helvetica,sans-serif\" size=\"2\">Inscripci\u00f3 fins el 15 de gener <\/font><\/a><\/strong><\/p>\n<\/td>\n<\/tr>\n<\/tbody>\n<\/table>\n<\/div>\n","protected":false},"excerpt":{"rendered":"<p>Es convoca el 7\u00e8. Concurs d&#39;Angl\u00e8s Interescolar de Catalunya THE FONIX 2014, organitzat per International House i per la Fundaci\u00f3 [&hellip;]<\/p>\n","protected":false},"author":1,"featured_media":0,"comment_status":"open","ping_status":"open","sticky":false,"template":"","format":"standard","meta":{"_bbp_topic_count":0,"_bbp_reply_count":0,"_bbp_total_topic_count":0,"_bbp_total_reply_count":0,"_bbp_voice_count":0,"_bbp_anonymous_reply_count":0,"_bbp_topic_count_hidden":0,"_bbp_reply_count_hidden":0,"_bbp_forum_subforum_count":0,"site-sidebar-layout":"default","site-content-layout":"","ast-site-content-layout":"","site-content-style":"default","site-sidebar-style":"default","ast-global-header-display":"","ast-banner-title-visibility":"","ast-main-header-display":"","ast-hfb-above-header-display":"","ast-hfb-below-header-display":"","ast-hfb-mobile-header-display":"","site-post-title":"","ast-breadcrumbs-content":"","ast-featured-img":"","footer-sml-layout":"","theme-transparent-header-meta":"","adv-header-id-meta":"","stick-header-meta":"","header-above-stick-meta":"","header-main-stick-meta":"","header-below-stick-meta":"","astra-migrate-meta-layouts":"default","ast-page-background-enabled":"default","ast-page-background-meta":{"desktop":{"background-color":"var(--ast-global-color-4)","background-image":"","background-repeat":"repeat","background-position":"center center","background-size":"auto","background-attachment":"scroll","background-type":"","background-media":"","overlay-type":"","overlay-color":"","overlay-opacity":"","overlay-gradient":""},"tablet":{"background-color":"","background-image":"","background-repeat":"repeat","background-position":"center center","background-size":"auto","background-attachment":"scroll","background-type":"","background-media":"","overlay-type":"","overlay-color":"","overlay-opacity":"","overlay-gradient":""},"mobile":{"background-color":"","background-image":"","background-repeat":"repeat","background-position":"center center","background-size":"auto","background-attachment":"scroll","background-type":"","background-media":"","overlay-type":"","overlay-color":"","overlay-opacity":"","overlay-gradient":""}},"ast-content-background-meta":{"desktop":{"background-color":"var(--ast-global-color-5)","background-image":"","background-repeat":"repeat","background-position":"center center","background-size":"auto","background-attachment":"scroll","background-type":"","background-media":"","overlay-type":"","overlay-color":"","overlay-opacity":"","overlay-gradient":""},"tablet":{"background-color":"var(--ast-global-color-5)","background-image":"","background-repeat":"repeat","background-position":"center center","background-size":"auto","background-attachment":"scroll","background-type":"","background-media":"","overlay-type":"","overlay-color":"","overlay-opacity":"","overlay-gradient":""},"mobile":{"background-color":"var(--ast-global-color-5)","background-image":"","background-repeat":"repeat","background-position":"center center","background-size":"auto","background-attachment":"scroll","background-type":"","background-media":"","overlay-type":"","overlay-color":"","overlay-opacity":"","overlay-gradient":""}},"footnotes":""},"categories":[69,1],"tags":[42,458,205,202,208],"class_list":["post-2009","post","type-post","status-publish","format-standard","hentry","category-english-day","category-general","tag-angles","tag-concursos","tag-intraweb","tag-llengues-estrangeres","tag-noticies"],"post_mailing_queue_ids":[],"_links":{"self":[{"href":"https:\/\/serveiseducatius.xtec.cat\/badalona\/wp-json\/wp\/v2\/posts\/2009","targetHints":{"allow":["GET"]}}],"collection":[{"href":"https:\/\/serveiseducatius.xtec.cat\/badalona\/wp-json\/wp\/v2\/posts"}],"about":[{"href":"https:\/\/serveiseducatius.xtec.cat\/badalona\/wp-json\/wp\/v2\/types\/post"}],"author":[{"embeddable":true,"href":"https:\/\/serveiseducatius.xtec.cat\/badalona\/wp-json\/wp\/v2\/users\/1"}],"replies":[{"embeddable":true,"href":"https:\/\/serveiseducatius.xtec.cat\/badalona\/wp-json\/wp\/v2\/comments?post=2009"}],"version-history":[{"count":1,"href":"https:\/\/serveiseducatius.xtec.cat\/badalona\/wp-json\/wp\/v2\/posts\/2009\/revisions"}],"predecessor-version":[{"id":3253,"href":"https:\/\/serveiseducatius.xtec.cat\/badalona\/wp-json\/wp\/v2\/posts\/2009\/revisions\/3253"}],"wp:attachment":[{"href":"https:\/\/serveiseducatius.xtec.cat\/badalona\/wp-json\/wp\/v2\/media?parent=2009"}],"wp:term":[{"taxonomy":"category","embeddable":true,"href":"https:\/\/serveiseducatius.xtec.cat\/badalona\/wp-json\/wp\/v2\/categories?post=2009"},{"taxonomy":"post_tag","embeddable":true,"href":"https:\/\/serveiseducatius.xtec.cat\/badalona\/wp-json\/wp\/v2\/tags?post=2009"}],"curies":[{"name":"wp","href":"https:\/\/api.w.org\/{rel}","templated":true}]}}