{"id":19835,"date":"2023-03-01T10:35:04","date_gmt":"2023-03-01T09:35:04","guid":{"rendered":"https:\/\/serveiseducatius.xtec.cat\/badalona\/?p=19835"},"modified":"2023-03-01T10:35:04","modified_gmt":"2023-03-01T09:35:04","slug":"xerrades-dorientacio-professional-sobre-els-estudis-post-obligatoris-per-families-de-context-cultural-asiatic-casa-asia","status":"publish","type":"post","link":"https:\/\/serveiseducatius.xtec.cat\/badalona\/portada\/xerrades-dorientacio-professional-sobre-els-estudis-post-obligatoris-per-families-de-context-cultural-asiatic-casa-asia\/","title":{"rendered":"Xerrades d\u2019orientaci\u00f3 professional sobre els estudis post obligatoris per fam\u00edlies de context cultural asi\u00e0tic [CASA \u00c0SIA]"},"content":{"rendered":"<p class=\"p1\">Dins dels programes AFEX-AFFM per a fam\u00edlies migrades de la Casa \u00c0sia, ofereixen diverses xerrades en l\u00ednia sobre les possibilitats d\u2019estudis postobligatoris a Catalunya, aix\u00ed com les oportunitats per seguir estudiant i formant-se de les persones adultes, entenent el dret a l\u2019educaci\u00f3 al llarg de la vida, tal com indiquen els Objectius de Desenvolupament Sostenible (ODS) de les Nacions Unides.<\/p>\n<p class=\"p3\">Les xerrades s\u00f3n <strong>del 21 de febrer al 15 de mar\u00e7<\/strong> en castell\u00e0, a c\u00e0rrec d\u2019en Lluis Vila i compten amb la traducci\u00f3 consecutiva al xin\u00e8s i a l\u2019urd\u00fa-hindi.<\/p>\n<p><a href=\"https:\/\/www.casaasia.cat\/actualitat\/xerrades-dorientacio-professional-sobre-els-estudis-post-obligatoris-per-families-de-context-cultural-asiatic\/\">M\u00e9s informaci\u00f3 aqu\u00ed.<\/a><a href=\"https:\/\/projectes.xtec.cat\/origen\/wp-content\/uploads\/usu2451\/2023\/02\/Sense-titol-7.png\"><img loading=\"lazy\" decoding=\"async\" class=\" wp-image-9760 aligncenter\" src=\"https:\/\/projectes.xtec.cat\/origen\/wp-content\/uploads\/usu2451\/2023\/02\/Sense-titol-7.png\" sizes=\"auto, (max-width: 737px) 100vw, 737px\" srcset=\"https:\/\/projectes.xtec.cat\/origen\/wp-content\/uploads\/usu2451\/2023\/02\/Sense-titol-7.png 737w, https:\/\/projectes.xtec.cat\/origen\/wp-content\/uploads\/usu2451\/2023\/02\/Sense-titol-7-300x198.png 300w\" alt=\"\" width=\"552\" height=\"364\" \/><\/a><\/p>\n<p class=\"p3\">Qualsevol fam\u00edlia que parli aquestes lleng\u00fces i tingui dubtes sobre qu\u00e8 poden fer els seus fills i filles despr\u00e9s de l\u2019ESO ens pot contactar a:<\/p>\n<p class=\"p3\">Imma Llort<br \/>\n<a href=\"mailto:illort@casaasia.es\"><strong>illort@casaasia.es<\/strong><\/a><br \/>\n666571836<\/p>\n","protected":false},"excerpt":{"rendered":"<p>Dins dels programes AFEX-AFFM per a fam\u00edlies migrades de la Casa \u00c0sia, ofereixen diverses xerrades en l\u00ednia sobre les possibilitats [&hellip;]<\/p>\n","protected":false},"author":1,"featured_media":18777,"comment_status":"closed","ping_status":"closed","sticky":false,"template":"","format":"standard","meta":{"_bbp_topic_count":0,"_bbp_reply_count":0,"_bbp_total_topic_count":0,"_bbp_total_reply_count":0,"_bbp_voice_count":0,"_bbp_anonymous_reply_count":0,"_bbp_topic_count_hidden":0,"_bbp_reply_count_hidden":0,"_bbp_forum_subforum_count":0,"site-sidebar-layout":"default","site-content-layout":"","ast-site-content-layout":"","site-content-style":"default","site-sidebar-style":"default","ast-global-header-display":"","ast-banner-title-visibility":"","ast-main-header-display":"","ast-hfb-above-header-display":"","ast-hfb-below-header-display":"","ast-hfb-mobile-header-display":"","site-post-title":"","ast-breadcrumbs-content":"","ast-featured-img":"","footer-sml-layout":"","theme-transparent-header-meta":"","adv-header-id-meta":"","stick-header-meta":"","header-above-stick-meta":"","header-main-stick-meta":"","header-below-stick-meta":"","astra-migrate-meta-layouts":"default","ast-page-background-enabled":"default","ast-page-background-meta":{"desktop":{"background-color":"var(--ast-global-color-4)","background-image":"","background-repeat":"repeat","background-position":"center center","background-size":"auto","background-attachment":"scroll","background-type":"","background-media":"","overlay-type":"","overlay-color":"","overlay-opacity":"","overlay-gradient":""},"tablet":{"background-color":"","background-image":"","background-repeat":"repeat","background-position":"center center","background-size":"auto","background-attachment":"scroll","background-type":"","background-media":"","overlay-type":"","overlay-color":"","overlay-opacity":"","overlay-gradient":""},"mobile":{"background-color":"","background-image":"","background-repeat":"repeat","background-position":"center center","background-size":"auto","background-attachment":"scroll","background-type":"","background-media":"","overlay-type":"","overlay-color":"","overlay-opacity":"","overlay-gradient":""}},"ast-content-background-meta":{"desktop":{"background-color":"var(--ast-global-color-5)","background-image":"","background-repeat":"repeat","background-position":"center center","background-size":"auto","background-attachment":"scroll","background-type":"","background-media":"","overlay-type":"","overlay-color":"","overlay-opacity":"","overlay-gradient":""},"tablet":{"background-color":"var(--ast-global-color-5)","background-image":"","background-repeat":"repeat","background-position":"center center","background-size":"auto","background-attachment":"scroll","background-type":"","background-media":"","overlay-type":"","overlay-color":"","overlay-opacity":"","overlay-gradient":""},"mobile":{"background-color":"var(--ast-global-color-5)","background-image":"","background-repeat":"repeat","background-position":"center center","background-size":"auto","background-attachment":"scroll","background-type":"","background-media":"","overlay-type":"","overlay-color":"","overlay-opacity":"","overlay-gradient":""}},"footnotes":""},"categories":[64,68,29,76],"tags":[584,1697,348],"class_list":["post-19835","post","type-post","status-publish","format-standard","has-post-thumbnail","hentry","category-comunitat","category-elic","category-portada","category-recursos","tag-families","tag-lic","tag-orientacio"],"post_mailing_queue_ids":[],"_links":{"self":[{"href":"https:\/\/serveiseducatius.xtec.cat\/badalona\/wp-json\/wp\/v2\/posts\/19835","targetHints":{"allow":["GET"]}}],"collection":[{"href":"https:\/\/serveiseducatius.xtec.cat\/badalona\/wp-json\/wp\/v2\/posts"}],"about":[{"href":"https:\/\/serveiseducatius.xtec.cat\/badalona\/wp-json\/wp\/v2\/types\/post"}],"author":[{"embeddable":true,"href":"https:\/\/serveiseducatius.xtec.cat\/badalona\/wp-json\/wp\/v2\/users\/1"}],"replies":[{"embeddable":true,"href":"https:\/\/serveiseducatius.xtec.cat\/badalona\/wp-json\/wp\/v2\/comments?post=19835"}],"version-history":[{"count":2,"href":"https:\/\/serveiseducatius.xtec.cat\/badalona\/wp-json\/wp\/v2\/posts\/19835\/revisions"}],"predecessor-version":[{"id":19837,"href":"https:\/\/serveiseducatius.xtec.cat\/badalona\/wp-json\/wp\/v2\/posts\/19835\/revisions\/19837"}],"wp:featuredmedia":[{"embeddable":true,"href":"https:\/\/serveiseducatius.xtec.cat\/badalona\/wp-json\/wp\/v2\/media\/18777"}],"wp:attachment":[{"href":"https:\/\/serveiseducatius.xtec.cat\/badalona\/wp-json\/wp\/v2\/media?parent=19835"}],"wp:term":[{"taxonomy":"category","embeddable":true,"href":"https:\/\/serveiseducatius.xtec.cat\/badalona\/wp-json\/wp\/v2\/categories?post=19835"},{"taxonomy":"post_tag","embeddable":true,"href":"https:\/\/serveiseducatius.xtec.cat\/badalona\/wp-json\/wp\/v2\/tags?post=19835"}],"curies":[{"name":"wp","href":"https:\/\/api.w.org\/{rel}","templated":true}]}}