{"id":19820,"date":"2023-02-28T10:00:38","date_gmt":"2023-02-28T09:00:38","guid":{"rendered":"https:\/\/serveiseducatius.xtec.cat\/badalona\/?p=19820"},"modified":"2023-02-26T13:24:36","modified_gmt":"2023-02-26T12:24:36","slug":"acte-de-llancament-del-programa-experimental-faig-fent-per-aprendre-imaginant-globalment","status":"publish","type":"post","link":"https:\/\/serveiseducatius.xtec.cat\/badalona\/portada\/acte-de-llancament-del-programa-experimental-faig-fent-per-aprendre-imaginant-globalment\/","title":{"rendered":"Acte de llan\u00e7ament del programa experimental FAIG. \u201cFent per aprendre imaginant globalment\u201d"},"content":{"rendered":"<p><strong><img loading=\"lazy\" decoding=\"async\" class=\" wp-image-19821 alignleft\" src=\"https:\/\/serveiseducatius.xtec.cat\/badalona\/wp-content\/uploads\/usu1088\/2023\/02\/faig.png\" alt=\"\" width=\"295\" height=\"149\" \/>Acte de llan\u00e7ament del programa experimental FAIG. \u201cFent per aprendre imaginant globalment\u201d<\/strong><\/p>\n<p>A l\u2019acte de presentaci\u00f3, es donar\u00e0 a con\u00e8ixer el programa FAIG a tots aquells centres que estiguin interessats a participar-hi, aix\u00ed com a totes aquelles persones que estiguin interessades a col\u00b7laborar-hi.<\/p>\n<p>Paral\u00b7lelament a l\u2019acte, s\u2019oferir\u00e0 un taller \u201cmaker\u201d en l\u2019espai FAIGLab, annex a l\u2019auditori, dirigit a l\u2019alumnat assistent a l\u2019acte.<\/p>\n<p>\u00c9s imprescindible confirmar assist\u00e8ncia a l\u2019acte mitjan\u00e7ant el\u00a0<strong><a href=\"https:\/\/docs.google.com\/forms\/d\/e\/1FAIpQLSedX1IhZRdCUiYmc2VgXExPB4Xr3N4yJLpxF5TOOhxmBDxlng\/viewform\" target=\"_blank\" rel=\"noopener\">formulari d\u2019inscripci\u00f3<\/a><\/strong>. Inscriu-te!<\/p>\n<p>Us hi esperen i compten amb totes i tots vosaltres!<\/p>\n<ul>\n<li><strong>Lloc:<\/strong>\u00a0F\u00e0brica de creaci\u00f3 Fabra i Coats. Carrer de Sant Adri\u00e0, 20. 08030 Barcelona<\/li>\n<li><strong>Data:<\/strong>\u00a0Dijous 9 de mar\u00e7 de 2023, des de les 17:00 fins les 19:30<\/li>\n<\/ul>\n<p>L\u2019acte es retransmetr\u00e0 en directe.<\/p>\n<p>FAIG \u00e9s un programa experimental d\u2019innovaci\u00f3 que impulsa el desenvolupament de Projectes d\u2019Aprenentatge amb Sentit, vinculats als desafiaments de les persones i el planeta, amb el prop\u00f2sit que infants i joves, esdevinguin persones cr\u00edtiques, participatives i transformadores del seu entorn. FAIG \u00e9s una oportunitat per crear entorns d\u2019aprenentatge amb sentit, on posar l\u2019alumnat al centre, sentint la seva veu per a crear un m\u00f3n millor on viure i conviure. Durant el curs 2022-2023, trenta-cinc escoles, instituts i instituts escola de tota Catalunya formen una primera xarxa de centres pilot del programa FAIG, que en el curs 2023-2024 s\u2019ampliar\u00e0 a 150 centres. Aquest programa pret\u00e9n impulsar canvis profunds en el sistema, on la tecnologia al servei de l\u2019educaci\u00f3 posi el focus en les persones i les col\u00b7laboracions amb la comunitat.<\/p>\n","protected":false},"excerpt":{"rendered":"<p>Acte de llan\u00e7ament del programa experimental FAIG. \u201cFent per aprendre imaginant globalment\u201d A l\u2019acte de presentaci\u00f3, es donar\u00e0 a con\u00e8ixer [&hellip;]<\/p>\n","protected":false},"author":1,"featured_media":19821,"comment_status":"closed","ping_status":"closed","sticky":false,"template":"","format":"standard","meta":{"_bbp_topic_count":0,"_bbp_reply_count":0,"_bbp_total_topic_count":0,"_bbp_total_reply_count":0,"_bbp_voice_count":0,"_bbp_anonymous_reply_count":0,"_bbp_topic_count_hidden":0,"_bbp_reply_count_hidden":0,"_bbp_forum_subforum_count":0,"site-sidebar-layout":"default","site-content-layout":"","ast-site-content-layout":"","site-content-style":"default","site-sidebar-style":"default","ast-global-header-display":"","ast-banner-title-visibility":"","ast-main-header-display":"","ast-hfb-above-header-display":"","ast-hfb-below-header-display":"","ast-hfb-mobile-header-display":"","site-post-title":"","ast-breadcrumbs-content":"","ast-featured-img":"","footer-sml-layout":"","theme-transparent-header-meta":"","adv-header-id-meta":"","stick-header-meta":"","header-above-stick-meta":"","header-main-stick-meta":"","header-below-stick-meta":"","astra-migrate-meta-layouts":"default","ast-page-background-enabled":"default","ast-page-background-meta":{"desktop":{"background-color":"var(--ast-global-color-4)","background-image":"","background-repeat":"repeat","background-position":"center center","background-size":"auto","background-attachment":"scroll","background-type":"","background-media":"","overlay-type":"","overlay-color":"","overlay-opacity":"","overlay-gradient":""},"tablet":{"background-color":"","background-image":"","background-repeat":"repeat","background-position":"center center","background-size":"auto","background-attachment":"scroll","background-type":"","background-media":"","overlay-type":"","overlay-color":"","overlay-opacity":"","overlay-gradient":""},"mobile":{"background-color":"","background-image":"","background-repeat":"repeat","background-position":"center center","background-size":"auto","background-attachment":"scroll","background-type":"","background-media":"","overlay-type":"","overlay-color":"","overlay-opacity":"","overlay-gradient":""}},"ast-content-background-meta":{"desktop":{"background-color":"var(--ast-global-color-5)","background-image":"","background-repeat":"repeat","background-position":"center center","background-size":"auto","background-attachment":"scroll","background-type":"","background-media":"","overlay-type":"","overlay-color":"","overlay-opacity":"","overlay-gradient":""},"tablet":{"background-color":"var(--ast-global-color-5)","background-image":"","background-repeat":"repeat","background-position":"center center","background-size":"auto","background-attachment":"scroll","background-type":"","background-media":"","overlay-type":"","overlay-color":"","overlay-opacity":"","overlay-gradient":""},"mobile":{"background-color":"var(--ast-global-color-5)","background-image":"","background-repeat":"repeat","background-position":"center center","background-size":"auto","background-attachment":"scroll","background-type":"","background-media":"","overlay-type":"","overlay-color":"","overlay-opacity":"","overlay-gradient":""}},"footnotes":""},"categories":[1003,29,1682,76,1410],"tags":[1802,1712],"class_list":["post-19820","post","type-post","status-publish","format-standard","has-post-thumbnail","hentry","category-innovacio","category-portada","category-programes-i-projectes","category-recursos","category-steam","tag-faig","tag-nou-curriculum"],"post_mailing_queue_ids":[],"_links":{"self":[{"href":"https:\/\/serveiseducatius.xtec.cat\/badalona\/wp-json\/wp\/v2\/posts\/19820","targetHints":{"allow":["GET"]}}],"collection":[{"href":"https:\/\/serveiseducatius.xtec.cat\/badalona\/wp-json\/wp\/v2\/posts"}],"about":[{"href":"https:\/\/serveiseducatius.xtec.cat\/badalona\/wp-json\/wp\/v2\/types\/post"}],"author":[{"embeddable":true,"href":"https:\/\/serveiseducatius.xtec.cat\/badalona\/wp-json\/wp\/v2\/users\/1"}],"replies":[{"embeddable":true,"href":"https:\/\/serveiseducatius.xtec.cat\/badalona\/wp-json\/wp\/v2\/comments?post=19820"}],"version-history":[{"count":1,"href":"https:\/\/serveiseducatius.xtec.cat\/badalona\/wp-json\/wp\/v2\/posts\/19820\/revisions"}],"predecessor-version":[{"id":19822,"href":"https:\/\/serveiseducatius.xtec.cat\/badalona\/wp-json\/wp\/v2\/posts\/19820\/revisions\/19822"}],"wp:featuredmedia":[{"embeddable":true,"href":"https:\/\/serveiseducatius.xtec.cat\/badalona\/wp-json\/wp\/v2\/media\/19821"}],"wp:attachment":[{"href":"https:\/\/serveiseducatius.xtec.cat\/badalona\/wp-json\/wp\/v2\/media?parent=19820"}],"wp:term":[{"taxonomy":"category","embeddable":true,"href":"https:\/\/serveiseducatius.xtec.cat\/badalona\/wp-json\/wp\/v2\/categories?post=19820"},{"taxonomy":"post_tag","embeddable":true,"href":"https:\/\/serveiseducatius.xtec.cat\/badalona\/wp-json\/wp\/v2\/tags?post=19820"}],"curies":[{"name":"wp","href":"https:\/\/api.w.org\/{rel}","templated":true}]}}