{"id":19726,"date":"2023-02-14T08:00:33","date_gmt":"2023-02-14T07:00:33","guid":{"rendered":"https:\/\/serveiseducatius.xtec.cat\/badalona\/?p=19726"},"modified":"2023-02-12T17:32:40","modified_gmt":"2023-02-12T16:32:40","slug":"els-centres-del-laboratori-inicien-les-visites","status":"publish","type":"post","link":"https:\/\/serveiseducatius.xtec.cat\/badalona\/general\/els-centres-del-laboratori-inicien-les-visites\/","title":{"rendered":"Els centres del Laboratori inicien les Visites"},"content":{"rendered":"<p><img loading=\"lazy\" decoding=\"async\" class=\"size-full wp-image-19727 alignleft\" src=\"https:\/\/serveiseducatius.xtec.cat\/badalona\/wp-content\/uploads\/usu1088\/2023\/02\/lab.png\" alt=\"\" width=\"300\" height=\"191\" \/>Un curs m\u00e9s el Laboratori de Transformaci\u00f3 Educativa impulsa les visites entre els centres que formen part del programa PAcTE i els centres de refer\u00e8ncia del Laboratori. <a href=\"https:\/\/projectes.xtec.cat\/transformacioenxarxa\/wp-content\/uploads\/usu1468\/2023\/02\/calendari-marc-2023-visites.docx-1.pdf\" target=\"_blank\" rel=\"noopener\">Consulteu el calendari<\/a><\/p>\n<p>Aquestes visites es poden fer gr\u00e0cies a la generositat d\u2019aquests centres i enguany tenim 41 que han obert <a href=\"https:\/\/projectes.xtec.cat\/transformacioenxarxa\/wp-content\/uploads\/usu1468\/2023\/02\/calendari-marc-2023-visites.docx-1.pdf\" target=\"_blank\" rel=\"noopener\">les seves portes<\/a> per compartir la seva experi\u00e8ncia i expertesa.<\/p>\n<p>Els centres del programa tenen l\u2019oportunitat de visitar dos centres de refer\u00e8ncia del Laboratori i a m\u00e9s a m\u00e9s, hi poden anar com a m\u00e0xim, dues persones a cada visita.<br \/>\nLes tem\u00e0tiques s\u00f3n diverses, hi ha que mostren aspectes generals sobre com \u00e9s un centre transformat i, tamb\u00e9 concrets, com pot ser el prop\u00f2sit. Tamb\u00e9 hi ha que posen el focus en algun element dels nous curr\u00edculums, com poden ser els vectors o la personalitzaci\u00f3 de l\u2019aprenentatge.<\/p>\n<p>Us animem a que feu una reflexi\u00f3 com equip impulsor per fer la millor tria en funci\u00f3 de les vostres necessitats com a centre en transformaci\u00f3.\u00a0<\/p>\n<p>Es faciliten unes preguntes orientadores per tal d\u2019afavorir aquesta reflexi\u00f3 abans d\u2019establir el llistat de 5 centres per ordre de prioritat:<\/p>\n<ul>\n<li>Com a centre, a on volem posar el focus?<\/li>\n<li>Qu\u00e8 necessitem o ens interessa observar, preguntar, veure, entendre?<\/li>\n<li>Qu\u00e8 ens agradaria emportar-nos de la visita?<\/li>\n<li>Que ens pot ajudar a avan\u00e7ar?\u2026<\/li>\n<\/ul>\n<p>Tamb\u00e9 es recomanable mantenir una petita conversa amb la persona facilitadora per tal que aquesta pugui orientar al centre a fer la millor tria en funci\u00f3 del moment del proc\u00e9s de transformaci\u00f3 que passa.<\/p>\n<p>La\u00a0<strong>data l\u00edmit<\/strong>\u00a0que tenen els\u00a0<strong>centres del programa PAcTE<\/strong>\u00a0per fer la tria a trav\u00e9s del formulari que s\u2019ha facilitat mitjan\u00e7ant el correu electr\u00f2nic \u00e9s el\u00a0<strong>8 de febrer de 2023.<\/strong><\/p>\n<p>Un cop quedin assignades les visites als centres del programa, s\u2019obriran les places als centres de refer\u00e8ncia del Laboratori, que podran triar un centre per visitar i hi podran anar com a m\u00e0xim dues persones per centre.<br \/>\n<em>*Caldr\u00e0 veure per\u00f2, la quantitat de places que queden i potser es podria donar el cas que els centres de referencia poguessin visitar fins a dos centres.<\/em><\/p>\n<p>Per tal que els\u00a0<strong>centres de refer\u00e8ncia<\/strong>\u00a0puguin fer la tria s\u2019enviar\u00e0 un correu el 9 de febrer amb l\u2019enlla\u00e7 a un formulari per tal que puguin fer la selecci\u00f3 i tindran com a\u00a0<strong>data l\u00edmit dilluns 13 de febrer<\/strong>\u00a0per omplir-ho i enviar-ho.<\/p>\n","protected":false},"excerpt":{"rendered":"<p>Un curs m\u00e9s el Laboratori de Transformaci\u00f3 Educativa impulsa les visites entre els centres que formen part del programa PAcTE [&hellip;]<\/p>\n","protected":false},"author":1,"featured_media":19727,"comment_status":"closed","ping_status":"closed","sticky":false,"template":"","format":"standard","meta":{"_bbp_topic_count":0,"_bbp_reply_count":0,"_bbp_total_topic_count":0,"_bbp_total_reply_count":0,"_bbp_voice_count":0,"_bbp_anonymous_reply_count":0,"_bbp_topic_count_hidden":0,"_bbp_reply_count_hidden":0,"_bbp_forum_subforum_count":0,"site-sidebar-layout":"default","site-content-layout":"","ast-site-content-layout":"","site-content-style":"default","site-sidebar-style":"default","ast-global-header-display":"","ast-banner-title-visibility":"","ast-main-header-display":"","ast-hfb-above-header-display":"","ast-hfb-below-header-display":"","ast-hfb-mobile-header-display":"","site-post-title":"","ast-breadcrumbs-content":"","ast-featured-img":"","footer-sml-layout":"","theme-transparent-header-meta":"","adv-header-id-meta":"","stick-header-meta":"","header-above-stick-meta":"","header-main-stick-meta":"","header-below-stick-meta":"","astra-migrate-meta-layouts":"default","ast-page-background-enabled":"default","ast-page-background-meta":{"desktop":{"background-color":"var(--ast-global-color-4)","background-image":"","background-repeat":"repeat","background-position":"center center","background-size":"auto","background-attachment":"scroll","background-type":"","background-media":"","overlay-type":"","overlay-color":"","overlay-opacity":"","overlay-gradient":""},"tablet":{"background-color":"","background-image":"","background-repeat":"repeat","background-position":"center center","background-size":"auto","background-attachment":"scroll","background-type":"","background-media":"","overlay-type":"","overlay-color":"","overlay-opacity":"","overlay-gradient":""},"mobile":{"background-color":"","background-image":"","background-repeat":"repeat","background-position":"center center","background-size":"auto","background-attachment":"scroll","background-type":"","background-media":"","overlay-type":"","overlay-color":"","overlay-opacity":"","overlay-gradient":""}},"ast-content-background-meta":{"desktop":{"background-color":"var(--ast-global-color-5)","background-image":"","background-repeat":"repeat","background-position":"center center","background-size":"auto","background-attachment":"scroll","background-type":"","background-media":"","overlay-type":"","overlay-color":"","overlay-opacity":"","overlay-gradient":""},"tablet":{"background-color":"var(--ast-global-color-5)","background-image":"","background-repeat":"repeat","background-position":"center center","background-size":"auto","background-attachment":"scroll","background-type":"","background-media":"","overlay-type":"","overlay-color":"","overlay-opacity":"","overlay-gradient":""},"mobile":{"background-color":"var(--ast-global-color-5)","background-image":"","background-repeat":"repeat","background-position":"center center","background-size":"auto","background-attachment":"scroll","background-type":"","background-media":"","overlay-type":"","overlay-color":"","overlay-opacity":"","overlay-gradient":""}},"footnotes":""},"categories":[419,165,1,1003,29,1680],"tags":[1460,1436,1796],"class_list":["post-19726","post","type-post","status-publish","format-standard","has-post-thumbnail","hentry","category-curriculum","category-formacio","category-general","category-innovacio","category-portada","category-xarxa-millora-educativa","tag-laboratori-de-transformacio-educativa","tag-transformacio-educativa","tag-visites-entre-centres"],"post_mailing_queue_ids":[],"_links":{"self":[{"href":"https:\/\/serveiseducatius.xtec.cat\/badalona\/wp-json\/wp\/v2\/posts\/19726","targetHints":{"allow":["GET"]}}],"collection":[{"href":"https:\/\/serveiseducatius.xtec.cat\/badalona\/wp-json\/wp\/v2\/posts"}],"about":[{"href":"https:\/\/serveiseducatius.xtec.cat\/badalona\/wp-json\/wp\/v2\/types\/post"}],"author":[{"embeddable":true,"href":"https:\/\/serveiseducatius.xtec.cat\/badalona\/wp-json\/wp\/v2\/users\/1"}],"replies":[{"embeddable":true,"href":"https:\/\/serveiseducatius.xtec.cat\/badalona\/wp-json\/wp\/v2\/comments?post=19726"}],"version-history":[{"count":1,"href":"https:\/\/serveiseducatius.xtec.cat\/badalona\/wp-json\/wp\/v2\/posts\/19726\/revisions"}],"predecessor-version":[{"id":19728,"href":"https:\/\/serveiseducatius.xtec.cat\/badalona\/wp-json\/wp\/v2\/posts\/19726\/revisions\/19728"}],"wp:featuredmedia":[{"embeddable":true,"href":"https:\/\/serveiseducatius.xtec.cat\/badalona\/wp-json\/wp\/v2\/media\/19727"}],"wp:attachment":[{"href":"https:\/\/serveiseducatius.xtec.cat\/badalona\/wp-json\/wp\/v2\/media?parent=19726"}],"wp:term":[{"taxonomy":"category","embeddable":true,"href":"https:\/\/serveiseducatius.xtec.cat\/badalona\/wp-json\/wp\/v2\/categories?post=19726"},{"taxonomy":"post_tag","embeddable":true,"href":"https:\/\/serveiseducatius.xtec.cat\/badalona\/wp-json\/wp\/v2\/tags?post=19726"}],"curies":[{"name":"wp","href":"https:\/\/api.w.org\/{rel}","templated":true}]}}