{"id":19553,"date":"2023-02-01T08:00:48","date_gmt":"2023-02-01T07:00:48","guid":{"rendered":"https:\/\/serveiseducatius.xtec.cat\/badalona\/?p=19553"},"modified":"2023-01-30T12:13:17","modified_gmt":"2023-01-30T11:13:17","slug":"xxxvi-jornades-cientifiques-de-batxillerat-ja-podeu-enviar-les-vostres-sollicituds","status":"publish","type":"post","link":"https:\/\/serveiseducatius.xtec.cat\/badalona\/portada\/xxxvi-jornades-cientifiques-de-batxillerat-ja-podeu-enviar-les-vostres-sollicituds\/","title":{"rendered":"XXXVI Jornades Cient\u00edfiques de Batxillerat. Ja podeu enviar les vostres sol\u00b7licituds!!"},"content":{"rendered":"<p><img loading=\"lazy\" decoding=\"async\" class=\"wp-image-18760 alignleft\" src=\"https:\/\/serveiseducatius.xtec.cat\/badalona\/wp-content\/uploads\/usu1088\/2022\/10\/JC-670x1024.png\" alt=\"\" width=\"247\" height=\"377\" srcset=\"https:\/\/serveiseducatius.xtec.cat\/badalona\/wp-content\/uploads\/usu1088\/2022\/10\/JC-670x1024.png 670w, https:\/\/serveiseducatius.xtec.cat\/badalona\/wp-content\/uploads\/usu1088\/2022\/10\/JC-196x300.png 196w, https:\/\/serveiseducatius.xtec.cat\/badalona\/wp-content\/uploads\/usu1088\/2022\/10\/JC-768x1174.png 768w, https:\/\/serveiseducatius.xtec.cat\/badalona\/wp-content\/uploads\/usu1088\/2022\/10\/JC-1005x1536.png 1005w, https:\/\/serveiseducatius.xtec.cat\/badalona\/wp-content\/uploads\/usu1088\/2022\/10\/JC.png 1280w\" sizes=\"auto, (max-width: 247px) 100vw, 247px\" \/><\/p>\n<p>Aquest curs tornem al format presencial i al <a href=\"https:\/\/www.google.es\/maps\/place\/Marcus+Porcius,+1,+08915+Badalona,+Barcelona\/@41.4614003,2.2553101,17z\/data=!3m1!5s0x12a4bba99fc45701:0x5a2d14dc0ba59d44!4m12!1m6!3m5!1s0x12a4bba99da8f6c3:0xaf9c7f53d57e34e5!2sBCIN+-+Badalona+Centre+Internacional+de+Negocis!8m2!3d41.4614003!4d2.2574988!3m4!1s0x12a4bba99cf42b13:0xc48b5bbcd1aa5d2b!8m2!3d41.4614709!4d2.2574223\" target=\"_blank\" rel=\"noopener\">BCIN<\/a>!<\/p>\n<p>Dies <strong>28, 29 i 30 de mar\u00e7<\/strong><\/p>\n<p><span style=\"font-family: inherit; font-size: 1em;\">Adre\u00e7ades a l&#8217;alumnat de 2n de batxillerat (ponents) i 1r de batxillerat (oients) de Badalona.<\/span><\/p>\n<p><b>\u00c9s molt important<\/b>\u00a0que ompliu el\u00a0<a href=\"https:\/\/forms.gle\/vSaaeN1bAnAGwffSA\" target=\"_blank\" rel=\"noopener\"><strong>FORMULARI DE SOL\u00b7LICITUD<\/strong><\/a>\u00a0amb totes les dades que es demanen i l\u2019envieu abans del\u00a0divendres,\u00a0<strong>3 de mar\u00e7 de 2023<\/strong>.<\/p>\n<p><b><span style=\"font-weight: 400;\"><strong>Treballs per centre:<\/strong> Cada centre pot presentar un m\u00e0xim de <\/span>5 treballs<span style=\"font-weight: 400;\">. (3 a l&#8217;Auditori + 2 al vest\u00edbul) S\u2019ha de vetllar perqu\u00e8 aquests treballs destaquin per la seva part experimental i pel seu car\u00e0cter divulgatiu. Cal donar rellev\u00e0ncia a la recerca, a la part pr\u00e0ctica, a com ho ha treballat i viscut l\u2019alumne, etc.<\/span><\/b><\/p>\n<p><strong><span style=\"font-family: inherit; font-size: 1em;\">R<\/span><\/strong><b style=\"font-family: inherit; font-size: 1em;\">esum del treball.\u00a0<\/b><span style=\"font-family: inherit; font-size: 1em;\">Aquest resum haur\u00e0 de respectar l\u2019esquema proposat en el formulari (hip\u00f2tesi, disseny experimental, conclusions) i ocupar un espai m\u00e0xim de 4 fulls, incloent-hi fotografies, esquemes o el material gr\u00e0fic que s&#8217;escaigui. \u00c9s requisit imprescindible que en el contingut de l\u2019arxiu consti clarament: T\u00edtol, nom i cognoms de l\u2019autor\/a, tutor\/a i centre. Tota aquesta informaci\u00f3 \u00e9s la que haureu d\u2019omplir en el formulari i sense la qual no us deixar\u00e0 enviar la sol\u00b7licitud. Recordeu que el resum es publicar\u00e0 (amb Dip\u00f2sit legal) al llibre de les JC d&#8217;enguany.<\/span><\/p>\n<p><strong>Orientacions per a la presentaci\u00f3 de treball a l&#8217;auditori del BCIN (m\u00e0xim 3 per centre)<\/strong><\/p>\n<ul>\n<li>La part te\u00f2rica del treball ha de tenir un car\u00e0cter introductori i nom\u00e9s se li ha de dedicar un parell de minuts com a molt.<\/li>\n<li>La presentaci\u00f3 s\u2019ha de centrar en la part experimental, en la part de recerca del treball i les conclusions del treball han de fer-se evidents.<\/li>\n<li>El format de presentaci\u00f3 pot ser molt variat. En el format digital, cal evitar la \u201csaturaci\u00f3\u201d de les diapositives per tal de destacar nom\u00e9s la informaci\u00f3 rellevant amb una imatge, una idea. No s\u2019ha de llegir el que hi ha escrit a la diapositiva, el recurs digital \u00e9s un suport.<\/li>\n<li>A l\u2019alumnat no li estem demanant la mateixa presentaci\u00f3 que va fer al seu centre en la presentaci\u00f3 del treball de recerca.<\/li>\n<li>La durada m\u00e0xima de \u00a0la presentaci\u00f3 de cada treball ser\u00e0 de 10 minuts, incloent-hi els v\u00eddeos, audicions&#8230; Passats els 10\u2019, l\u2019organitzaci\u00f3 donar\u00e0 per finalitzada la presentaci\u00f3.<\/li>\n<li>Si la presentaci\u00f3 t\u00e9 lloc a l\u2019auditori i es fa servir un recurs digital&#8230;, cal fer-la arribar al CRP abans del dia<strong> 10 de mar\u00e7 de 2023 al CRP<\/strong><\/li>\n<\/ul>\n<p><strong>Orientacions per a la presentaci\u00f3 de treball al vest\u00edbul del BCIN (m\u00e0xim 2 per centre)<\/strong><\/p>\n<ul>\n<li>Cada alumne disposar\u00e0 d\u2019un plaf\u00f3 on s\u2019enganxar\u00e0 el p\u00f2ster en format DIN A0 vertical i d\u2019una taula de metre i mig de llarg.<\/li>\n<li>L\u2019alumne ha de preparar un full del seu treball pensat per a ser impr\u00e8s com a p\u00f2ster per part de l\u2019organitzaci\u00f3. L\u2019ha de fer arribar a l\u2019organitzaci\u00f3 per correu electr\u00f2nic abans del <strong>17 de mar\u00e7 de 2023 al CRP<\/strong><\/li>\n<li>El format del full pot ser qualsevol. Cal preveure que destaqui, que cridi l\u2019atenci\u00f3 i que contingui la m\u00ednima informaci\u00f3 necess\u00e0ria.<\/li>\n<li>En el p\u00f2ster hi ha de constar de forma visible el t\u00edtol del treball i el nom de l\u2019autor, del tutor i del centre.<\/li>\n<li>A la taula conv\u00e9 que l\u2019alumne aporti elements relacionats amb el seu treball (imatges, objectes, maquetes, c\u00f2pia en paper del treball de recerca&#8230;) i el port\u00e0til, si \u00e9s el cas.<\/li>\n<li>A l\u2019hora de l\u2019esmorzar, cada alumne que exposa al vest\u00edbul haur\u00e0 de romandre al costat del seu treball per tal d\u2019informar els assistents.<\/li>\n<li>Aquest material exposat, excepte l\u2019ordinador, haur\u00e0 de romandre els tres dies de les Jornades Cient\u00edfiques. La Comissi\u00f3 organitzadora es far\u00e0 c\u00e0rrec d\u2019aquests materials i es podran passar a recollir pel CRP despr\u00e9s de les Jornades.<\/li>\n<\/ul>\n<div class=\"gmail_default\">\n<div><span style=\"color: #444444; font-family: arial, sans-serif;\">M\u00e9s endavant tamb\u00e9 caldr\u00e0 que ens comuniqueu amb quants alumnes teniu previst assistir al BCIN com a oients i us confirmarem el dia seleccionat per a les vostres presentacions (intentant respectar les vostres prefer\u00e8ncies)<\/span><\/div>\n<div><span style=\"color: #444444; font-family: arial, sans-serif;\">\u00a0<\/span><\/div>\n<\/div>\n<div class=\"gmail_default\">Per a qualsevol dubte us podeu adre\u00e7ar la CRP al correu <b><a href=\"mailto:a8930002@xtec.ca\" target=\"_blank\" rel=\"noopener\">a8930002@xtec.ca<\/a><\/b>t o ens truqueu al <b>934602226<\/b><\/div>\n<div class=\"gmail_default\">\u00a0<\/div>\n","protected":false},"excerpt":{"rendered":"<p>Aquest curs tornem al format presencial i al BCIN! Dies 28, 29 i 30 de mar\u00e7 Adre\u00e7ades a l&#8217;alumnat de [&hellip;]<\/p>\n","protected":false},"author":1,"featured_media":18817,"comment_status":"closed","ping_status":"closed","sticky":false,"template":"","format":"standard","meta":{"_bbp_topic_count":0,"_bbp_reply_count":0,"_bbp_total_topic_count":0,"_bbp_total_reply_count":0,"_bbp_voice_count":0,"_bbp_anonymous_reply_count":0,"_bbp_topic_count_hidden":0,"_bbp_reply_count_hidden":0,"_bbp_forum_subforum_count":0,"site-sidebar-layout":"default","site-content-layout":"","ast-site-content-layout":"","site-content-style":"default","site-sidebar-style":"default","ast-global-header-display":"","ast-banner-title-visibility":"","ast-main-header-display":"","ast-hfb-above-header-display":"","ast-hfb-below-header-display":"","ast-hfb-mobile-header-display":"","site-post-title":"","ast-breadcrumbs-content":"","ast-featured-img":"","footer-sml-layout":"","theme-transparent-header-meta":"","adv-header-id-meta":"","stick-header-meta":"","header-above-stick-meta":"","header-main-stick-meta":"","header-below-stick-meta":"","astra-migrate-meta-layouts":"default","ast-page-background-enabled":"default","ast-page-background-meta":{"desktop":{"background-color":"var(--ast-global-color-4)","background-image":"","background-repeat":"repeat","background-position":"center center","background-size":"auto","background-attachment":"scroll","background-type":"","background-media":"","overlay-type":"","overlay-color":"","overlay-opacity":"","overlay-gradient":""},"tablet":{"background-color":"","background-image":"","background-repeat":"repeat","background-position":"center center","background-size":"auto","background-attachment":"scroll","background-type":"","background-media":"","overlay-type":"","overlay-color":"","overlay-opacity":"","overlay-gradient":""},"mobile":{"background-color":"","background-image":"","background-repeat":"repeat","background-position":"center center","background-size":"auto","background-attachment":"scroll","background-type":"","background-media":"","overlay-type":"","overlay-color":"","overlay-opacity":"","overlay-gradient":""}},"ast-content-background-meta":{"desktop":{"background-color":"var(--ast-global-color-5)","background-image":"","background-repeat":"repeat","background-position":"center center","background-size":"auto","background-attachment":"scroll","background-type":"","background-media":"","overlay-type":"","overlay-color":"","overlay-opacity":"","overlay-gradient":""},"tablet":{"background-color":"var(--ast-global-color-5)","background-image":"","background-repeat":"repeat","background-position":"center center","background-size":"auto","background-attachment":"scroll","background-type":"","background-media":"","overlay-type":"","overlay-color":"","overlay-opacity":"","overlay-gradient":""},"mobile":{"background-color":"var(--ast-global-color-5)","background-image":"","background-repeat":"repeat","background-position":"center center","background-size":"auto","background-attachment":"scroll","background-type":"","background-media":"","overlay-type":"","overlay-color":"","overlay-opacity":"","overlay-gradient":""}},"footnotes":""},"categories":[299,29,1410],"tags":[375,1343,1047],"class_list":["post-19553","post","type-post","status-publish","format-standard","has-post-thumbnail","hentry","category-jornades-cientifiques","category-portada","category-steam","tag-batxillerat","tag-investigacio","tag-treballs-de-recerca"],"post_mailing_queue_ids":[],"_links":{"self":[{"href":"https:\/\/serveiseducatius.xtec.cat\/badalona\/wp-json\/wp\/v2\/posts\/19553","targetHints":{"allow":["GET"]}}],"collection":[{"href":"https:\/\/serveiseducatius.xtec.cat\/badalona\/wp-json\/wp\/v2\/posts"}],"about":[{"href":"https:\/\/serveiseducatius.xtec.cat\/badalona\/wp-json\/wp\/v2\/types\/post"}],"author":[{"embeddable":true,"href":"https:\/\/serveiseducatius.xtec.cat\/badalona\/wp-json\/wp\/v2\/users\/1"}],"replies":[{"embeddable":true,"href":"https:\/\/serveiseducatius.xtec.cat\/badalona\/wp-json\/wp\/v2\/comments?post=19553"}],"version-history":[{"count":1,"href":"https:\/\/serveiseducatius.xtec.cat\/badalona\/wp-json\/wp\/v2\/posts\/19553\/revisions"}],"predecessor-version":[{"id":19554,"href":"https:\/\/serveiseducatius.xtec.cat\/badalona\/wp-json\/wp\/v2\/posts\/19553\/revisions\/19554"}],"wp:featuredmedia":[{"embeddable":true,"href":"https:\/\/serveiseducatius.xtec.cat\/badalona\/wp-json\/wp\/v2\/media\/18817"}],"wp:attachment":[{"href":"https:\/\/serveiseducatius.xtec.cat\/badalona\/wp-json\/wp\/v2\/media?parent=19553"}],"wp:term":[{"taxonomy":"category","embeddable":true,"href":"https:\/\/serveiseducatius.xtec.cat\/badalona\/wp-json\/wp\/v2\/categories?post=19553"},{"taxonomy":"post_tag","embeddable":true,"href":"https:\/\/serveiseducatius.xtec.cat\/badalona\/wp-json\/wp\/v2\/tags?post=19553"}],"curies":[{"name":"wp","href":"https:\/\/api.w.org\/{rel}","templated":true}]}}