{"id":19482,"date":"2023-01-23T08:46:03","date_gmt":"2023-01-23T07:46:03","guid":{"rendered":"https:\/\/serveiseducatius.xtec.cat\/badalona\/?p=19482"},"modified":"2023-01-26T09:47:48","modified_gmt":"2023-01-26T08:47:48","slug":"americana-film-fest-2023-sessions-de-cinema-per-4rt-deso-i-batxillerat","status":"publish","type":"post","link":"https:\/\/serveiseducatius.xtec.cat\/badalona\/portada\/americana-film-fest-2023-sessions-de-cinema-per-4rt-deso-i-batxillerat\/","title":{"rendered":"Americana Film Fest 2023. Sessions de cinema per 4rt d&#8217;ESO i Batxillerat"},"content":{"rendered":"<div><img loading=\"lazy\" decoding=\"async\" class=\"size-full wp-image-17603 alignleft\" src=\"https:\/\/serveiseducatius.xtec.cat\/badalona\/wp-content\/uploads\/usu1088\/2022\/02\/americanaFilmFestival.png\" alt=\"\" width=\"208\" height=\"79\" \/>Arriba una nova edici\u00f3 de l&#8217;Americana Film Fest, un festival de cinema independent nord-americ\u00e0, adre\u00e7at a l&#8217;alumnat de 4t d&#8217;ESO i Batxillerat.\u00a0<\/div>\n<div>\u00a0<\/div>\n<div><span style=\"font-family: arial, sans-serif;\">En aquest\u00a0<a id=\"m_1137756524727947481OWAb213b12f-84b0-1830-5585-f1ae730a230f\" href=\"https:\/\/drive.google.com\/file\/d\/1EL7diW-L85bf56qnKFqJ3nURL6w1Wm2d\/view?usp=share_link\" target=\"_blank\" rel=\"noopener\" data-saferedirecturl=\"https:\/\/www.google.com\/url?q=https:\/\/drive.google.com\/file\/d\/1EL7diW-L85bf56qnKFqJ3nURL6w1Wm2d\/view?usp%3Dshare_link&amp;source=gmail&amp;ust=1674297848338000&amp;usg=AOvVaw0Scb0hyCNKJZVGJIIV_pc2\">enlla\u00e7<\/a>\u00a0trobareu informaci\u00f3 de les pel\u00b7l\u00edcules que es projectaran, la tem\u00e0tica que tracten, i la llengua que utilitzen (en VOSC).<\/span><\/div>\n<div>\u00a0<\/div>\n<div>Hi ha dues modalitats de participaci\u00f3:\u00a0<\/div>\n<div>\u00a0<\/div>\n<div><b>1.\u00a0 Sessions presencials\u00a0<\/b><\/div>\n<ul>\n<li><span style=\"font-family: arial, sans-serif;\">Cinemes Girona de Barcelona, del 21 de febrer al 9 de mar\u00e7 de 2023.<\/span><\/li>\n<li><span style=\"font-family: arial, sans-serif;\">Dirigida als centres de Barcelona i la seva rodalia.<\/span><\/li>\n<li><span style=\"font-family: arial, sans-serif;\">Inscripci\u00f3 en aque<span style=\"color: #000000;\">st\u00a0<a id=\"m_1137756524727947481OWAc2953f09-e8a6-87fe-8361-e062c704a1d9\" href=\"https:\/\/docs.google.com\/forms\/d\/e\/1FAIpQLSccWd-6ggE-hqqMEZSFPaWW5GZ4m9EULq0OMMzDW-zBlTPfRg\/viewform?usp=share_link\" target=\"_blank\" rel=\"noopener\" data-saferedirecturl=\"https:\/\/www.google.com\/url?q=https:\/\/docs.google.com\/forms\/d\/e\/1FAIpQLSccWd-6ggE-hqqMEZSFPaWW5GZ4m9EULq0OMMzDW-zBlTPfRg\/viewform?usp%3Dshare_link&amp;source=gmail&amp;ust=1674297848338000&amp;usg=AOvVaw24YOlMBni606qTYhfUkYdK\">formulari<\/a>\u00a0fins a<\/span>l 17 de febrer de 2023.<\/span><\/li>\n<li><span style=\"font-family: arial, sans-serif;\">Tindran prefer\u00e8ncia els centres p\u00fablics, seguint l\u2019ordre d\u2019arribada fins a esgotar les places disponibles.<\/span><\/li>\n<\/ul>\n<div><b>2. Sessions en l\u00ednia<\/b><\/div>\n<div>\n<ul>\n<li><span style=\"color: #000000; font-family: arial, sans-serif;\">Dirigida als centres que no poden accedir f\u00e0cilment als cinemes on es fan les sessions presencials. <\/span><\/li>\n<li>En aquest cas, es dona la possibilitat de triar entre <a id=\"m_1137756524727947481OWA70f13a60-7d38-abe2-475b-46a425bc41dd\" href=\"https:\/\/drive.google.com\/file\/d\/1SLVFfe-TswyECV2mnxTwv6BBHKyiaq9X\/view?usp=share_link\" target=\"_blank\" rel=\"noopener\" data-saferedirecturl=\"https:\/\/www.google.com\/url?q=https:\/\/drive.google.com\/file\/d\/1SLVFfe-TswyECV2mnxTwv6BBHKyiaq9X\/view?usp%3Dshare_link&amp;source=gmail&amp;ust=1674297848338000&amp;usg=AOvVaw1x2mD1Vf8bM2XNLcHmgvNo\">tres pel\u00b7l\u00edcules<\/a> que es podran\u00a0visualitzar al centre,\u00a0entre l\u20191 i el 31 de mar\u00e7 de 2023.<\/li>\n<li>Inscripci\u00f3 en aquest\u00a0<a id=\"m_1137756524727947481OWA0a6118b0-2665-2c6d-5860-22fc42fcf6ed\" href=\"https:\/\/docs.google.com\/forms\/d\/e\/1FAIpQLSe8PEheNqhS6PtTMUEogPbpvsUpuwzEVb00mFQxik8OQzUI2Q\/viewform?usp=share_link\" target=\"_blank\" rel=\"noopener\" data-saferedirecturl=\"https:\/\/www.google.com\/url?q=https:\/\/docs.google.com\/forms\/d\/e\/1FAIpQLSe8PEheNqhS6PtTMUEogPbpvsUpuwzEVb00mFQxik8OQzUI2Q\/viewform?usp%3Dshare_link&amp;source=gmail&amp;ust=1674297848338000&amp;usg=AOvVaw2nbNnUd8r9rU9N2pa8n1IU\">formulari<\/a>\u00a0fins al 24 de febrer de 2023.\u00a0<\/li>\n<\/ul>\n<div>Tota la informaci\u00f3 a:\u00a0<\/div>\n<div><a href=\"https:\/\/projectes.xtec.cat\/internacional\/general\/americana-film-fest-2023-festival-de-cinema-independent-nord-america\/\" target=\"_blank\" rel=\"noopener\" data-saferedirecturl=\"https:\/\/www.google.com\/url?q=https:\/\/projectes.xtec.cat\/internacional\/general\/americana-film-fest-2023-festival-de-cinema-independent-nord-america\/&amp;source=gmail&amp;ust=1674297848339000&amp;usg=AOvVaw15e7xk39jEn8YZ0aNyo6ju\">https:\/\/projectes.xtec.cat\/int<wbr \/>ernacional\/general\/americana-<wbr \/>film-fest-2023-festival-de-<wbr \/>cinema-independent-nord-<wbr \/>america\/<\/a>\u00a0<\/div>\n<\/div>\n","protected":false},"excerpt":{"rendered":"<p>Arriba una nova edici\u00f3 de l&#8217;Americana Film Fest, un festival de cinema independent nord-americ\u00e0, adre\u00e7at a l&#8217;alumnat de 4t d&#8217;ESO [&hellip;]<\/p>\n","protected":false},"author":1,"featured_media":17603,"comment_status":"closed","ping_status":"closed","sticky":false,"template":"","format":"standard","meta":{"_bbp_topic_count":0,"_bbp_reply_count":0,"_bbp_total_topic_count":0,"_bbp_total_reply_count":0,"_bbp_voice_count":0,"_bbp_anonymous_reply_count":0,"_bbp_topic_count_hidden":0,"_bbp_reply_count_hidden":0,"_bbp_forum_subforum_count":0,"site-sidebar-layout":"default","site-content-layout":"","ast-site-content-layout":"","site-content-style":"default","site-sidebar-style":"default","ast-global-header-display":"","ast-banner-title-visibility":"","ast-main-header-display":"","ast-hfb-above-header-display":"","ast-hfb-below-header-display":"","ast-hfb-mobile-header-display":"","site-post-title":"","ast-breadcrumbs-content":"","ast-featured-img":"","footer-sml-layout":"","theme-transparent-header-meta":"","adv-header-id-meta":"","stick-header-meta":"","header-above-stick-meta":"","header-main-stick-meta":"","header-below-stick-meta":"","astra-migrate-meta-layouts":"default","ast-page-background-enabled":"default","ast-page-background-meta":{"desktop":{"background-color":"var(--ast-global-color-4)","background-image":"","background-repeat":"repeat","background-position":"center center","background-size":"auto","background-attachment":"scroll","background-type":"","background-media":"","overlay-type":"","overlay-color":"","overlay-opacity":"","overlay-gradient":""},"tablet":{"background-color":"","background-image":"","background-repeat":"repeat","background-position":"center center","background-size":"auto","background-attachment":"scroll","background-type":"","background-media":"","overlay-type":"","overlay-color":"","overlay-opacity":"","overlay-gradient":""},"mobile":{"background-color":"","background-image":"","background-repeat":"repeat","background-position":"center center","background-size":"auto","background-attachment":"scroll","background-type":"","background-media":"","overlay-type":"","overlay-color":"","overlay-opacity":"","overlay-gradient":""}},"ast-content-background-meta":{"desktop":{"background-color":"var(--ast-global-color-5)","background-image":"","background-repeat":"repeat","background-position":"center center","background-size":"auto","background-attachment":"scroll","background-type":"","background-media":"","overlay-type":"","overlay-color":"","overlay-opacity":"","overlay-gradient":""},"tablet":{"background-color":"var(--ast-global-color-5)","background-image":"","background-repeat":"repeat","background-position":"center center","background-size":"auto","background-attachment":"scroll","background-type":"","background-media":"","overlay-type":"","overlay-color":"","overlay-opacity":"","overlay-gradient":""},"mobile":{"background-color":"var(--ast-global-color-5)","background-image":"","background-repeat":"repeat","background-position":"center center","background-size":"auto","background-attachment":"scroll","background-type":"","background-media":"","overlay-type":"","overlay-color":"","overlay-opacity":"","overlay-gradient":""}},"footnotes":""},"categories":[66,29],"tags":[1781],"class_list":["post-19482","post","type-post","status-publish","format-standard","has-post-thumbnail","hentry","category-dinamitzacio","category-portada","tag-americana-film-fest"],"post_mailing_queue_ids":[],"_links":{"self":[{"href":"https:\/\/serveiseducatius.xtec.cat\/badalona\/wp-json\/wp\/v2\/posts\/19482","targetHints":{"allow":["GET"]}}],"collection":[{"href":"https:\/\/serveiseducatius.xtec.cat\/badalona\/wp-json\/wp\/v2\/posts"}],"about":[{"href":"https:\/\/serveiseducatius.xtec.cat\/badalona\/wp-json\/wp\/v2\/types\/post"}],"author":[{"embeddable":true,"href":"https:\/\/serveiseducatius.xtec.cat\/badalona\/wp-json\/wp\/v2\/users\/1"}],"replies":[{"embeddable":true,"href":"https:\/\/serveiseducatius.xtec.cat\/badalona\/wp-json\/wp\/v2\/comments?post=19482"}],"version-history":[{"count":2,"href":"https:\/\/serveiseducatius.xtec.cat\/badalona\/wp-json\/wp\/v2\/posts\/19482\/revisions"}],"predecessor-version":[{"id":19539,"href":"https:\/\/serveiseducatius.xtec.cat\/badalona\/wp-json\/wp\/v2\/posts\/19482\/revisions\/19539"}],"wp:featuredmedia":[{"embeddable":true,"href":"https:\/\/serveiseducatius.xtec.cat\/badalona\/wp-json\/wp\/v2\/media\/17603"}],"wp:attachment":[{"href":"https:\/\/serveiseducatius.xtec.cat\/badalona\/wp-json\/wp\/v2\/media?parent=19482"}],"wp:term":[{"taxonomy":"category","embeddable":true,"href":"https:\/\/serveiseducatius.xtec.cat\/badalona\/wp-json\/wp\/v2\/categories?post=19482"},{"taxonomy":"post_tag","embeddable":true,"href":"https:\/\/serveiseducatius.xtec.cat\/badalona\/wp-json\/wp\/v2\/tags?post=19482"}],"curies":[{"name":"wp","href":"https:\/\/api.w.org\/{rel}","templated":true}]}}