{"id":19473,"date":"2023-01-19T17:05:55","date_gmt":"2023-01-19T16:05:55","guid":{"rendered":"https:\/\/serveiseducatius.xtec.cat\/badalona\/?p=19473"},"modified":"2023-01-19T17:05:55","modified_gmt":"2023-01-19T16:05:55","slug":"xx-premis-educac-2","status":"publish","type":"post","link":"https:\/\/serveiseducatius.xtec.cat\/badalona\/portada\/xx-premis-educac-2\/","title":{"rendered":"XX Premis eduCAC"},"content":{"rendered":"<p class=\"text-align-justify\"><img loading=\"lazy\" decoding=\"async\" class=\" wp-image-19475 alignleft\" src=\"https:\/\/serveiseducatius.xtec.cat\/badalona\/wp-content\/uploads\/usu1088\/2023\/01\/20ns_premiseduCAC_XX_blanc.png\" alt=\"\" width=\"362\" height=\"283\" srcset=\"https:\/\/serveiseducatius.xtec.cat\/badalona\/wp-content\/uploads\/usu1088\/2023\/01\/20ns_premiseduCAC_XX_blanc.png 936w, https:\/\/serveiseducatius.xtec.cat\/badalona\/wp-content\/uploads\/usu1088\/2023\/01\/20ns_premiseduCAC_XX_blanc-300x235.png 300w, https:\/\/serveiseducatius.xtec.cat\/badalona\/wp-content\/uploads\/usu1088\/2023\/01\/20ns_premiseduCAC_XX_blanc-768x601.png 768w\" sizes=\"auto, (max-width: 362px) 100vw, 362px\" \/> El Consell de l&#8217;Audiovisual de Catalunya convoca la 20a edici\u00f3 dels Premis eduCAC en col\u00b7laboraci\u00f3 amb el Departament d&#8217;Educaci\u00f3 de la Generalitat de Catalunya. L&#8217;objectiu dels Premis eduCAC \u00e9s promoure l&#8217;educaci\u00f3 medi\u00e0tica en el sistema educatiu i recon\u00e8ixer la feina de la comunitat educativa en aquest \u00e0mbit.\u00a0<\/p>\n<p class=\"text-align-justify\">Els premis consten de tres categories:\u00a0<\/p>\n<ul>\n<li class=\"text-align-justify\"><strong>Categoria A: centres educatius<\/strong><\/li>\n<li class=\"text-align-justify\"><strong>Categoria B: treballs de recerca de l&#8217;alumnat\u00a0<\/strong><\/li>\n<li class=\"text-align-justify\"><strong>Categoria C: professorat de centres educatius.\u00a0<\/strong><\/li>\n<\/ul>\n<p class=\"text-align-justify\">En aquesta<a href=\"https:\/\/www.educac.cat\/premis-educac\/xx-premis-educac\" target=\"_blank\" rel=\"noopener\"><strong>\u00a0p\u00e0gina<\/strong><\/a>\u00a0trobar\u00e0s tots els detalls de la convocat\u00f2ria. Si teniu qualsevol dubte, podeu escriure a\u00a0<a href=\"mailto:educac@gencat.cat\" target=\"_blank\" rel=\"noopener\">educac@gencat.cat<\/a>.<\/p>\n<p>Hi poden participar tots els centres educatius ordinaris i els centres educatius d\u2019educaci\u00f3 especial p\u00fablics, concertats i privats de Catalunya amb estudis d\u2019infantil, prim\u00e0ria i secund\u00e0ria postobligat\u00f2ria.<\/p>\n<p>Totes les categories estan dotades amb un primer i un segon premi de 1000 i de 500 euros respectivament.<\/p>\n<p>El termini de presentaci\u00f3 per internet de sol\u00b7licituds de participaci\u00f3 finalitza el <strong>27 de febrer<\/strong> (el treball es podr\u00e0 lliurar fins el 10 de mar\u00e7, a trav\u00e9s de l\u2019enlla\u00e7 al n\u00favol habilitat per fer-ho).<\/p>\n","protected":false},"excerpt":{"rendered":"<p>El Consell de l&#8217;Audiovisual de Catalunya convoca la 20a edici\u00f3 dels Premis eduCAC en col\u00b7laboraci\u00f3 amb el Departament d&#8217;Educaci\u00f3 de [&hellip;]<\/p>\n","protected":false},"author":1,"featured_media":19476,"comment_status":"closed","ping_status":"closed","sticky":false,"template":"","format":"standard","meta":{"_bbp_topic_count":0,"_bbp_reply_count":0,"_bbp_total_topic_count":0,"_bbp_total_reply_count":0,"_bbp_voice_count":0,"_bbp_anonymous_reply_count":0,"_bbp_topic_count_hidden":0,"_bbp_reply_count_hidden":0,"_bbp_forum_subforum_count":0,"site-sidebar-layout":"default","site-content-layout":"","ast-site-content-layout":"","site-content-style":"default","site-sidebar-style":"default","ast-global-header-display":"","ast-banner-title-visibility":"","ast-main-header-display":"","ast-hfb-above-header-display":"","ast-hfb-below-header-display":"","ast-hfb-mobile-header-display":"","site-post-title":"","ast-breadcrumbs-content":"","ast-featured-img":"","footer-sml-layout":"","theme-transparent-header-meta":"","adv-header-id-meta":"","stick-header-meta":"","header-above-stick-meta":"","header-main-stick-meta":"","header-below-stick-meta":"","astra-migrate-meta-layouts":"default","ast-page-background-enabled":"default","ast-page-background-meta":{"desktop":{"background-color":"var(--ast-global-color-4)","background-image":"","background-repeat":"repeat","background-position":"center center","background-size":"auto","background-attachment":"scroll","background-type":"","background-media":"","overlay-type":"","overlay-color":"","overlay-opacity":"","overlay-gradient":""},"tablet":{"background-color":"","background-image":"","background-repeat":"repeat","background-position":"center center","background-size":"auto","background-attachment":"scroll","background-type":"","background-media":"","overlay-type":"","overlay-color":"","overlay-opacity":"","overlay-gradient":""},"mobile":{"background-color":"","background-image":"","background-repeat":"repeat","background-position":"center center","background-size":"auto","background-attachment":"scroll","background-type":"","background-media":"","overlay-type":"","overlay-color":"","overlay-opacity":"","overlay-gradient":""}},"ast-content-background-meta":{"desktop":{"background-color":"var(--ast-global-color-5)","background-image":"","background-repeat":"repeat","background-position":"center center","background-size":"auto","background-attachment":"scroll","background-type":"","background-media":"","overlay-type":"","overlay-color":"","overlay-opacity":"","overlay-gradient":""},"tablet":{"background-color":"var(--ast-global-color-5)","background-image":"","background-repeat":"repeat","background-position":"center center","background-size":"auto","background-attachment":"scroll","background-type":"","background-media":"","overlay-type":"","overlay-color":"","overlay-opacity":"","overlay-gradient":""},"mobile":{"background-color":"var(--ast-global-color-5)","background-image":"","background-repeat":"repeat","background-position":"center center","background-size":"auto","background-attachment":"scroll","background-type":"","background-media":"","overlay-type":"","overlay-color":"","overlay-opacity":"","overlay-gradient":""}},"footnotes":""},"categories":[78,66,29],"tags":[907],"class_list":["post-19473","post","type-post","status-publish","format-standard","has-post-thumbnail","hentry","category-culturadigital","category-dinamitzacio","category-portada","tag-educac"],"post_mailing_queue_ids":[],"_links":{"self":[{"href":"https:\/\/serveiseducatius.xtec.cat\/badalona\/wp-json\/wp\/v2\/posts\/19473","targetHints":{"allow":["GET"]}}],"collection":[{"href":"https:\/\/serveiseducatius.xtec.cat\/badalona\/wp-json\/wp\/v2\/posts"}],"about":[{"href":"https:\/\/serveiseducatius.xtec.cat\/badalona\/wp-json\/wp\/v2\/types\/post"}],"author":[{"embeddable":true,"href":"https:\/\/serveiseducatius.xtec.cat\/badalona\/wp-json\/wp\/v2\/users\/1"}],"replies":[{"embeddable":true,"href":"https:\/\/serveiseducatius.xtec.cat\/badalona\/wp-json\/wp\/v2\/comments?post=19473"}],"version-history":[{"count":2,"href":"https:\/\/serveiseducatius.xtec.cat\/badalona\/wp-json\/wp\/v2\/posts\/19473\/revisions"}],"predecessor-version":[{"id":19478,"href":"https:\/\/serveiseducatius.xtec.cat\/badalona\/wp-json\/wp\/v2\/posts\/19473\/revisions\/19478"}],"wp:featuredmedia":[{"embeddable":true,"href":"https:\/\/serveiseducatius.xtec.cat\/badalona\/wp-json\/wp\/v2\/media\/19476"}],"wp:attachment":[{"href":"https:\/\/serveiseducatius.xtec.cat\/badalona\/wp-json\/wp\/v2\/media?parent=19473"}],"wp:term":[{"taxonomy":"category","embeddable":true,"href":"https:\/\/serveiseducatius.xtec.cat\/badalona\/wp-json\/wp\/v2\/categories?post=19473"},{"taxonomy":"post_tag","embeddable":true,"href":"https:\/\/serveiseducatius.xtec.cat\/badalona\/wp-json\/wp\/v2\/tags?post=19473"}],"curies":[{"name":"wp","href":"https:\/\/api.w.org\/{rel}","templated":true}]}}