{"id":19421,"date":"2023-01-11T07:22:51","date_gmt":"2023-01-11T06:22:51","guid":{"rendered":"https:\/\/serveiseducatius.xtec.cat\/badalona\/?p=19421"},"modified":"2023-01-12T10:43:17","modified_gmt":"2023-01-12T09:43:17","slug":"oferta-formativa-per-al-segon-torn-de-formacio-del-programa-de-llengues-i-cultures-dorigen","status":"publish","type":"post","link":"https:\/\/serveiseducatius.xtec.cat\/badalona\/portada\/oferta-formativa-per-al-segon-torn-de-formacio-del-programa-de-llengues-i-cultures-dorigen\/","title":{"rendered":"Oferta formativa per al segon torn de formaci\u00f3 del Programa de Lleng\u00fces i Cultures d&#8217;Origen"},"content":{"rendered":"<p><a href=\"https:\/\/aplicacions.gestioeducativa.gencat.cat\/pls\/soloas\/pk_for_mod_ins.p_for_cons_activitats?p_any=&amp;p_tipus_act=PL45,PL46,PL47,PL48,PL49,PL50,PL51,CADA,EIAC,EIFT&amp;p_totes=S\">Aqu\u00ed<\/a> teniu l&#8217;oferta formativa per al segon torn de formaci\u00f3 del <strong>Programa de Lleng\u00fces i Cultures d&#8217;Origen:<\/strong><\/p>\n<p><a href=\"https:\/\/aplicacions.gestioeducativa.gencat.cat\/pls\/soloas\/pk_for_mod_ins.p_for_cons_activitats?p_any=&amp;p_tipus_act=PL45,PL46,PL47,PL48,PL49,PL50,PL51,CADA,EIAC,EIFT&amp;p_totes=S\"><img loading=\"lazy\" decoding=\"async\" class=\"alignnone wp-image-9577\" src=\"https:\/\/projectes.xtec.cat\/origen\/wp-content\/uploads\/usu2451\/2022\/12\/Afegeix-una-capcalera-1-724x1024.jpg\" sizes=\"auto, (max-width: 724px) 100vw, 724px\" srcset=\"https:\/\/projectes.xtec.cat\/origen\/wp-content\/uploads\/usu2451\/2022\/12\/Afegeix-una-capcalera-1-724x1024.jpg 724w, https:\/\/projectes.xtec.cat\/origen\/wp-content\/uploads\/usu2451\/2022\/12\/Afegeix-una-capcalera-1-212x300.jpg 212w, https:\/\/projectes.xtec.cat\/origen\/wp-content\/uploads\/usu2451\/2022\/12\/Afegeix-una-capcalera-1-768x1086.jpg 768w, https:\/\/projectes.xtec.cat\/origen\/wp-content\/uploads\/usu2451\/2022\/12\/Afegeix-una-capcalera-1-1086x1536.jpg 1086w, https:\/\/projectes.xtec.cat\/origen\/wp-content\/uploads\/usu2451\/2022\/12\/Afegeix-una-capcalera-1-1448x2048.jpg 1448w, https:\/\/projectes.xtec.cat\/origen\/wp-content\/uploads\/usu2451\/2022\/12\/Afegeix-una-capcalera-1.jpg 1587w\" alt=\"\" width=\"478\" height=\"676\" \/><\/a><\/p>\n<p>Us recordem tamb\u00e9 que en el marc de la proposta formativa per al curs 2022-2023 vinculada a l&#8217;equip LIC al gener s&#8217;iniciar\u00e0 el <strong>cicle de confer\u00e8ncies <\/strong>sobre<strong> L&#8217;aprenentatge de l&#8217;escriptura a prim\u00e0ria<\/strong> (Confer\u00e8ncies araESCRIC CM\/CS) aix\u00ed com les <strong>Activitats pr\u00e0ctiques d&#8217;expressi\u00f3 escrita.<\/strong><\/p>\n<p>\nPodeu inscriure-us entrant al web de l&#8217;<a href=\"https:\/\/xtec.gencat.cat\/ca\/formacio\/info-general\/cercador-activitats\/\">XTEC<\/a>:<\/p>\n<p>2006100555\u00a0\u00a0\u00a0<strong>araESCRIC. L&#8217;aprenentatge de l&#8217;escriptura a prim\u00e0ria, cicle mitj\u00e0 i cicle superior<\/strong><br \/>\n\u00a0 \u00a0 \u00a0 \u00a0 \u00a0 \u00a0 \u00a0 \u00a0 \u00a0 \u00a0 \u00a0 \u00a0Del 12\/1\/2023 al 23\/3\/2023 (15 hores) de 17:30h a 19:30h\u00a0<\/p>\n<p>Inscripci\u00f3 des de 15\/11\/22 al 10\/01\/23<\/p>\n<p>2006020555\u00a0 <strong>Activitats pr\u00e0ctiques d&#8217;expressi\u00f3 escrita (CM-CS)<\/strong><br \/>\n\u00a0\u00a0\u00a0\u00a0\u00a0\u00a0\u00a0\u00a0\u00a0\u00a0\u00a0\u00a0\u00a0\u00a0\u00a0\u00a0\u00a0\u00a0\u00a0\u00a0\u00a0 Curs. Educaci\u00f3 Prim\u00e0ria<br \/>\n\u00a0\u00a0\u00a0\u00a0\u00a0\u00a0\u00a0\u00a0\u00a0\u00a0\u00a0\u00a0\u00a0\u00a0\u00a0\u00a0\u00a0\u00a0\u00a0\u00a0\u00a0 De l&#8217;1\/02\/2023 al 4\/05\/2023 (15 hores) de 17:30h a 19:30h<\/p>\n<p>Inscripci\u00f3 des de 15\/11\/22 al 18\/01\/23<\/p>\n","protected":false},"excerpt":{"rendered":"<p>Aqu\u00ed teniu l&#8217;oferta formativa per al segon torn de formaci\u00f3 del Programa de Lleng\u00fces i Cultures d&#8217;Origen: Us recordem tamb\u00e9 [&hellip;]<\/p>\n","protected":false},"author":1,"featured_media":19422,"comment_status":"closed","ping_status":"closed","sticky":false,"template":"","format":"standard","meta":{"_bbp_topic_count":0,"_bbp_reply_count":0,"_bbp_total_topic_count":0,"_bbp_total_reply_count":0,"_bbp_voice_count":0,"_bbp_anonymous_reply_count":0,"_bbp_topic_count_hidden":0,"_bbp_reply_count_hidden":0,"_bbp_forum_subforum_count":0,"site-sidebar-layout":"default","site-content-layout":"","ast-site-content-layout":"","site-content-style":"default","site-sidebar-style":"default","ast-global-header-display":"","ast-banner-title-visibility":"","ast-main-header-display":"","ast-hfb-above-header-display":"","ast-hfb-below-header-display":"","ast-hfb-mobile-header-display":"","site-post-title":"","ast-breadcrumbs-content":"","ast-featured-img":"","footer-sml-layout":"","theme-transparent-header-meta":"","adv-header-id-meta":"","stick-header-meta":"","header-above-stick-meta":"","header-main-stick-meta":"","header-below-stick-meta":"","astra-migrate-meta-layouts":"default","ast-page-background-enabled":"default","ast-page-background-meta":{"desktop":{"background-color":"var(--ast-global-color-4)","background-image":"","background-repeat":"repeat","background-position":"center center","background-size":"auto","background-attachment":"scroll","background-type":"","background-media":"","overlay-type":"","overlay-color":"","overlay-opacity":"","overlay-gradient":""},"tablet":{"background-color":"","background-image":"","background-repeat":"repeat","background-position":"center center","background-size":"auto","background-attachment":"scroll","background-type":"","background-media":"","overlay-type":"","overlay-color":"","overlay-opacity":"","overlay-gradient":""},"mobile":{"background-color":"","background-image":"","background-repeat":"repeat","background-position":"center center","background-size":"auto","background-attachment":"scroll","background-type":"","background-media":"","overlay-type":"","overlay-color":"","overlay-opacity":"","overlay-gradient":""}},"ast-content-background-meta":{"desktop":{"background-color":"var(--ast-global-color-5)","background-image":"","background-repeat":"repeat","background-position":"center center","background-size":"auto","background-attachment":"scroll","background-type":"","background-media":"","overlay-type":"","overlay-color":"","overlay-opacity":"","overlay-gradient":""},"tablet":{"background-color":"var(--ast-global-color-5)","background-image":"","background-repeat":"repeat","background-position":"center center","background-size":"auto","background-attachment":"scroll","background-type":"","background-media":"","overlay-type":"","overlay-color":"","overlay-opacity":"","overlay-gradient":""},"mobile":{"background-color":"var(--ast-global-color-5)","background-image":"","background-repeat":"repeat","background-position":"center center","background-size":"auto","background-attachment":"scroll","background-type":"","background-media":"","overlay-type":"","overlay-color":"","overlay-opacity":"","overlay-gradient":""}},"footnotes":""},"categories":[68,165,29],"tags":[685,1696,166,652,359],"class_list":["post-19421","post","type-post","status-publish","format-standard","has-post-thumbnail","hentry","category-elic","category-formacio","category-portada","tag-alumnat-nouvingut","tag-elic","tag-formacio","tag-interculturalitat","tag-llengua"],"post_mailing_queue_ids":[],"_links":{"self":[{"href":"https:\/\/serveiseducatius.xtec.cat\/badalona\/wp-json\/wp\/v2\/posts\/19421","targetHints":{"allow":["GET"]}}],"collection":[{"href":"https:\/\/serveiseducatius.xtec.cat\/badalona\/wp-json\/wp\/v2\/posts"}],"about":[{"href":"https:\/\/serveiseducatius.xtec.cat\/badalona\/wp-json\/wp\/v2\/types\/post"}],"author":[{"embeddable":true,"href":"https:\/\/serveiseducatius.xtec.cat\/badalona\/wp-json\/wp\/v2\/users\/1"}],"replies":[{"embeddable":true,"href":"https:\/\/serveiseducatius.xtec.cat\/badalona\/wp-json\/wp\/v2\/comments?post=19421"}],"version-history":[{"count":2,"href":"https:\/\/serveiseducatius.xtec.cat\/badalona\/wp-json\/wp\/v2\/posts\/19421\/revisions"}],"predecessor-version":[{"id":19424,"href":"https:\/\/serveiseducatius.xtec.cat\/badalona\/wp-json\/wp\/v2\/posts\/19421\/revisions\/19424"}],"wp:featuredmedia":[{"embeddable":true,"href":"https:\/\/serveiseducatius.xtec.cat\/badalona\/wp-json\/wp\/v2\/media\/19422"}],"wp:attachment":[{"href":"https:\/\/serveiseducatius.xtec.cat\/badalona\/wp-json\/wp\/v2\/media?parent=19421"}],"wp:term":[{"taxonomy":"category","embeddable":true,"href":"https:\/\/serveiseducatius.xtec.cat\/badalona\/wp-json\/wp\/v2\/categories?post=19421"},{"taxonomy":"post_tag","embeddable":true,"href":"https:\/\/serveiseducatius.xtec.cat\/badalona\/wp-json\/wp\/v2\/tags?post=19421"}],"curies":[{"name":"wp","href":"https:\/\/api.w.org\/{rel}","templated":true}]}}