{"id":19377,"date":"2022-12-21T09:37:54","date_gmt":"2022-12-21T08:37:54","guid":{"rendered":"https:\/\/serveiseducatius.xtec.cat\/badalona\/?p=19377"},"modified":"2023-01-09T17:22:57","modified_gmt":"2023-01-09T16:22:57","slug":"familia-i-pantalles-educar-i-acompanyar-la-infancia-i-adolescencia-digital","status":"publish","type":"post","link":"https:\/\/serveiseducatius.xtec.cat\/badalona\/portada\/familia-i-pantalles-educar-i-acompanyar-la-infancia-i-adolescencia-digital\/","title":{"rendered":"Fam\u00edlia i pantalles. Educar i acompanyar la inf\u00e0ncia i adolesc\u00e8ncia digital"},"content":{"rendered":"<p>Us compartim el darrer\u00a0<a href=\"https:\/\/t.co\/DNGnG4ivEZ\" target=\"_blank\" rel=\"noopener\"><strong>Butllet\u00ed EduCac desembre 2022<\/strong><\/a>. Es tracta d&#8217;un recurs per a compartir amb les fam\u00edlies dels vostres centres educatius (0-18 anys).<\/p>\n<p>Aquest recurs cont\u00e9 informaci\u00f3 i infografies amb consells per a les fam\u00edlies i tota la comunitat educativa per educar i acompanyar a infants i adolescents en l\u2019\u00fas de les pantalles.<\/p>\n<p><a href=\"https:\/\/www.educac.cat\/families\/familia-i-pantalles\"><strong>Acc\u00e9s a l\u2019espai web<\/strong><\/a>\u00a0on es troba tota la informaci\u00f3.<!--more--><\/p>\n<p><strong>A sota us mostrem tres infografies:<\/strong> etapa 0-6, etapa 6-12 i +12 anys. Cada infografia cont\u00e9 un missatge amb els riscos de cada etapa, com promoure l\u2019\u00fas saludable i un enlla\u00e7 amb m\u00e9s informaci\u00f3.<\/p>\n<p><iframe loading=\"lazy\" src=\"https:\/\/drive.google.com\/file\/d\/1nJFkKoXmGaab0nB6fFOu6OxMlX_pHWfJ\/preview\" width=\"210\" height=\"300\"><span data-mce-type=\"bookmark\" style=\"display: inline-block; width: 0px; overflow: hidden; line-height: 0;\" class=\"mce_SELRES_start\">\ufeff<\/span><span data-mce-type=\"bookmark\" style=\"display: inline-block; width: 0px; overflow: hidden; line-height: 0;\" class=\"mce_SELRES_start\">\ufeff<\/span><\/iframe> <iframe loading=\"lazy\" src=\"https:\/\/drive.google.com\/file\/d\/1jy3bDuUp815-OIVyN5uQif8O1xVrlpxs\/preview\" width=\"210\" height=\"300\"><\/iframe> <iframe loading=\"lazy\" src=\"https:\/\/drive.google.com\/file\/d\/1VsY8K98aBqJOHasw0YBasW8RxYHRr4PW\/preview\" width=\"210\" height=\"300\"><\/iframe><\/p>\n","protected":false},"excerpt":{"rendered":"<p>Us compartim el darrer\u00a0Butllet\u00ed EduCac desembre 2022. Es tracta d&#8217;un recurs per a compartir amb les fam\u00edlies dels vostres centres [&hellip;]<\/p>\n","protected":false},"author":9,"featured_media":19378,"comment_status":"closed","ping_status":"closed","sticky":false,"template":"","format":"standard","meta":{"_bbp_topic_count":0,"_bbp_reply_count":0,"_bbp_total_topic_count":0,"_bbp_total_reply_count":0,"_bbp_voice_count":0,"_bbp_anonymous_reply_count":0,"_bbp_topic_count_hidden":0,"_bbp_reply_count_hidden":0,"_bbp_forum_subforum_count":0,"site-sidebar-layout":"default","site-content-layout":"","ast-site-content-layout":"","site-content-style":"default","site-sidebar-style":"default","ast-global-header-display":"","ast-banner-title-visibility":"","ast-main-header-display":"","ast-hfb-above-header-display":"","ast-hfb-below-header-display":"","ast-hfb-mobile-header-display":"","site-post-title":"","ast-breadcrumbs-content":"","ast-featured-img":"","footer-sml-layout":"","theme-transparent-header-meta":"","adv-header-id-meta":"","stick-header-meta":"","header-above-stick-meta":"","header-main-stick-meta":"","header-below-stick-meta":"","astra-migrate-meta-layouts":"default","ast-page-background-enabled":"default","ast-page-background-meta":{"desktop":{"background-color":"var(--ast-global-color-4)","background-image":"","background-repeat":"repeat","background-position":"center center","background-size":"auto","background-attachment":"scroll","background-type":"","background-media":"","overlay-type":"","overlay-color":"","overlay-opacity":"","overlay-gradient":""},"tablet":{"background-color":"","background-image":"","background-repeat":"repeat","background-position":"center center","background-size":"auto","background-attachment":"scroll","background-type":"","background-media":"","overlay-type":"","overlay-color":"","overlay-opacity":"","overlay-gradient":""},"mobile":{"background-color":"","background-image":"","background-repeat":"repeat","background-position":"center center","background-size":"auto","background-attachment":"scroll","background-type":"","background-media":"","overlay-type":"","overlay-color":"","overlay-opacity":"","overlay-gradient":""}},"ast-content-background-meta":{"desktop":{"background-color":"var(--ast-global-color-5)","background-image":"","background-repeat":"repeat","background-position":"center center","background-size":"auto","background-attachment":"scroll","background-type":"","background-media":"","overlay-type":"","overlay-color":"","overlay-opacity":"","overlay-gradient":""},"tablet":{"background-color":"var(--ast-global-color-5)","background-image":"","background-repeat":"repeat","background-position":"center center","background-size":"auto","background-attachment":"scroll","background-type":"","background-media":"","overlay-type":"","overlay-color":"","overlay-opacity":"","overlay-gradient":""},"mobile":{"background-color":"var(--ast-global-color-5)","background-image":"","background-repeat":"repeat","background-position":"center center","background-size":"auto","background-attachment":"scroll","background-type":"","background-media":"","overlay-type":"","overlay-color":"","overlay-opacity":"","overlay-gradient":""}},"footnotes":""},"categories":[64,78,419,29],"tags":[907,1775,434],"class_list":["post-19377","post","type-post","status-publish","format-standard","has-post-thumbnail","hentry","category-comunitat","category-culturadigital","category-curriculum","category-portada","tag-educac","tag-educacio-en-comunicacio","tag-pantalles"],"post_mailing_queue_ids":[],"_links":{"self":[{"href":"https:\/\/serveiseducatius.xtec.cat\/badalona\/wp-json\/wp\/v2\/posts\/19377","targetHints":{"allow":["GET"]}}],"collection":[{"href":"https:\/\/serveiseducatius.xtec.cat\/badalona\/wp-json\/wp\/v2\/posts"}],"about":[{"href":"https:\/\/serveiseducatius.xtec.cat\/badalona\/wp-json\/wp\/v2\/types\/post"}],"author":[{"embeddable":true,"href":"https:\/\/serveiseducatius.xtec.cat\/badalona\/wp-json\/wp\/v2\/users\/9"}],"replies":[{"embeddable":true,"href":"https:\/\/serveiseducatius.xtec.cat\/badalona\/wp-json\/wp\/v2\/comments?post=19377"}],"version-history":[{"count":2,"href":"https:\/\/serveiseducatius.xtec.cat\/badalona\/wp-json\/wp\/v2\/posts\/19377\/revisions"}],"predecessor-version":[{"id":19401,"href":"https:\/\/serveiseducatius.xtec.cat\/badalona\/wp-json\/wp\/v2\/posts\/19377\/revisions\/19401"}],"wp:featuredmedia":[{"embeddable":true,"href":"https:\/\/serveiseducatius.xtec.cat\/badalona\/wp-json\/wp\/v2\/media\/19378"}],"wp:attachment":[{"href":"https:\/\/serveiseducatius.xtec.cat\/badalona\/wp-json\/wp\/v2\/media?parent=19377"}],"wp:term":[{"taxonomy":"category","embeddable":true,"href":"https:\/\/serveiseducatius.xtec.cat\/badalona\/wp-json\/wp\/v2\/categories?post=19377"},{"taxonomy":"post_tag","embeddable":true,"href":"https:\/\/serveiseducatius.xtec.cat\/badalona\/wp-json\/wp\/v2\/tags?post=19377"}],"curies":[{"name":"wp","href":"https:\/\/api.w.org\/{rel}","templated":true}]}}