{"id":19288,"date":"2022-12-05T09:59:16","date_gmt":"2022-12-05T08:59:16","guid":{"rendered":"https:\/\/serveiseducatius.xtec.cat\/badalona\/?p=19288"},"modified":"2022-12-05T14:38:27","modified_gmt":"2022-12-05T13:38:27","slug":"la-ub-divulga-concurs-ub-de-cristallitzacio-a-lescola","status":"publish","type":"post","link":"https:\/\/serveiseducatius.xtec.cat\/badalona\/portada\/la-ub-divulga-concurs-ub-de-cristallitzacio-a-lescola\/","title":{"rendered":"La UB divulga: Concurs UB de Cristal\u00b7litzaci\u00f3 a l\u2019Escola"},"content":{"rendered":"<p><img loading=\"lazy\" decoding=\"async\" class=\"wp-image-19289 size-medium alignleft\" src=\"https:\/\/serveiseducatius.xtec.cat\/badalona\/wp-content\/uploads\/usu1088\/2022\/12\/Cristallitzacio-a-lescola-300x107.png\" alt=\"\" width=\"300\" height=\"107\" \/>Els centres de l&#8217;\u00e0rea de Barcelona poden participar en el <strong><i>Concurs UB de Cristal\u00b7litzaci\u00f3 a <\/i><i>l\u2019Escola<\/i><i>.<\/i> <\/strong><\/p>\n<p>En aquest projecte de divulgaci\u00f3 cient\u00edfica, el professorat de secund\u00e0ria rep una formaci\u00f3 en cristal\u00b7lografia a la Universitat i despr\u00e9s trasllada la seva experi\u00e8ncia a l\u2019aula perqu\u00e8 l\u2019alumnat aprengui a crear cristalls. Amb els cristalls obtinguts, s\u2019organitza una jornada en format de congr\u00e9s cient\u00edfic en qu\u00e8 s\u2019exposen els cristalls treballats i se n\u2019escullen els guanyadors.<\/p>\n<p>Aquesta jornada final es far\u00e0 el divendres 26 de maig de 2023 a la Facultat de Ci\u00e8ncies de la Terra.<\/p>\n<p dir=\"ltr\">En aquesta edici\u00f3, l\u2019organitzaci\u00f3 subvenciona a cada centre participant la compra de 10 kg de dihidrogenfosfat d\u2019amoni (ADP), que es podran recollir a la Facultat de Ci\u00e8ncies de la Terra.<\/p>\n<div dir=\"ltr\">\n<p>Inscripci\u00f3: del 21 de novembre fins al 19 de desembre de 2022.<\/p>\n<p>M\u00e9s informaci\u00f3: <a href=\"http:\/\/www.ub.edu\/laubdivulga\/concurscristallitzacio\/bases.html\" target=\"_blank\" rel=\"noopener\" data-saferedirecturl=\"https:\/\/www.google.com\/url?q=http:\/\/www.ub.edu\/laubdivulga\/concurscristallitzacio\/bases.html&amp;source=gmail&amp;ust=1669977028789000&amp;usg=AOvVaw2z0Terclnzx_e27sbmU4o8\">Concurs de Cristal\u00b7litzaci\u00f3 a l\u2019Escola (ub.edu)<\/a><\/p>\n<div>\u00a0<\/div>\n<\/div>\n","protected":false},"excerpt":{"rendered":"<p>Els centres de l&#8217;\u00e0rea de Barcelona poden participar en el Concurs UB de Cristal\u00b7litzaci\u00f3 a l\u2019Escola. En aquest projecte de [&hellip;]<\/p>\n","protected":false},"author":1,"featured_media":19289,"comment_status":"closed","ping_status":"closed","sticky":false,"template":"","format":"standard","meta":{"_bbp_topic_count":0,"_bbp_reply_count":0,"_bbp_total_topic_count":0,"_bbp_total_reply_count":0,"_bbp_voice_count":0,"_bbp_anonymous_reply_count":0,"_bbp_topic_count_hidden":0,"_bbp_reply_count_hidden":0,"_bbp_forum_subforum_count":0,"site-sidebar-layout":"default","site-content-layout":"","ast-site-content-layout":"","site-content-style":"default","site-sidebar-style":"default","ast-global-header-display":"","ast-banner-title-visibility":"","ast-main-header-display":"","ast-hfb-above-header-display":"","ast-hfb-below-header-display":"","ast-hfb-mobile-header-display":"","site-post-title":"","ast-breadcrumbs-content":"","ast-featured-img":"","footer-sml-layout":"","theme-transparent-header-meta":"","adv-header-id-meta":"","stick-header-meta":"","header-above-stick-meta":"","header-main-stick-meta":"","header-below-stick-meta":"","astra-migrate-meta-layouts":"default","ast-page-background-enabled":"default","ast-page-background-meta":{"desktop":{"background-color":"var(--ast-global-color-4)","background-image":"","background-repeat":"repeat","background-position":"center center","background-size":"auto","background-attachment":"scroll","background-type":"","background-media":"","overlay-type":"","overlay-color":"","overlay-opacity":"","overlay-gradient":""},"tablet":{"background-color":"","background-image":"","background-repeat":"repeat","background-position":"center center","background-size":"auto","background-attachment":"scroll","background-type":"","background-media":"","overlay-type":"","overlay-color":"","overlay-opacity":"","overlay-gradient":""},"mobile":{"background-color":"","background-image":"","background-repeat":"repeat","background-position":"center center","background-size":"auto","background-attachment":"scroll","background-type":"","background-media":"","overlay-type":"","overlay-color":"","overlay-opacity":"","overlay-gradient":""}},"ast-content-background-meta":{"desktop":{"background-color":"var(--ast-global-color-5)","background-image":"","background-repeat":"repeat","background-position":"center center","background-size":"auto","background-attachment":"scroll","background-type":"","background-media":"","overlay-type":"","overlay-color":"","overlay-opacity":"","overlay-gradient":""},"tablet":{"background-color":"var(--ast-global-color-5)","background-image":"","background-repeat":"repeat","background-position":"center center","background-size":"auto","background-attachment":"scroll","background-type":"","background-media":"","overlay-type":"","overlay-color":"","overlay-opacity":"","overlay-gradient":""},"mobile":{"background-color":"var(--ast-global-color-5)","background-image":"","background-repeat":"repeat","background-position":"center center","background-size":"auto","background-attachment":"scroll","background-type":"","background-media":"","overlay-type":"","overlay-color":"","overlay-opacity":"","overlay-gradient":""}},"footnotes":""},"categories":[66,29],"tags":[1765,1766],"class_list":["post-19288","post","type-post","status-publish","format-standard","has-post-thumbnail","hentry","category-dinamitzacio","category-portada","tag-cristallitzacio-a-lescola","tag-la-ub-divulga"],"post_mailing_queue_ids":[],"_links":{"self":[{"href":"https:\/\/serveiseducatius.xtec.cat\/badalona\/wp-json\/wp\/v2\/posts\/19288","targetHints":{"allow":["GET"]}}],"collection":[{"href":"https:\/\/serveiseducatius.xtec.cat\/badalona\/wp-json\/wp\/v2\/posts"}],"about":[{"href":"https:\/\/serveiseducatius.xtec.cat\/badalona\/wp-json\/wp\/v2\/types\/post"}],"author":[{"embeddable":true,"href":"https:\/\/serveiseducatius.xtec.cat\/badalona\/wp-json\/wp\/v2\/users\/1"}],"replies":[{"embeddable":true,"href":"https:\/\/serveiseducatius.xtec.cat\/badalona\/wp-json\/wp\/v2\/comments?post=19288"}],"version-history":[{"count":1,"href":"https:\/\/serveiseducatius.xtec.cat\/badalona\/wp-json\/wp\/v2\/posts\/19288\/revisions"}],"predecessor-version":[{"id":19290,"href":"https:\/\/serveiseducatius.xtec.cat\/badalona\/wp-json\/wp\/v2\/posts\/19288\/revisions\/19290"}],"wp:featuredmedia":[{"embeddable":true,"href":"https:\/\/serveiseducatius.xtec.cat\/badalona\/wp-json\/wp\/v2\/media\/19289"}],"wp:attachment":[{"href":"https:\/\/serveiseducatius.xtec.cat\/badalona\/wp-json\/wp\/v2\/media?parent=19288"}],"wp:term":[{"taxonomy":"category","embeddable":true,"href":"https:\/\/serveiseducatius.xtec.cat\/badalona\/wp-json\/wp\/v2\/categories?post=19288"},{"taxonomy":"post_tag","embeddable":true,"href":"https:\/\/serveiseducatius.xtec.cat\/badalona\/wp-json\/wp\/v2\/tags?post=19288"}],"curies":[{"name":"wp","href":"https:\/\/api.w.org\/{rel}","templated":true}]}}