{"id":19142,"date":"2022-11-21T10:06:30","date_gmt":"2022-11-21T09:06:30","guid":{"rendered":"https:\/\/serveiseducatius.xtec.cat\/badalona\/?p=19142"},"modified":"2022-11-21T17:39:33","modified_gmt":"2022-11-21T16:39:33","slug":"conferencia-nomadas-del-conocimiento-analisis-de-practicas-pedagogicas-disruptivas-en-educacion-secundaria-24-de-novembre-a-les-1815h","status":"publish","type":"post","link":"https:\/\/serveiseducatius.xtec.cat\/badalona\/portada\/conferencia-nomadas-del-conocimiento-analisis-de-practicas-pedagogicas-disruptivas-en-educacion-secundaria-24-de-novembre-a-les-1815h\/","title":{"rendered":"Confer\u00e8ncia &#8220;N\u00f3madas del conocimiento. An\u00e1lisis de pr\u00e1cticas pedag\u00f3gicas disruptivas en Educaci\u00f3n Secundaria&#8221;"},"content":{"rendered":"<p dir=\"ltr\"><img loading=\"lazy\" decoding=\"async\" class=\"wp-image-19143 alignleft\" src=\"https:\/\/serveiseducatius.xtec.cat\/badalona\/wp-content\/uploads\/usu1088\/2022\/11\/logo-esbrina-small-2.png\" alt=\"\" width=\"300\" height=\"88\" \/>Us informem que el proper <strong>24 de novembre a les 18:15h<\/strong> se celebrar\u00e0 la confer\u00e8ncia &#8220;N\u00f3madas del conocimiento. An\u00e1lisis de pr\u00e1cticas pedag\u00f3gicas disruptivas en Educaci\u00f3n Secundaria&#8221;, la qual anir\u00e0 a c\u00e0rrec de la Dra. Anal\u00eda E. Leite M\u00e9ndez (professora titular del Departament de Did\u00e0ctica i Organitzaci\u00f3 Escolar de la Facultat de Ci\u00e8ncies de l&#8217;educaci\u00f3 de la Universitat de M\u00e0laga) i la Dra. Roc\u00edo Anguita Mart\u00ednez (professora Titular d\u2019Universitat al Departament de Pedagogia de la Facultat d\u2019Educaci\u00f3 i Treball Social de la Universitat de Valladolid).<\/p>\n<p dir=\"ltr\">L&#8217;acte es dur\u00e0 a terme a la Sala J\u00falia V. Esp\u00edn, Edifici Llevant, 2a planta. Facultat d&#8217;Educaci\u00f3 (Campus Mundet &#8211; Universitat de Barcelona).<\/p>\n<p dir=\"ltr\">Per temes d&#8217;aforament, per a poder assistir heu d&#8217;inscriure-us aqu\u00ed omplint el seg\u00fcent formulari:\u00a0<a href=\"https:\/\/forms.gle\/93ozFLz5xqfR5sH86\" target=\"_blank\" rel=\"noopener\" data-saferedirecturl=\"https:\/\/www.google.com\/url?q=https:\/\/forms.gle\/93ozFLz5xqfR5sH86&amp;source=gmail&amp;ust=1668844815357000&amp;usg=AOvVaw1NQPaBp_0G2rPgZ9pB2QN7\">https:\/\/forms.gle\/<wbr \/>93ozFLz5xqfR5sH86<\/a><\/p>\n<p dir=\"ltr\">M\u00e9s informaci\u00f3: <a href=\"https:\/\/n9.cl\/conferencianomadis\" target=\"_blank\" rel=\"noopener\" data-saferedirecturl=\"https:\/\/www.google.com\/url?q=https:\/\/n9.cl\/conferencianomadis&amp;source=gmail&amp;ust=1668844815357000&amp;usg=AOvVaw06VS6btHm82iSOsNEZLZq1\">https:\/\/n9.cl\/<wbr \/>conferencianomadis<\/a><\/p>\n","protected":false},"excerpt":{"rendered":"<p>Us informem que el proper 24 de novembre a les 18:15h se celebrar\u00e0 la confer\u00e8ncia &#8220;N\u00f3madas del conocimiento. An\u00e1lisis de [&hellip;]<\/p>\n","protected":false},"author":1,"featured_media":19143,"comment_status":"closed","ping_status":"closed","sticky":false,"template":"","format":"standard","meta":{"_bbp_topic_count":0,"_bbp_reply_count":0,"_bbp_total_topic_count":0,"_bbp_total_reply_count":0,"_bbp_voice_count":0,"_bbp_anonymous_reply_count":0,"_bbp_topic_count_hidden":0,"_bbp_reply_count_hidden":0,"_bbp_forum_subforum_count":0,"site-sidebar-layout":"default","site-content-layout":"","ast-site-content-layout":"","site-content-style":"default","site-sidebar-style":"default","ast-global-header-display":"","ast-banner-title-visibility":"","ast-main-header-display":"","ast-hfb-above-header-display":"","ast-hfb-below-header-display":"","ast-hfb-mobile-header-display":"","site-post-title":"","ast-breadcrumbs-content":"","ast-featured-img":"","footer-sml-layout":"","theme-transparent-header-meta":"","adv-header-id-meta":"","stick-header-meta":"","header-above-stick-meta":"","header-main-stick-meta":"","header-below-stick-meta":"","astra-migrate-meta-layouts":"default","ast-page-background-enabled":"default","ast-page-background-meta":{"desktop":{"background-color":"var(--ast-global-color-4)","background-image":"","background-repeat":"repeat","background-position":"center center","background-size":"auto","background-attachment":"scroll","background-type":"","background-media":"","overlay-type":"","overlay-color":"","overlay-opacity":"","overlay-gradient":""},"tablet":{"background-color":"","background-image":"","background-repeat":"repeat","background-position":"center center","background-size":"auto","background-attachment":"scroll","background-type":"","background-media":"","overlay-type":"","overlay-color":"","overlay-opacity":"","overlay-gradient":""},"mobile":{"background-color":"","background-image":"","background-repeat":"repeat","background-position":"center center","background-size":"auto","background-attachment":"scroll","background-type":"","background-media":"","overlay-type":"","overlay-color":"","overlay-opacity":"","overlay-gradient":""}},"ast-content-background-meta":{"desktop":{"background-color":"var(--ast-global-color-5)","background-image":"","background-repeat":"repeat","background-position":"center center","background-size":"auto","background-attachment":"scroll","background-type":"","background-media":"","overlay-type":"","overlay-color":"","overlay-opacity":"","overlay-gradient":""},"tablet":{"background-color":"var(--ast-global-color-5)","background-image":"","background-repeat":"repeat","background-position":"center center","background-size":"auto","background-attachment":"scroll","background-type":"","background-media":"","overlay-type":"","overlay-color":"","overlay-opacity":"","overlay-gradient":""},"mobile":{"background-color":"var(--ast-global-color-5)","background-image":"","background-repeat":"repeat","background-position":"center center","background-size":"auto","background-attachment":"scroll","background-type":"","background-media":"","overlay-type":"","overlay-color":"","overlay-opacity":"","overlay-gradient":""}},"footnotes":""},"categories":[165,29],"tags":[1122,1754],"class_list":["post-19142","post","type-post","status-publish","format-standard","has-post-thumbnail","hentry","category-formacio","category-portada","tag-eduacacio-secundaria","tag-practiques-pedagogiques-disruptives"],"post_mailing_queue_ids":[],"_links":{"self":[{"href":"https:\/\/serveiseducatius.xtec.cat\/badalona\/wp-json\/wp\/v2\/posts\/19142","targetHints":{"allow":["GET"]}}],"collection":[{"href":"https:\/\/serveiseducatius.xtec.cat\/badalona\/wp-json\/wp\/v2\/posts"}],"about":[{"href":"https:\/\/serveiseducatius.xtec.cat\/badalona\/wp-json\/wp\/v2\/types\/post"}],"author":[{"embeddable":true,"href":"https:\/\/serveiseducatius.xtec.cat\/badalona\/wp-json\/wp\/v2\/users\/1"}],"replies":[{"embeddable":true,"href":"https:\/\/serveiseducatius.xtec.cat\/badalona\/wp-json\/wp\/v2\/comments?post=19142"}],"version-history":[{"count":2,"href":"https:\/\/serveiseducatius.xtec.cat\/badalona\/wp-json\/wp\/v2\/posts\/19142\/revisions"}],"predecessor-version":[{"id":19170,"href":"https:\/\/serveiseducatius.xtec.cat\/badalona\/wp-json\/wp\/v2\/posts\/19142\/revisions\/19170"}],"wp:featuredmedia":[{"embeddable":true,"href":"https:\/\/serveiseducatius.xtec.cat\/badalona\/wp-json\/wp\/v2\/media\/19143"}],"wp:attachment":[{"href":"https:\/\/serveiseducatius.xtec.cat\/badalona\/wp-json\/wp\/v2\/media?parent=19142"}],"wp:term":[{"taxonomy":"category","embeddable":true,"href":"https:\/\/serveiseducatius.xtec.cat\/badalona\/wp-json\/wp\/v2\/categories?post=19142"},{"taxonomy":"post_tag","embeddable":true,"href":"https:\/\/serveiseducatius.xtec.cat\/badalona\/wp-json\/wp\/v2\/tags?post=19142"}],"curies":[{"name":"wp","href":"https:\/\/api.w.org\/{rel}","templated":true}]}}