{"id":18889,"date":"2022-10-28T10:30:26","date_gmt":"2022-10-28T08:30:26","guid":{"rendered":"https:\/\/serveiseducatius.xtec.cat\/badalona\/?p=18889"},"modified":"2022-11-01T13:44:58","modified_gmt":"2022-11-01T12:44:58","slug":"posat-la-gorra-guia-recursos-i-propostes-didactiques-per-a-docents-i-centres-educatius-que-tinguin-algun-alumne-amb-cancer","status":"publish","type":"post","link":"https:\/\/serveiseducatius.xtec.cat\/badalona\/portada\/posat-la-gorra-guia-recursos-i-propostes-didactiques-per-a-docents-i-centres-educatius-que-tinguin-algun-alumne-amb-cancer\/","title":{"rendered":"Posa&#8217;t la gorra: guia, recursos i propostes did\u00e0ctiques per a docents i centres educatius que tinguin algun alumne amb c\u00e0ncer"},"content":{"rendered":"<p><a href=\"https:\/\/drive.google.com\/file\/d\/15e8DXTbEcqv_pynxx3z_E57Yt6wxEtiY\/view?usp=sharing\" target=\"_blank\" rel=\"noopener\"><img loading=\"lazy\" decoding=\"async\" class=\" wp-image-18890 alignright\" src=\"https:\/\/serveiseducatius.xtec.cat\/badalona\/wp-content\/uploads\/usu1088\/2022\/10\/Portada_Web.jpg\" alt=\"\" width=\"228\" height=\"317\" srcset=\"https:\/\/serveiseducatius.xtec.cat\/badalona\/wp-content\/uploads\/usu1088\/2022\/10\/Portada_Web.jpg 400w, https:\/\/serveiseducatius.xtec.cat\/badalona\/wp-content\/uploads\/usu1088\/2022\/10\/Portada_Web-215x300.jpg 215w\" sizes=\"auto, (max-width: 228px) 100vw, 228px\" \/><\/a>L\u2019<a href=\"https:\/\/afanoc.org\/\" target=\"_blank\" rel=\"noopener\"><strong>Associaci\u00f3 de Familiars i Amics de Nens Oncol\u00f2gics de Catalunya<\/strong><\/a> (<a href=\"https:\/\/afanoc.org\/\" target=\"_blank\" rel=\"noopener\">AFANOC<\/a>), va n\u00e9ixer el 1987 a partir de l\u2019experi\u00e8ncia vital que van viure un grup de pares i mares amb la situaci\u00f3 de tenir un fill o filla ingressat a l\u2019hospital amb diagn\u00f2stic de c\u00e0ncer.<\/p>\n<p>Al web de l&#8217;associaci\u00f3 hi podeu trobar una guia per a docents i centres educatius que tinguin algun alumne amb c\u00e0ncer, recursos diversos com aplicacions educatives organitzades per etapes educatives (infantil, prim\u00e0ria i secund\u00e0ria). Tamb\u00e9 cont\u00e9 un recull de contes i pel\u00b7l\u00edcules que tracten tant la malaltia com el dol i la mort, tamb\u00e9 organitzat per etapes educatives i que poden ser \u00fatils a l\u2019hora de familiaritzar-vos amb la malaltia i l\u2019entorn hospitalari.<\/p>\n<p>La guia pret\u00e9n ser un suport pr\u00e0ctic per als equips docents que tenen un o una alumna amb c\u00e0ncer a l\u2019aula, per tal d\u2019afrontar amb tranquil\u00b7litat i realisme aquest nou repte, donant-hi una resposta tan adequada com sigui possible.<\/p>\n<ul>\n<li>Guia per a docents i centres educatius (<a href=\"https:\/\/drive.google.com\/file\/d\/15e8DXTbEcqv_pynxx3z_E57Yt6wxEtiY\/view?usp=sharing\" target=\"_blank\" rel=\"noopener\"><strong>enlla\u00e7 de desc\u00e0rrega<\/strong><\/a>)<\/li>\n<li>Aplicacions educatives, contes i pel\u00b7l\u00edcules (<strong><a href=\"https:\/\/afanoc.org\/informacio-families\/publicacions-i-recomanacions\/\" target=\"_blank\" rel=\"noopener\">enlla\u00e7 al web<\/a><\/strong>, <strong><a href=\"https:\/\/afanoc.org\/wp-content\/uploads\/2020\/08\/aplicacions_educatives.pdf\" target=\"_blank\" rel=\"noopener\">recull d&#8217;apps en pdf<\/a><\/strong>)<\/li>\n<\/ul>\n<p>Finalment, us fem arribar propostes did\u00e0ctiques per parlar amb el grup-classe sobre la realitat del c\u00e0ncer infantil:<\/p>\n<ul>\n<li>Educaci\u00f3 infantil i Educaci\u00f3 prim\u00e0ria: <strong><a href=\"https:\/\/drive.google.com\/file\/d\/15RA7ucrsa3na6Ez1WZIkugSkVcT1dOAR\/view\" target=\"_blank\" rel=\"noopener\">Per qu\u00e8, Charlie Brown, per qu\u00e8?<\/a><\/strong>, <strong><a href=\"https:\/\/afanocbotiga.org\/wp-content\/uploads\/2021\/03\/XuklisColorejar.pdf\" target=\"_blank\" rel=\"noopener\">Xuklis per acolorir<\/a><\/strong>, <strong><a href=\"https:\/\/www.caligramaeditorial.com\/libro\/Aquest-any-no-vindre-a-l%E2%80%99escola-Este-ano-no-vendre-a-la-escuela-This-year-I-will-not-come-to-school.htm\/\" target=\"_blank\" rel=\"noopener\">Aquest any no vindr\u00e9 a l&#8217;escola<\/a><\/strong><\/li>\n<li>Educaci\u00f3 secund\u00e0ria i educaci\u00f3 no obligat\u00f2ria: <a href=\"https:\/\/www.youtube.com\/watch?v=L1QJdXmDio8\" target=\"_blank\" rel=\"noopener\"><strong>C\u00e0ncer i fam\u00edlia<\/strong><\/a>, <a href=\"https:\/\/www.youtube.com\/watch?v=L1QJdXmDio8\" target=\"_blank\" rel=\"noopener\"><strong>C\u00e0ncer i amistat<\/strong><\/a>, <a href=\"https:\/\/www.youtube.com\/playlist?list=PLIoROqTf93YIw93LzqIPapMW0bzp6paUT\" target=\"_blank\" rel=\"noopener\"><strong>Aquests joves us canviaran la vida<\/strong><\/a>, <strong><a href=\"http:\/\/afanoc.org\/wp-content\/uploads\/2021\/07\/Queridos-Padres.pdf\" target=\"_blank\" rel=\"noopener\">Queridos padres<\/a><\/strong><\/li>\n<\/ul>\n<p>Si voleu m\u00e9s informaci\u00f3, con\u00e8ixer la <strong>Casa dels Xuklis<\/strong>, o col\u00b7laborar d&#8217;alguna manera amb l&#8217;AFANOC, seguiu <a href=\"https:\/\/afanoc.org\/\" target=\"_blank\" rel=\"noopener\"><strong>aquest enlla\u00e7<\/strong><\/a>.<\/p>\n","protected":false},"excerpt":{"rendered":"<p>L\u2019Associaci\u00f3 de Familiars i Amics de Nens Oncol\u00f2gics de Catalunya (AFANOC), va n\u00e9ixer el 1987 a partir de l\u2019experi\u00e8ncia vital [&hellip;]<\/p>\n","protected":false},"author":9,"featured_media":18890,"comment_status":"closed","ping_status":"closed","sticky":false,"template":"","format":"standard","meta":{"_bbp_topic_count":0,"_bbp_reply_count":0,"_bbp_total_topic_count":0,"_bbp_total_reply_count":0,"_bbp_voice_count":0,"_bbp_anonymous_reply_count":0,"_bbp_topic_count_hidden":0,"_bbp_reply_count_hidden":0,"_bbp_forum_subforum_count":0,"site-sidebar-layout":"default","site-content-layout":"","ast-site-content-layout":"","site-content-style":"default","site-sidebar-style":"default","ast-global-header-display":"","ast-banner-title-visibility":"","ast-main-header-display":"","ast-hfb-above-header-display":"","ast-hfb-below-header-display":"","ast-hfb-mobile-header-display":"","site-post-title":"","ast-breadcrumbs-content":"","ast-featured-img":"","footer-sml-layout":"","theme-transparent-header-meta":"","adv-header-id-meta":"","stick-header-meta":"","header-above-stick-meta":"","header-main-stick-meta":"","header-below-stick-meta":"","astra-migrate-meta-layouts":"default","ast-page-background-enabled":"default","ast-page-background-meta":{"desktop":{"background-color":"var(--ast-global-color-4)","background-image":"","background-repeat":"repeat","background-position":"center center","background-size":"auto","background-attachment":"scroll","background-type":"","background-media":"","overlay-type":"","overlay-color":"","overlay-opacity":"","overlay-gradient":""},"tablet":{"background-color":"","background-image":"","background-repeat":"repeat","background-position":"center center","background-size":"auto","background-attachment":"scroll","background-type":"","background-media":"","overlay-type":"","overlay-color":"","overlay-opacity":"","overlay-gradient":""},"mobile":{"background-color":"","background-image":"","background-repeat":"repeat","background-position":"center center","background-size":"auto","background-attachment":"scroll","background-type":"","background-media":"","overlay-type":"","overlay-color":"","overlay-opacity":"","overlay-gradient":""}},"ast-content-background-meta":{"desktop":{"background-color":"var(--ast-global-color-5)","background-image":"","background-repeat":"repeat","background-position":"center center","background-size":"auto","background-attachment":"scroll","background-type":"","background-media":"","overlay-type":"","overlay-color":"","overlay-opacity":"","overlay-gradient":""},"tablet":{"background-color":"var(--ast-global-color-5)","background-image":"","background-repeat":"repeat","background-position":"center center","background-size":"auto","background-attachment":"scroll","background-type":"","background-media":"","overlay-type":"","overlay-color":"","overlay-opacity":"","overlay-gradient":""},"mobile":{"background-color":"var(--ast-global-color-5)","background-image":"","background-repeat":"repeat","background-position":"center center","background-size":"auto","background-attachment":"scroll","background-type":"","background-media":"","overlay-type":"","overlay-color":"","overlay-opacity":"","overlay-gradient":""}},"footnotes":""},"categories":[64,29,76],"tags":[1736,1735],"class_list":["post-18889","post","type-post","status-publish","format-standard","has-post-thumbnail","hentry","category-comunitat","category-portada","category-recursos","tag-cancer","tag-cancer-infantil"],"post_mailing_queue_ids":[],"_links":{"self":[{"href":"https:\/\/serveiseducatius.xtec.cat\/badalona\/wp-json\/wp\/v2\/posts\/18889","targetHints":{"allow":["GET"]}}],"collection":[{"href":"https:\/\/serveiseducatius.xtec.cat\/badalona\/wp-json\/wp\/v2\/posts"}],"about":[{"href":"https:\/\/serveiseducatius.xtec.cat\/badalona\/wp-json\/wp\/v2\/types\/post"}],"author":[{"embeddable":true,"href":"https:\/\/serveiseducatius.xtec.cat\/badalona\/wp-json\/wp\/v2\/users\/9"}],"replies":[{"embeddable":true,"href":"https:\/\/serveiseducatius.xtec.cat\/badalona\/wp-json\/wp\/v2\/comments?post=18889"}],"version-history":[{"count":3,"href":"https:\/\/serveiseducatius.xtec.cat\/badalona\/wp-json\/wp\/v2\/posts\/18889\/revisions"}],"predecessor-version":[{"id":18924,"href":"https:\/\/serveiseducatius.xtec.cat\/badalona\/wp-json\/wp\/v2\/posts\/18889\/revisions\/18924"}],"wp:featuredmedia":[{"embeddable":true,"href":"https:\/\/serveiseducatius.xtec.cat\/badalona\/wp-json\/wp\/v2\/media\/18890"}],"wp:attachment":[{"href":"https:\/\/serveiseducatius.xtec.cat\/badalona\/wp-json\/wp\/v2\/media?parent=18889"}],"wp:term":[{"taxonomy":"category","embeddable":true,"href":"https:\/\/serveiseducatius.xtec.cat\/badalona\/wp-json\/wp\/v2\/categories?post=18889"},{"taxonomy":"post_tag","embeddable":true,"href":"https:\/\/serveiseducatius.xtec.cat\/badalona\/wp-json\/wp\/v2\/tags?post=18889"}],"curies":[{"name":"wp","href":"https:\/\/api.w.org\/{rel}","templated":true}]}}