{"id":18853,"date":"2022-10-19T10:53:10","date_gmt":"2022-10-19T08:53:10","guid":{"rendered":"https:\/\/serveiseducatius.xtec.cat\/badalona\/?p=18853"},"modified":"2022-10-19T14:39:08","modified_gmt":"2022-10-19T12:39:08","slug":"xii-concurs-escolar-comic-barcelona-cicle-mitja-i-cicle-superior-deducacio-primaria-i-eso","status":"publish","type":"post","link":"https:\/\/serveiseducatius.xtec.cat\/badalona\/portada\/xii-concurs-escolar-comic-barcelona-cicle-mitja-i-cicle-superior-deducacio-primaria-i-eso\/","title":{"rendered":"XII CONCURS ESCOLAR COMIC BARCELONA Cicle mitj\u00e0 i cicle superior d\u2019educaci\u00f3 prim\u00e0ria i ESO"},"content":{"rendered":"<p>&nbsp;<\/p>\n<p><img loading=\"lazy\" decoding=\"async\" class=\" wp-image-18854 alignleft\" src=\"https:\/\/serveiseducatius.xtec.cat\/badalona\/wp-content\/uploads\/usu1088\/2022\/10\/Captura-4.png\" alt=\"\" width=\"261\" height=\"262\" \/>En el marc de la <strong>41a edici\u00f3 de\u00a0C\u00f2mic\u00a0Barcelona<\/strong>, que tindr\u00e0 lloc del 31 de mar\u00e7 al 2 d&#8217;abril de 2023, FICOMIC, amb la col\u00b7laboraci\u00f3 del Departament d&#8217;Educaci\u00f3 de la Generalitat de Catalunya, convoca el\u00a0<b>XII<\/b><b>\u00a0Concurs Escolar Comic\u00a0Barcelona<\/b><\/p>\n<p>Podeu consultar a les\u00a0bases del concurs en aquest enlla\u00e7:<\/p>\n<p><a href=\"https:\/\/xtec.gencat.cat\/web\/.content\/centres\/alscentres\/premis\/concurs-escolar-salo-comic\/documents-concurs-escolar-salo-comic\/Bases-Concurs-2022_2023_acc.pdf\" target=\"_blank\" rel=\"noopener\" data-saferedirecturl=\"https:\/\/www.google.com\/url?q=https:\/\/xtec.gencat.cat\/web\/.content\/centres\/alscentres\/premis\/concurs-escolar-salo-comic\/documents-concurs-escolar-salo-comic\/Bases-Concurs-2022_2023_acc.pdf&amp;source=gmail&amp;ust=1666169953871000&amp;usg=AOvVaw3v9KuAsRrFJkTPIBB1Nx3y\">https:\/\/xtec.gencat.cat\/web\/.<wbr \/>content\/centres\/alscentres\/<wbr \/>premis\/concurs-escolar-salo-<wbr \/>comic\/documents-concurs-<wbr \/>escolar-salo-comic\/Bases-<wbr \/>Concurs-2022_2023_acc.pdf<\/a><\/p>\n<p>Per participar en el\u00a0concurs, els i les docents hauran de formalitzar la inscripci\u00f3 accedint al formulari en l\u00ednia (el trobareu a les bases). El per\u00edode previst d&#8217;inscripci\u00f3 \u00e9s<b>\u00a0<\/b>\u00a0del\u00a0<b>17 d\u2019octubre al 17 de novembre de 2022<\/b>\u00a0<b>\u00a0i s&#8217;haur\u00e0 de fer una inscripci\u00f3 per a cada grup classe<\/b>. El nombre d&#8217;alumnes que hi poseu \u00e9s orientatiu\u00a0(pot variar quan feu la tramesa).<\/p>\n<p><a href=\"https:\/\/xtec.gencat.cat\/ca\/centres\/premis-i-concursos\/concurs-escolar-comic-barcelona\/\" target=\"_blank\" rel=\"noopener\" data-saferedirecturl=\"https:\/\/www.google.com\/url?q=https:\/\/xtec.gencat.cat\/ca\/centres\/premis-i-concursos\/concurs-escolar-comic-barcelona\/&amp;source=gmail&amp;ust=1666169953871000&amp;usg=AOvVaw0xVGNjLvWvlvPCYXe_CuxP\">M\u00e9s informaci\u00f3\u00a0s<\/a>obre el\u00a0concurs\u00a0i\u00a0 les edicions anteriors.<\/p>\n<p>Us animem a participar-hi!<\/p>\n","protected":false},"excerpt":{"rendered":"<p>&nbsp; En el marc de la 41a edici\u00f3 de\u00a0C\u00f2mic\u00a0Barcelona, que tindr\u00e0 lloc del 31 de mar\u00e7 al 2 d&#8217;abril de [&hellip;]<\/p>\n","protected":false},"author":15,"featured_media":18854,"comment_status":"closed","ping_status":"closed","sticky":false,"template":"","format":"standard","meta":{"_bbp_topic_count":0,"_bbp_reply_count":0,"_bbp_total_topic_count":0,"_bbp_total_reply_count":0,"_bbp_voice_count":0,"_bbp_anonymous_reply_count":0,"_bbp_topic_count_hidden":0,"_bbp_reply_count_hidden":0,"_bbp_forum_subforum_count":0,"site-sidebar-layout":"default","site-content-layout":"","ast-site-content-layout":"","site-content-style":"default","site-sidebar-style":"default","ast-global-header-display":"","ast-banner-title-visibility":"","ast-main-header-display":"","ast-hfb-above-header-display":"","ast-hfb-below-header-display":"","ast-hfb-mobile-header-display":"","site-post-title":"","ast-breadcrumbs-content":"","ast-featured-img":"","footer-sml-layout":"","theme-transparent-header-meta":"","adv-header-id-meta":"","stick-header-meta":"","header-above-stick-meta":"","header-main-stick-meta":"","header-below-stick-meta":"","astra-migrate-meta-layouts":"default","ast-page-background-enabled":"default","ast-page-background-meta":{"desktop":{"background-color":"var(--ast-global-color-4)","background-image":"","background-repeat":"repeat","background-position":"center center","background-size":"auto","background-attachment":"scroll","background-type":"","background-media":"","overlay-type":"","overlay-color":"","overlay-opacity":"","overlay-gradient":""},"tablet":{"background-color":"","background-image":"","background-repeat":"repeat","background-position":"center center","background-size":"auto","background-attachment":"scroll","background-type":"","background-media":"","overlay-type":"","overlay-color":"","overlay-opacity":"","overlay-gradient":""},"mobile":{"background-color":"","background-image":"","background-repeat":"repeat","background-position":"center center","background-size":"auto","background-attachment":"scroll","background-type":"","background-media":"","overlay-type":"","overlay-color":"","overlay-opacity":"","overlay-gradient":""}},"ast-content-background-meta":{"desktop":{"background-color":"var(--ast-global-color-5)","background-image":"","background-repeat":"repeat","background-position":"center center","background-size":"auto","background-attachment":"scroll","background-type":"","background-media":"","overlay-type":"","overlay-color":"","overlay-opacity":"","overlay-gradient":""},"tablet":{"background-color":"var(--ast-global-color-5)","background-image":"","background-repeat":"repeat","background-position":"center center","background-size":"auto","background-attachment":"scroll","background-type":"","background-media":"","overlay-type":"","overlay-color":"","overlay-opacity":"","overlay-gradient":""},"mobile":{"background-color":"var(--ast-global-color-5)","background-image":"","background-repeat":"repeat","background-position":"center center","background-size":"auto","background-attachment":"scroll","background-type":"","background-media":"","overlay-type":"","overlay-color":"","overlay-opacity":"","overlay-gradient":""}},"footnotes":""},"categories":[29],"tags":[1267],"class_list":["post-18853","post","type-post","status-publish","format-standard","has-post-thumbnail","hentry","category-portada","tag-concurs-escolar-salo-del-comic"],"post_mailing_queue_ids":[],"_links":{"self":[{"href":"https:\/\/serveiseducatius.xtec.cat\/badalona\/wp-json\/wp\/v2\/posts\/18853","targetHints":{"allow":["GET"]}}],"collection":[{"href":"https:\/\/serveiseducatius.xtec.cat\/badalona\/wp-json\/wp\/v2\/posts"}],"about":[{"href":"https:\/\/serveiseducatius.xtec.cat\/badalona\/wp-json\/wp\/v2\/types\/post"}],"author":[{"embeddable":true,"href":"https:\/\/serveiseducatius.xtec.cat\/badalona\/wp-json\/wp\/v2\/users\/15"}],"replies":[{"embeddable":true,"href":"https:\/\/serveiseducatius.xtec.cat\/badalona\/wp-json\/wp\/v2\/comments?post=18853"}],"version-history":[{"count":2,"href":"https:\/\/serveiseducatius.xtec.cat\/badalona\/wp-json\/wp\/v2\/posts\/18853\/revisions"}],"predecessor-version":[{"id":18856,"href":"https:\/\/serveiseducatius.xtec.cat\/badalona\/wp-json\/wp\/v2\/posts\/18853\/revisions\/18856"}],"wp:featuredmedia":[{"embeddable":true,"href":"https:\/\/serveiseducatius.xtec.cat\/badalona\/wp-json\/wp\/v2\/media\/18854"}],"wp:attachment":[{"href":"https:\/\/serveiseducatius.xtec.cat\/badalona\/wp-json\/wp\/v2\/media?parent=18853"}],"wp:term":[{"taxonomy":"category","embeddable":true,"href":"https:\/\/serveiseducatius.xtec.cat\/badalona\/wp-json\/wp\/v2\/categories?post=18853"},{"taxonomy":"post_tag","embeddable":true,"href":"https:\/\/serveiseducatius.xtec.cat\/badalona\/wp-json\/wp\/v2\/tags?post=18853"}],"curies":[{"name":"wp","href":"https:\/\/api.w.org\/{rel}","templated":true}]}}