{"id":18809,"date":"2022-10-13T14:59:56","date_gmt":"2022-10-13T12:59:56","guid":{"rendered":"https:\/\/serveiseducatius.xtec.cat\/badalona\/?p=18809"},"modified":"2022-10-13T14:59:56","modified_gmt":"2022-10-13T12:59:56","slug":"participacio-en-la-code-week-2022-i-nous-grups-de-treball-de-pensament-computacional","status":"publish","type":"post","link":"https:\/\/serveiseducatius.xtec.cat\/badalona\/portada\/participacio-en-la-code-week-2022-i-nous-grups-de-treball-de-pensament-computacional\/","title":{"rendered":"Participaci\u00f3 en la Code Week 2022 i nous grups de treball de Pensament Computacional"},"content":{"rendered":"<div>\n<p><img loading=\"lazy\" decoding=\"async\" class=\" wp-image-18810 alignleft\" src=\"https:\/\/serveiseducatius.xtec.cat\/badalona\/wp-content\/uploads\/usu1088\/2022\/10\/CodeWeek_2022.png\" alt=\"\" width=\"584\" height=\"225\" srcset=\"https:\/\/serveiseducatius.xtec.cat\/badalona\/wp-content\/uploads\/usu1088\/2022\/10\/CodeWeek_2022.png 405w, https:\/\/serveiseducatius.xtec.cat\/badalona\/wp-content\/uploads\/usu1088\/2022\/10\/CodeWeek_2022-300x116.png 300w\" sizes=\"auto, (max-width: 584px) 100vw, 584px\" \/>Del<strong> 8 al 23 d\u2019octubre de 2022<\/strong>\u00a0se celebra la\u00a0setmana de la programaci\u00f3,\u00a0<a href=\"https:\/\/codeweek.eu\/?lang=ES\" target=\"_blank\" rel=\"noopener\">Codeweek<\/a>, iniciativa promocionada per la UE que t\u00e9 com a objectiu apropar la programaci\u00f3 i el pensament computacional a l\u2019alumnat.<\/p>\n<p>Enguany, des del Departament d\u2019Educaci\u00f3, s&#8217;ha organitzat dues Jornades L\u00fadiques de programaci\u00f3, obertes per a tot l\u2019alumnat dels centres educatius de Catalunya, on es plantejaran uns reptes de programaci\u00f3 que podran ser resolts amb Scratch Jr, Scratch o micro:bit. La inscripci\u00f3 est\u00e0 oberta fins el 14 d\u2019Octubre. En aquest <a href=\"https:\/\/projectes.xtec.cat\/pensament-computacional\/general\/codeweek2022\/\" target=\"_blank\" rel=\"noopener\" data-saferedirecturl=\"https:\/\/www.google.com\/url?q=https:\/\/projectes.xtec.cat\/pensament-computacional\/general\/codeweek2022\/&amp;source=gmail&amp;ust=1665744308902000&amp;usg=AOvVaw37PzZSa4dApriuT-DNWSd9\">enlla\u00e7\u00a0<\/a>trobareu tota la informaci\u00f3.<\/p>\n<p>D\u2019altra banda, s\u2019<strong>han impulsat nous\u00a0grups de treball\u00a0de Pensament Computacional<\/strong>, al voltant de <strong>App Inventor<\/strong>, <strong>micro:bit<\/strong>, <strong>Scratch<\/strong> i <strong>PC desendollat<\/strong>. Consulteu aquest\u00a0<a href=\"https:\/\/projectes.xtec.cat\/pensament-computacional\/general\/grup-de-treball-de-pensament-computacional\/\" target=\"_blank\" rel=\"noopener\" data-saferedirecturl=\"https:\/\/www.google.com\/url?q=https:\/\/projectes.xtec.cat\/pensament-computacional\/general\/grup-de-treball-de-pensament-computacional\/&amp;source=gmail&amp;ust=1665744308902000&amp;usg=AOvVaw1r8KMdUqzkYv-zfXCg_Bxv\">enlla\u00e7<\/a>\u00a0per a m\u00e9s informaci\u00f3.<\/p>\n<\/div>\n<div>\n<p>S&#8217;ha obert la possibilitat de participar en el Grup de Treball de Pensament Computacional, amb l\u2019objectiu de <strong>crear materials al voltant del pensament computacional<\/strong>. Aquest es dividir\u00e0 en tres Subgrups:<\/p>\n<ul>\n<li><strong style=\"font-family: inherit; font-size: 1em;\">App Inventor<\/strong><\/li>\n<li><strong>micro:bit<\/strong><\/li>\n<li><strong>Pensament computacional (scratch, PC desendollat i altres)<\/strong><\/li>\n<\/ul>\n<p><strong>Per participar<\/strong>\u00a0us heu d\u2019inscriure a l<a href=\"https:\/\/aplicacions.gestioeducativa.gencat.cat\/pls\/soloas\/pk_for_mod_ins.p_for_detall_activitat?p_codi=9001860529&amp;p_curs=2022-2023&amp;p_es_inscr=S\" target=\"_blank\" rel=\"noopener\">\u2019activitat del Pla de Formaci\u00f3<\/a> i omplir <a href=\"https:\/\/docs.google.com\/forms\/d\/e\/1FAIpQLSfkZ56jx7ug-YEn9cmlKIWLvxexJxWZW6KQ0cW_hv_ra5qJTQ\/viewform\" target=\"_blank\" rel=\"noopener\">el formulari per indicar el Subgrup de Treball<\/a> escollit.\u00a0<\/p>\n<\/div>\n","protected":false},"excerpt":{"rendered":"<p>Del 8 al 23 d\u2019octubre de 2022\u00a0se celebra la\u00a0setmana de la programaci\u00f3,\u00a0Codeweek, iniciativa promocionada per la UE que t\u00e9 com [&hellip;]<\/p>\n","protected":false},"author":1,"featured_media":18810,"comment_status":"closed","ping_status":"closed","sticky":false,"template":"","format":"standard","meta":{"_bbp_topic_count":0,"_bbp_reply_count":0,"_bbp_total_topic_count":0,"_bbp_total_reply_count":0,"_bbp_voice_count":0,"_bbp_anonymous_reply_count":0,"_bbp_topic_count_hidden":0,"_bbp_reply_count_hidden":0,"_bbp_forum_subforum_count":0,"site-sidebar-layout":"default","site-content-layout":"","ast-site-content-layout":"","site-content-style":"default","site-sidebar-style":"default","ast-global-header-display":"","ast-banner-title-visibility":"","ast-main-header-display":"","ast-hfb-above-header-display":"","ast-hfb-below-header-display":"","ast-hfb-mobile-header-display":"","site-post-title":"","ast-breadcrumbs-content":"","ast-featured-img":"","footer-sml-layout":"","theme-transparent-header-meta":"","adv-header-id-meta":"","stick-header-meta":"","header-above-stick-meta":"","header-main-stick-meta":"","header-below-stick-meta":"","astra-migrate-meta-layouts":"default","ast-page-background-enabled":"default","ast-page-background-meta":{"desktop":{"background-color":"var(--ast-global-color-4)","background-image":"","background-repeat":"repeat","background-position":"center center","background-size":"auto","background-attachment":"scroll","background-type":"","background-media":"","overlay-type":"","overlay-color":"","overlay-opacity":"","overlay-gradient":""},"tablet":{"background-color":"","background-image":"","background-repeat":"repeat","background-position":"center center","background-size":"auto","background-attachment":"scroll","background-type":"","background-media":"","overlay-type":"","overlay-color":"","overlay-opacity":"","overlay-gradient":""},"mobile":{"background-color":"","background-image":"","background-repeat":"repeat","background-position":"center center","background-size":"auto","background-attachment":"scroll","background-type":"","background-media":"","overlay-type":"","overlay-color":"","overlay-opacity":"","overlay-gradient":""}},"ast-content-background-meta":{"desktop":{"background-color":"var(--ast-global-color-5)","background-image":"","background-repeat":"repeat","background-position":"center center","background-size":"auto","background-attachment":"scroll","background-type":"","background-media":"","overlay-type":"","overlay-color":"","overlay-opacity":"","overlay-gradient":""},"tablet":{"background-color":"var(--ast-global-color-5)","background-image":"","background-repeat":"repeat","background-position":"center center","background-size":"auto","background-attachment":"scroll","background-type":"","background-media":"","overlay-type":"","overlay-color":"","overlay-opacity":"","overlay-gradient":""},"mobile":{"background-color":"var(--ast-global-color-5)","background-image":"","background-repeat":"repeat","background-position":"center center","background-size":"auto","background-attachment":"scroll","background-type":"","background-media":"","overlay-type":"","overlay-color":"","overlay-opacity":"","overlay-gradient":""}},"footnotes":""},"categories":[78,1422,29,406],"tags":[1193],"class_list":["post-18809","post","type-post","status-publish","format-standard","has-post-thumbnail","hentry","category-culturadigital","category-pensament-computacional","category-portada","category-robotica-educativa","tag-programacio-i-robotica-educatives"],"post_mailing_queue_ids":[],"_links":{"self":[{"href":"https:\/\/serveiseducatius.xtec.cat\/badalona\/wp-json\/wp\/v2\/posts\/18809","targetHints":{"allow":["GET"]}}],"collection":[{"href":"https:\/\/serveiseducatius.xtec.cat\/badalona\/wp-json\/wp\/v2\/posts"}],"about":[{"href":"https:\/\/serveiseducatius.xtec.cat\/badalona\/wp-json\/wp\/v2\/types\/post"}],"author":[{"embeddable":true,"href":"https:\/\/serveiseducatius.xtec.cat\/badalona\/wp-json\/wp\/v2\/users\/1"}],"replies":[{"embeddable":true,"href":"https:\/\/serveiseducatius.xtec.cat\/badalona\/wp-json\/wp\/v2\/comments?post=18809"}],"version-history":[{"count":1,"href":"https:\/\/serveiseducatius.xtec.cat\/badalona\/wp-json\/wp\/v2\/posts\/18809\/revisions"}],"predecessor-version":[{"id":18811,"href":"https:\/\/serveiseducatius.xtec.cat\/badalona\/wp-json\/wp\/v2\/posts\/18809\/revisions\/18811"}],"wp:featuredmedia":[{"embeddable":true,"href":"https:\/\/serveiseducatius.xtec.cat\/badalona\/wp-json\/wp\/v2\/media\/18810"}],"wp:attachment":[{"href":"https:\/\/serveiseducatius.xtec.cat\/badalona\/wp-json\/wp\/v2\/media?parent=18809"}],"wp:term":[{"taxonomy":"category","embeddable":true,"href":"https:\/\/serveiseducatius.xtec.cat\/badalona\/wp-json\/wp\/v2\/categories?post=18809"},{"taxonomy":"post_tag","embeddable":true,"href":"https:\/\/serveiseducatius.xtec.cat\/badalona\/wp-json\/wp\/v2\/tags?post=18809"}],"curies":[{"name":"wp","href":"https:\/\/api.w.org\/{rel}","templated":true}]}}