{"id":18775,"date":"2022-10-11T12:00:07","date_gmt":"2022-10-11T10:00:07","guid":{"rendered":"https:\/\/serveiseducatius.xtec.cat\/badalona\/?p=18775"},"modified":"2022-10-06T16:36:34","modified_gmt":"2022-10-06T14:36:34","slug":"activitats-escola-de-bambu-de-casa-asia-i-asian-film-festival-barcelona","status":"publish","type":"post","link":"https:\/\/serveiseducatius.xtec.cat\/badalona\/portada\/activitats-escola-de-bambu-de-casa-asia-i-asian-film-festival-barcelona\/","title":{"rendered":"Activitats Escola de Bamb\u00fa de Casa \u00c0sia i Asian Film Festival Barcelona"},"content":{"rendered":"<p><img loading=\"lazy\" decoding=\"async\" class=\"alignnone  wp-image-18777\" src=\"https:\/\/serveiseducatius.xtec.cat\/badalona\/wp-content\/uploads\/usu1088\/2022\/10\/casa_asia-3489299646-1024x538.png\" alt=\"\" width=\"244\" height=\"128\" \/><\/p>\n<p style=\"text-align: justify;\">L\u2019<a href=\"https:\/\/www.casaasia.cat\/proyectos\/escuela-de-bambu\/\">Escola de Bamb\u00fa<\/a>, el projecte d\u2019educaci\u00f3 intercultural i inclusiu de Casa \u00c0sia, va n\u00e9ixer en el curs 2003-2004 amb la voluntat d\u2019apropar el continent asi\u00e0tic i la regi\u00f3 del Pac\u00edfic a la poblaci\u00f3 escolar.<\/p>\n<p style=\"text-align: justify;\">Aquest curs estrenen cat\u00e0leg de les activitats d&#8217;educaci\u00f3 intercultural i inclusiva de Casa \u00c0sia on hi podreu trobar tota l&#8217;oferta de programes, tallers i activitats, des d&#8217;educaci\u00f3 maternal fins a formaci\u00f3 de persones adultes.\u00a0<\/p>\n<p style=\"text-align: center;\">M\u00e9s informaci\u00f3 i reserves:<\/p>\n<p style=\"text-align: center;\">Imma Llort, coordinadora de l\u2019Escola de Bamb\u00fa<br \/>\nillort@casaasia.es<br \/>\n666571836<\/p>\n<p style=\"text-align: justify;\">Per altra banda, us presentem la <strong>10 edici\u00f3 del Festival \u00c0sia a BCN de Casa \u00c0sia<\/strong> que inclou una selecci\u00f3 de pel\u00b7l\u00edcules, al preu de 2\u20ac per alumne, per als centres educatius de secund\u00e0ria. <a href=\"La%2010 edici\u00f3 del Festival \u00c0sia a BCN de Casa \u00c0sia inclou una selecci\u00f3 de pel\u00b7l\u00edcules, a l preu de 2\u20ac per alumne, per als centres educatius de secund\u00e0ria. Aqu\u00ed trobareu m\u00e9s informaci\u00f3. Us hi esperem! \">Aqu\u00ed<\/a> trobareu m\u00e9s informaci\u00f3. Us hi esperem!\u00a0<\/p>\n<p>&nbsp;<\/p>\n","protected":false},"excerpt":{"rendered":"<p>L\u2019Escola de Bamb\u00fa, el projecte d\u2019educaci\u00f3 intercultural i inclusiu de Casa \u00c0sia, va n\u00e9ixer en el curs 2003-2004 amb la [&hellip;]<\/p>\n","protected":false},"author":1,"featured_media":18777,"comment_status":"closed","ping_status":"closed","sticky":false,"template":"","format":"standard","meta":{"_bbp_topic_count":0,"_bbp_reply_count":0,"_bbp_total_topic_count":0,"_bbp_total_reply_count":0,"_bbp_voice_count":0,"_bbp_anonymous_reply_count":0,"_bbp_topic_count_hidden":0,"_bbp_reply_count_hidden":0,"_bbp_forum_subforum_count":0,"site-sidebar-layout":"default","site-content-layout":"","ast-site-content-layout":"","site-content-style":"default","site-sidebar-style":"default","ast-global-header-display":"","ast-banner-title-visibility":"","ast-main-header-display":"","ast-hfb-above-header-display":"","ast-hfb-below-header-display":"","ast-hfb-mobile-header-display":"","site-post-title":"","ast-breadcrumbs-content":"","ast-featured-img":"","footer-sml-layout":"","theme-transparent-header-meta":"","adv-header-id-meta":"","stick-header-meta":"","header-above-stick-meta":"","header-main-stick-meta":"","header-below-stick-meta":"","astra-migrate-meta-layouts":"default","ast-page-background-enabled":"default","ast-page-background-meta":{"desktop":{"background-color":"var(--ast-global-color-4)","background-image":"","background-repeat":"repeat","background-position":"center center","background-size":"auto","background-attachment":"scroll","background-type":"","background-media":"","overlay-type":"","overlay-color":"","overlay-opacity":"","overlay-gradient":""},"tablet":{"background-color":"","background-image":"","background-repeat":"repeat","background-position":"center center","background-size":"auto","background-attachment":"scroll","background-type":"","background-media":"","overlay-type":"","overlay-color":"","overlay-opacity":"","overlay-gradient":""},"mobile":{"background-color":"","background-image":"","background-repeat":"repeat","background-position":"center center","background-size":"auto","background-attachment":"scroll","background-type":"","background-media":"","overlay-type":"","overlay-color":"","overlay-opacity":"","overlay-gradient":""}},"ast-content-background-meta":{"desktop":{"background-color":"var(--ast-global-color-5)","background-image":"","background-repeat":"repeat","background-position":"center center","background-size":"auto","background-attachment":"scroll","background-type":"","background-media":"","overlay-type":"","overlay-color":"","overlay-opacity":"","overlay-gradient":""},"tablet":{"background-color":"var(--ast-global-color-5)","background-image":"","background-repeat":"repeat","background-position":"center center","background-size":"auto","background-attachment":"scroll","background-type":"","background-media":"","overlay-type":"","overlay-color":"","overlay-opacity":"","overlay-gradient":""},"mobile":{"background-color":"var(--ast-global-color-5)","background-image":"","background-repeat":"repeat","background-position":"center center","background-size":"auto","background-attachment":"scroll","background-type":"","background-media":"","overlay-type":"","overlay-color":"","overlay-opacity":"","overlay-gradient":""}},"footnotes":""},"categories":[68,1420,29,76],"tags":[1726,1728,1727,652],"class_list":["post-18775","post","type-post","status-publish","format-standard","has-post-thumbnail","hentry","category-elic","category-interculturalitat","category-portada","category-recursos","tag-casa-asia","tag-escola-de-bambu","tag-festival-asia-a-bcn","tag-interculturalitat"],"post_mailing_queue_ids":[],"_links":{"self":[{"href":"https:\/\/serveiseducatius.xtec.cat\/badalona\/wp-json\/wp\/v2\/posts\/18775","targetHints":{"allow":["GET"]}}],"collection":[{"href":"https:\/\/serveiseducatius.xtec.cat\/badalona\/wp-json\/wp\/v2\/posts"}],"about":[{"href":"https:\/\/serveiseducatius.xtec.cat\/badalona\/wp-json\/wp\/v2\/types\/post"}],"author":[{"embeddable":true,"href":"https:\/\/serveiseducatius.xtec.cat\/badalona\/wp-json\/wp\/v2\/users\/1"}],"replies":[{"embeddable":true,"href":"https:\/\/serveiseducatius.xtec.cat\/badalona\/wp-json\/wp\/v2\/comments?post=18775"}],"version-history":[{"count":1,"href":"https:\/\/serveiseducatius.xtec.cat\/badalona\/wp-json\/wp\/v2\/posts\/18775\/revisions"}],"predecessor-version":[{"id":18778,"href":"https:\/\/serveiseducatius.xtec.cat\/badalona\/wp-json\/wp\/v2\/posts\/18775\/revisions\/18778"}],"wp:featuredmedia":[{"embeddable":true,"href":"https:\/\/serveiseducatius.xtec.cat\/badalona\/wp-json\/wp\/v2\/media\/18777"}],"wp:attachment":[{"href":"https:\/\/serveiseducatius.xtec.cat\/badalona\/wp-json\/wp\/v2\/media?parent=18775"}],"wp:term":[{"taxonomy":"category","embeddable":true,"href":"https:\/\/serveiseducatius.xtec.cat\/badalona\/wp-json\/wp\/v2\/categories?post=18775"},{"taxonomy":"post_tag","embeddable":true,"href":"https:\/\/serveiseducatius.xtec.cat\/badalona\/wp-json\/wp\/v2\/tags?post=18775"}],"curies":[{"name":"wp","href":"https:\/\/api.w.org\/{rel}","templated":true}]}}