{"id":18662,"date":"2022-09-27T10:16:35","date_gmt":"2022-09-27T08:16:35","guid":{"rendered":"https:\/\/serveiseducatius.xtec.cat\/badalona\/?p=18662"},"modified":"2022-09-22T10:22:58","modified_gmt":"2022-09-22T08:22:58","slug":"recursos-xarxa-escoles-de-badalona-per-a-la-sostenibilitat","status":"publish","type":"post","link":"https:\/\/serveiseducatius.xtec.cat\/badalona\/portada\/recursos-xarxa-escoles-de-badalona-per-a-la-sostenibilitat\/","title":{"rendered":"Recursos Xarxa Escoles de Badalona per a la Sostenibilitat"},"content":{"rendered":"<p>&nbsp;<\/p>\n<p><img loading=\"lazy\" decoding=\"async\" class=\"wp-image-18664 alignleft\" src=\"https:\/\/serveiseducatius.xtec.cat\/badalona\/wp-content\/uploads\/usu1088\/2022\/09\/Captura1-1.png\" alt=\"\" width=\"195\" height=\"389\" srcset=\"https:\/\/serveiseducatius.xtec.cat\/badalona\/wp-content\/uploads\/usu1088\/2022\/09\/Captura1-1.png 340w, https:\/\/serveiseducatius.xtec.cat\/badalona\/wp-content\/uploads\/usu1088\/2022\/09\/Captura1-1-150x300.png 150w\" sizes=\"auto, (max-width: 195px) 100vw, 195px\" \/><\/p>\n<p>Durant el curs escolar 2021\/22, el seminari de formaci\u00f3 de les Escoles Verdes de Badalona es va centrar en com treballar el tema de la\u00a0<b>contaminaci\u00f3 marina per pl\u00e0stics<\/b>. Fruit d\u2019aquesta feina, vam con\u00e8ixer un munt de recursos pedag\u00f2gics aportats pels formadors i tamb\u00e9 pels propis centres de la xarxa. Tots aquests recursos han estat recollits en una complerta guia interactiva elaborada des de l\u2019Ajuntament de Badalona.\u00a0<\/p>\n<p>Consulteu el\u00a0<a href=\"https:\/\/drive.google.com\/file\/d\/1zP5OEat1JQuOY4-FZFXmFkrCI-qO6PmA\/view?usp=sharing\" target=\"_blank\" rel=\"noopener\">Recull de Recursos Educatius sobre Contaminaci\u00f3 Marina per Pl\u00e0stics<\/a>.<\/p>\n<p>Consulteu el\u00a0 <a title=\"http:\/\/xarxaescolesbdnsostenibilitat.blogspot.com\/\" href=\"http:\/\/xarxaescolesbdnsostenibilitat.blogspot.com\/\" target=\"_blank\" rel=\"noopener\" data-saferedirecturl=\"https:\/\/www.google.com\/url?q=http:\/\/xarxaescolesbdnsostenibilitat.blogspot.com\/&amp;source=gmail&amp;ust=1663844208325000&amp;usg=AOvVaw2SSz5c9ns0d7WRkSE0FWsm\">blog<\/a><\/p>\n","protected":false},"excerpt":{"rendered":"<p>&nbsp; Durant el curs escolar 2021\/22, el seminari de formaci\u00f3 de les Escoles Verdes de Badalona es va centrar en [&hellip;]<\/p>\n","protected":false},"author":15,"featured_media":18663,"comment_status":"closed","ping_status":"closed","sticky":false,"template":"","format":"standard","meta":{"_bbp_topic_count":0,"_bbp_reply_count":0,"_bbp_total_topic_count":0,"_bbp_total_reply_count":0,"_bbp_voice_count":0,"_bbp_anonymous_reply_count":0,"_bbp_topic_count_hidden":0,"_bbp_reply_count_hidden":0,"_bbp_forum_subforum_count":0,"site-sidebar-layout":"default","site-content-layout":"","ast-site-content-layout":"","site-content-style":"default","site-sidebar-style":"default","ast-global-header-display":"","ast-banner-title-visibility":"","ast-main-header-display":"","ast-hfb-above-header-display":"","ast-hfb-below-header-display":"","ast-hfb-mobile-header-display":"","site-post-title":"","ast-breadcrumbs-content":"","ast-featured-img":"","footer-sml-layout":"","theme-transparent-header-meta":"","adv-header-id-meta":"","stick-header-meta":"","header-above-stick-meta":"","header-main-stick-meta":"","header-below-stick-meta":"","astra-migrate-meta-layouts":"default","ast-page-background-enabled":"default","ast-page-background-meta":{"desktop":{"background-color":"var(--ast-global-color-4)","background-image":"","background-repeat":"repeat","background-position":"center center","background-size":"auto","background-attachment":"scroll","background-type":"","background-media":"","overlay-type":"","overlay-color":"","overlay-opacity":"","overlay-gradient":""},"tablet":{"background-color":"","background-image":"","background-repeat":"repeat","background-position":"center center","background-size":"auto","background-attachment":"scroll","background-type":"","background-media":"","overlay-type":"","overlay-color":"","overlay-opacity":"","overlay-gradient":""},"mobile":{"background-color":"","background-image":"","background-repeat":"repeat","background-position":"center center","background-size":"auto","background-attachment":"scroll","background-type":"","background-media":"","overlay-type":"","overlay-color":"","overlay-opacity":"","overlay-gradient":""}},"ast-content-background-meta":{"desktop":{"background-color":"var(--ast-global-color-5)","background-image":"","background-repeat":"repeat","background-position":"center center","background-size":"auto","background-attachment":"scroll","background-type":"","background-media":"","overlay-type":"","overlay-color":"","overlay-opacity":"","overlay-gradient":""},"tablet":{"background-color":"var(--ast-global-color-5)","background-image":"","background-repeat":"repeat","background-position":"center center","background-size":"auto","background-attachment":"scroll","background-type":"","background-media":"","overlay-type":"","overlay-color":"","overlay-opacity":"","overlay-gradient":""},"mobile":{"background-color":"var(--ast-global-color-5)","background-image":"","background-repeat":"repeat","background-position":"center center","background-size":"auto","background-attachment":"scroll","background-type":"","background-media":"","overlay-type":"","overlay-color":"","overlay-opacity":"","overlay-gradient":""}},"footnotes":""},"categories":[153,29,76],"tags":[303],"class_list":["post-18662","post","type-post","status-publish","format-standard","has-post-thumbnail","hentry","category-escoles-verdes","category-portada","category-recursos","tag-escoles-verdes"],"post_mailing_queue_ids":[],"_links":{"self":[{"href":"https:\/\/serveiseducatius.xtec.cat\/badalona\/wp-json\/wp\/v2\/posts\/18662","targetHints":{"allow":["GET"]}}],"collection":[{"href":"https:\/\/serveiseducatius.xtec.cat\/badalona\/wp-json\/wp\/v2\/posts"}],"about":[{"href":"https:\/\/serveiseducatius.xtec.cat\/badalona\/wp-json\/wp\/v2\/types\/post"}],"author":[{"embeddable":true,"href":"https:\/\/serveiseducatius.xtec.cat\/badalona\/wp-json\/wp\/v2\/users\/15"}],"replies":[{"embeddable":true,"href":"https:\/\/serveiseducatius.xtec.cat\/badalona\/wp-json\/wp\/v2\/comments?post=18662"}],"version-history":[{"count":1,"href":"https:\/\/serveiseducatius.xtec.cat\/badalona\/wp-json\/wp\/v2\/posts\/18662\/revisions"}],"predecessor-version":[{"id":18665,"href":"https:\/\/serveiseducatius.xtec.cat\/badalona\/wp-json\/wp\/v2\/posts\/18662\/revisions\/18665"}],"wp:featuredmedia":[{"embeddable":true,"href":"https:\/\/serveiseducatius.xtec.cat\/badalona\/wp-json\/wp\/v2\/media\/18663"}],"wp:attachment":[{"href":"https:\/\/serveiseducatius.xtec.cat\/badalona\/wp-json\/wp\/v2\/media?parent=18662"}],"wp:term":[{"taxonomy":"category","embeddable":true,"href":"https:\/\/serveiseducatius.xtec.cat\/badalona\/wp-json\/wp\/v2\/categories?post=18662"},{"taxonomy":"post_tag","embeddable":true,"href":"https:\/\/serveiseducatius.xtec.cat\/badalona\/wp-json\/wp\/v2\/tags?post=18662"}],"curies":[{"name":"wp","href":"https:\/\/api.w.org\/{rel}","templated":true}]}}