{"id":18523,"date":"2022-09-06T09:02:01","date_gmt":"2022-09-06T07:02:01","guid":{"rendered":"https:\/\/serveiseducatius.xtec.cat\/badalona\/?p=18523"},"modified":"2022-12-05T09:07:31","modified_gmt":"2022-12-05T08:07:31","slug":"conferencia-dinici-de-curs-marina-subirats-i-sira-ruiz-amb-lhora-violeta-de-les-idees-clau-a-les-practiques-transformadores-en-coeducacio","status":"publish","type":"post","link":"https:\/\/serveiseducatius.xtec.cat\/badalona\/missatgeria\/conferencia-dinici-de-curs-marina-subirats-i-sira-ruiz-amb-lhora-violeta-de-les-idees-clau-a-les-practiques-transformadores-en-coeducacio\/","title":{"rendered":"Confer\u00e8ncia d&#8217;inici de curs: Marina Subirats i Sira Ruiz amb &#8220;L&#8217;hora violeta: de les idees clau a les pr\u00e0ctiques transformadores en coeducaci\u00f3&#8221;"},"content":{"rendered":"<p><a href=\"https:\/\/drive.google.com\/file\/d\/1SRm0nlhc1zdBu5HrTyokxPgchl69GlJR\/view?usp=sharing\" target=\"_blank\" rel=\"noopener\"><img loading=\"lazy\" decoding=\"async\" class=\" wp-image-18446 alignleft\" src=\"https:\/\/serveiseducatius.xtec.cat\/badalona\/wp-content\/uploads\/usu1088\/2022\/06\/Tornem-hi-comencem-curs-22-23.jpg\" alt=\"\" width=\"230\" height=\"347\" \/><\/a><\/p>\n<p><span style=\"font-size: 18pt;\"><a href=\"https:\/\/aplicacions.gestioeducativa.gencat.cat\/pls\/soloas\/pk_for_mod_ins.p_for_detall_activitat?p_header=Llista%20d%27activitats%5Epk_for_mod_ins.p_for_cons_activitats?p_crp=204%26p_any=2021-2022%26p_totes=s%26p_inici=141%26p_excloure_crp_rec=F&amp;p_codi=2043001204&amp;p_curs=2022-2023&amp;p_excloure_crp_rec=F\" target=\"_blank\" rel=\"noopener\"><strong>Inscripci\u00f3<\/strong><\/a><\/span><\/p>\n<p>El <strong>15 de setembre, de 16 a 18:30 h<\/strong>, a l\u2019Institut Eugeni d\u2019Ors, es far\u00e0 l\u2019<a href=\"https:\/\/drive.google.com\/file\/d\/1SRm0nlhc1zdBu5HrTyokxPgchl69GlJR\/view?usp=sharing\" target=\"_blank\" rel=\"noopener\">acte d\u2019inauguraci\u00f3 del curs 22\/23<\/a>, adre\u00e7at al professorat i equips directius de centres de tots els nivells educatius, entitats, t\u00e8cnics de l\u2019\u00e0mbit de l\u2019educaci\u00f3 i fam\u00edlies. L\u2019acte, comptar\u00e0 amb una fira de serveis i projectes educatius, amb la presentaci\u00f3 del Pla de Formaci\u00f3 de Zona i de la Guia d\u2019Activitats Educatives 22-23; i amb el di\u00e0leg \u201c<strong>L&#8217;hora violeta: de les idees clau a les pr\u00e0ctiques transformadores en coeducaci\u00f3<\/strong>\u201d, a c\u00e0rrec de Sira Ruiz, mestra i formadora en coeducaci\u00f3 i de Marina Subirats, soci\u00f2loga.<\/p>\n<p>Aquest acte est\u00e0 organitzat conjuntament pel Servei Educatiu de Badalona del Departament d&#8217;Educaci\u00f3 de la Generalitat de Catalunya i pel Servei d&#8217;Educaci\u00f3 de l&#8217;Ajuntament de Badalona.<\/p>\n<p>&nbsp;<\/p>\n","protected":false},"excerpt":{"rendered":"<p>Inscripci\u00f3 El 15 de setembre, de 16 a 18:30 h, a l\u2019Institut Eugeni d\u2019Ors, es far\u00e0 l\u2019acte d\u2019inauguraci\u00f3 del curs [&hellip;]<\/p>\n","protected":false},"author":9,"featured_media":18446,"comment_status":"closed","ping_status":"closed","sticky":false,"template":"","format":"standard","meta":{"_bbp_topic_count":0,"_bbp_reply_count":0,"_bbp_total_topic_count":0,"_bbp_total_reply_count":0,"_bbp_voice_count":0,"_bbp_anonymous_reply_count":0,"_bbp_topic_count_hidden":0,"_bbp_reply_count_hidden":0,"_bbp_forum_subforum_count":0,"site-sidebar-layout":"default","site-content-layout":"","ast-site-content-layout":"","site-content-style":"default","site-sidebar-style":"default","ast-global-header-display":"","ast-banner-title-visibility":"","ast-main-header-display":"","ast-hfb-above-header-display":"","ast-hfb-below-header-display":"","ast-hfb-mobile-header-display":"","site-post-title":"","ast-breadcrumbs-content":"","ast-featured-img":"","footer-sml-layout":"","theme-transparent-header-meta":"","adv-header-id-meta":"","stick-header-meta":"","header-above-stick-meta":"","header-main-stick-meta":"","header-below-stick-meta":"","astra-migrate-meta-layouts":"default","ast-page-background-enabled":"default","ast-page-background-meta":{"desktop":{"background-color":"var(--ast-global-color-4)","background-image":"","background-repeat":"repeat","background-position":"center center","background-size":"auto","background-attachment":"scroll","background-type":"","background-media":"","overlay-type":"","overlay-color":"","overlay-opacity":"","overlay-gradient":""},"tablet":{"background-color":"","background-image":"","background-repeat":"repeat","background-position":"center center","background-size":"auto","background-attachment":"scroll","background-type":"","background-media":"","overlay-type":"","overlay-color":"","overlay-opacity":"","overlay-gradient":""},"mobile":{"background-color":"","background-image":"","background-repeat":"repeat","background-position":"center center","background-size":"auto","background-attachment":"scroll","background-type":"","background-media":"","overlay-type":"","overlay-color":"","overlay-opacity":"","overlay-gradient":""}},"ast-content-background-meta":{"desktop":{"background-color":"var(--ast-global-color-5)","background-image":"","background-repeat":"repeat","background-position":"center center","background-size":"auto","background-attachment":"scroll","background-type":"","background-media":"","overlay-type":"","overlay-color":"","overlay-opacity":"","overlay-gradient":""},"tablet":{"background-color":"var(--ast-global-color-5)","background-image":"","background-repeat":"repeat","background-position":"center center","background-size":"auto","background-attachment":"scroll","background-type":"","background-media":"","overlay-type":"","overlay-color":"","overlay-opacity":"","overlay-gradient":""},"mobile":{"background-color":"var(--ast-global-color-5)","background-image":"","background-repeat":"repeat","background-position":"center center","background-size":"auto","background-attachment":"scroll","background-type":"","background-media":"","overlay-type":"","overlay-color":"","overlay-opacity":"","overlay-gradient":""}},"footnotes":""},"categories":[872],"tags":[],"class_list":["post-18523","post","type-post","status-publish","format-standard","has-post-thumbnail","hentry","category-missatgeria"],"post_mailing_queue_ids":[],"_links":{"self":[{"href":"https:\/\/serveiseducatius.xtec.cat\/badalona\/wp-json\/wp\/v2\/posts\/18523","targetHints":{"allow":["GET"]}}],"collection":[{"href":"https:\/\/serveiseducatius.xtec.cat\/badalona\/wp-json\/wp\/v2\/posts"}],"about":[{"href":"https:\/\/serveiseducatius.xtec.cat\/badalona\/wp-json\/wp\/v2\/types\/post"}],"author":[{"embeddable":true,"href":"https:\/\/serveiseducatius.xtec.cat\/badalona\/wp-json\/wp\/v2\/users\/9"}],"replies":[{"embeddable":true,"href":"https:\/\/serveiseducatius.xtec.cat\/badalona\/wp-json\/wp\/v2\/comments?post=18523"}],"version-history":[{"count":1,"href":"https:\/\/serveiseducatius.xtec.cat\/badalona\/wp-json\/wp\/v2\/posts\/18523\/revisions"}],"predecessor-version":[{"id":18524,"href":"https:\/\/serveiseducatius.xtec.cat\/badalona\/wp-json\/wp\/v2\/posts\/18523\/revisions\/18524"}],"wp:featuredmedia":[{"embeddable":true,"href":"https:\/\/serveiseducatius.xtec.cat\/badalona\/wp-json\/wp\/v2\/media\/18446"}],"wp:attachment":[{"href":"https:\/\/serveiseducatius.xtec.cat\/badalona\/wp-json\/wp\/v2\/media?parent=18523"}],"wp:term":[{"taxonomy":"category","embeddable":true,"href":"https:\/\/serveiseducatius.xtec.cat\/badalona\/wp-json\/wp\/v2\/categories?post=18523"},{"taxonomy":"post_tag","embeddable":true,"href":"https:\/\/serveiseducatius.xtec.cat\/badalona\/wp-json\/wp\/v2\/tags?post=18523"}],"curies":[{"name":"wp","href":"https:\/\/api.w.org\/{rel}","templated":true}]}}