{"id":18484,"date":"2022-07-15T09:53:29","date_gmt":"2022-07-15T07:53:29","guid":{"rendered":"https:\/\/serveiseducatius.xtec.cat\/badalona\/?p=18484"},"modified":"2022-07-15T09:54:53","modified_gmt":"2022-07-15T07:54:53","slug":"full-monografic-maletes-pedagogiques-22-23-disponibles-al-crp-de-badalona","status":"publish","type":"post","link":"https:\/\/serveiseducatius.xtec.cat\/badalona\/portada\/full-monografic-maletes-pedagogiques-22-23-disponibles-al-crp-de-badalona\/","title":{"rendered":"Full Monogr\u00e0fic Maletes Pedag\u00f2giques 22-23 disponibles al CRP de Badalona"},"content":{"rendered":"<p><img loading=\"lazy\" decoding=\"async\" class=\"wp-image-18485 alignleft\" src=\"https:\/\/serveiseducatius.xtec.cat\/badalona\/wp-content\/uploads\/usu1088\/2022\/07\/Captura.png\" alt=\"\" width=\"365\" height=\"454\" srcset=\"https:\/\/serveiseducatius.xtec.cat\/badalona\/wp-content\/uploads\/usu1088\/2022\/07\/Captura.png 559w, https:\/\/serveiseducatius.xtec.cat\/badalona\/wp-content\/uploads\/usu1088\/2022\/07\/Captura-241x300.png 241w\" sizes=\"auto, (max-width: 365px) 100vw, 365px\" \/><\/p>\n<p><span style=\"font-size: 12pt; font-family: helvetica, arial, sans-serif;\">Deixem a la vostra disposici\u00f3 el<a href=\"https:\/\/drive.google.com\/file\/d\/1Din4Yhjq71LQ4pmXMC3ZkUt7mFwtdWMh\/view?usp=sharing\" target=\"_blank\" rel=\"noopener\">\u00a0<strong>Full monogr\u00e0fic de maletes pedag\u00f2giques.<\/strong><\/a><\/span><\/p>\n<p><span style=\"font-size: 12px;\"><span style=\"font-family: verdana,geneva,sans-serif;\"><span style=\"font-family: helvetica, arial, sans-serif; font-size: 12pt;\">El document cont\u00e9 totes les maletes pedag\u00f2giques disponibles pel curs 22-23 al<a href=\"https:\/\/serveiseducatius.xtec.cat\/badalona\/\" target=\"_blank\" rel=\"noopener\">\u00a0<\/a><\/span><\/span><\/span><a href=\"https:\/\/serveiseducatius.xtec.cat\/badalona\/\" target=\"_blank\" rel=\"noopener\">CR<span style=\"font-family: helvetica, arial, sans-serif; font-size: 12pt;\">P\u00a0<\/span><\/a><\/p>\n<p>Per fer la prereserva de maletes caldr\u00e0 omplir un formulari (formulari obert del 2 al 9 de setembre).\u00a0<\/p>\n<p>A partir del tancament del formulari, si es volen fer reserves, sempre que hi hagi maletes disponibles, podeu trucar al 93 460 22 26 o enviar correu electr\u00f2nic a crp-badalona@xtec.cat.<\/p>\n","protected":false},"excerpt":{"rendered":"<p>Deixem a la vostra disposici\u00f3 el\u00a0Full monogr\u00e0fic de maletes pedag\u00f2giques. El document cont\u00e9 totes les maletes pedag\u00f2giques disponibles pel curs [&hellip;]<\/p>\n","protected":false},"author":15,"featured_media":18485,"comment_status":"closed","ping_status":"closed","sticky":false,"template":"","format":"standard","meta":{"_bbp_topic_count":0,"_bbp_reply_count":0,"_bbp_total_topic_count":0,"_bbp_total_reply_count":0,"_bbp_voice_count":0,"_bbp_anonymous_reply_count":0,"_bbp_topic_count_hidden":0,"_bbp_reply_count_hidden":0,"_bbp_forum_subforum_count":0,"site-sidebar-layout":"default","site-content-layout":"","ast-site-content-layout":"","site-content-style":"default","site-sidebar-style":"default","ast-global-header-display":"","ast-banner-title-visibility":"","ast-main-header-display":"","ast-hfb-above-header-display":"","ast-hfb-below-header-display":"","ast-hfb-mobile-header-display":"","site-post-title":"","ast-breadcrumbs-content":"","ast-featured-img":"","footer-sml-layout":"","theme-transparent-header-meta":"","adv-header-id-meta":"","stick-header-meta":"","header-above-stick-meta":"","header-main-stick-meta":"","header-below-stick-meta":"","astra-migrate-meta-layouts":"default","ast-page-background-enabled":"default","ast-page-background-meta":{"desktop":{"background-color":"var(--ast-global-color-4)","background-image":"","background-repeat":"repeat","background-position":"center center","background-size":"auto","background-attachment":"scroll","background-type":"","background-media":"","overlay-type":"","overlay-color":"","overlay-opacity":"","overlay-gradient":""},"tablet":{"background-color":"","background-image":"","background-repeat":"repeat","background-position":"center center","background-size":"auto","background-attachment":"scroll","background-type":"","background-media":"","overlay-type":"","overlay-color":"","overlay-opacity":"","overlay-gradient":""},"mobile":{"background-color":"","background-image":"","background-repeat":"repeat","background-position":"center center","background-size":"auto","background-attachment":"scroll","background-type":"","background-media":"","overlay-type":"","overlay-color":"","overlay-opacity":"","overlay-gradient":""}},"ast-content-background-meta":{"desktop":{"background-color":"var(--ast-global-color-5)","background-image":"","background-repeat":"repeat","background-position":"center center","background-size":"auto","background-attachment":"scroll","background-type":"","background-media":"","overlay-type":"","overlay-color":"","overlay-opacity":"","overlay-gradient":""},"tablet":{"background-color":"var(--ast-global-color-5)","background-image":"","background-repeat":"repeat","background-position":"center center","background-size":"auto","background-attachment":"scroll","background-type":"","background-media":"","overlay-type":"","overlay-color":"","overlay-opacity":"","overlay-gradient":""},"mobile":{"background-color":"var(--ast-global-color-5)","background-image":"","background-repeat":"repeat","background-position":"center center","background-size":"auto","background-attachment":"scroll","background-type":"","background-media":"","overlay-type":"","overlay-color":"","overlay-opacity":"","overlay-gradient":""}},"footnotes":""},"categories":[63,254,29,76],"tags":[858],"class_list":["post-18484","post","type-post","status-publish","format-standard","has-post-thumbnail","hentry","category-catalegs-tematics","category-full-informatiu","category-portada","category-recursos","tag-full-informatiu"],"post_mailing_queue_ids":[],"_links":{"self":[{"href":"https:\/\/serveiseducatius.xtec.cat\/badalona\/wp-json\/wp\/v2\/posts\/18484","targetHints":{"allow":["GET"]}}],"collection":[{"href":"https:\/\/serveiseducatius.xtec.cat\/badalona\/wp-json\/wp\/v2\/posts"}],"about":[{"href":"https:\/\/serveiseducatius.xtec.cat\/badalona\/wp-json\/wp\/v2\/types\/post"}],"author":[{"embeddable":true,"href":"https:\/\/serveiseducatius.xtec.cat\/badalona\/wp-json\/wp\/v2\/users\/15"}],"replies":[{"embeddable":true,"href":"https:\/\/serveiseducatius.xtec.cat\/badalona\/wp-json\/wp\/v2\/comments?post=18484"}],"version-history":[{"count":1,"href":"https:\/\/serveiseducatius.xtec.cat\/badalona\/wp-json\/wp\/v2\/posts\/18484\/revisions"}],"predecessor-version":[{"id":18486,"href":"https:\/\/serveiseducatius.xtec.cat\/badalona\/wp-json\/wp\/v2\/posts\/18484\/revisions\/18486"}],"wp:featuredmedia":[{"embeddable":true,"href":"https:\/\/serveiseducatius.xtec.cat\/badalona\/wp-json\/wp\/v2\/media\/18485"}],"wp:attachment":[{"href":"https:\/\/serveiseducatius.xtec.cat\/badalona\/wp-json\/wp\/v2\/media?parent=18484"}],"wp:term":[{"taxonomy":"category","embeddable":true,"href":"https:\/\/serveiseducatius.xtec.cat\/badalona\/wp-json\/wp\/v2\/categories?post=18484"},{"taxonomy":"post_tag","embeddable":true,"href":"https:\/\/serveiseducatius.xtec.cat\/badalona\/wp-json\/wp\/v2\/tags?post=18484"}],"curies":[{"name":"wp","href":"https:\/\/api.w.org\/{rel}","templated":true}]}}