{"id":18365,"date":"2022-06-17T10:30:36","date_gmt":"2022-06-17T08:30:36","guid":{"rendered":"https:\/\/serveiseducatius.xtec.cat\/badalona\/?p=18365"},"modified":"2022-06-17T13:04:08","modified_gmt":"2022-06-17T11:04:08","slug":"lalumnat-de-6e-de-linstitut-escola-baldomer-sola-han-fet-radio","status":"publish","type":"post","link":"https:\/\/serveiseducatius.xtec.cat\/badalona\/portada\/lalumnat-de-6e-de-linstitut-escola-baldomer-sola-han-fet-radio\/","title":{"rendered":"L&#8217;alumnat de 6\u00e8 de l&#8217;institut escola Baldomer Sol\u00e0 han fet r\u00e0dio"},"content":{"rendered":"<p><img loading=\"lazy\" decoding=\"async\" class=\"wp-image-18380 alignleft\" src=\"https:\/\/serveiseducatius.xtec.cat\/badalona\/wp-content\/uploads\/usu1088\/2022\/06\/headphones-141301_1920.jpg\" alt=\"\" width=\"249\" height=\"165\" srcset=\"https:\/\/serveiseducatius.xtec.cat\/badalona\/wp-content\/uploads\/usu1088\/2022\/06\/headphones-141301_1920.jpg 1920w, https:\/\/serveiseducatius.xtec.cat\/badalona\/wp-content\/uploads\/usu1088\/2022\/06\/headphones-141301_1920-300x199.jpg 300w, https:\/\/serveiseducatius.xtec.cat\/badalona\/wp-content\/uploads\/usu1088\/2022\/06\/headphones-141301_1920-1024x678.jpg 1024w, https:\/\/serveiseducatius.xtec.cat\/badalona\/wp-content\/uploads\/usu1088\/2022\/06\/headphones-141301_1920-768x508.jpg 768w, https:\/\/serveiseducatius.xtec.cat\/badalona\/wp-content\/uploads\/usu1088\/2022\/06\/headphones-141301_1920-1536x1017.jpg 1536w\" sizes=\"auto, (max-width: 249px) 100vw, 249px\" \/>Al llarg d&#8217;aquest mes, les alumnes i els alumnes de l&#8217;institut escola Baldomer Sol\u00e0 han vingut a enregistrar els seus programes de r\u00e0dio a l&#8217;estudi que tenim al Servei Educatiu.<a href=\"https:\/\/photos.app.goo.gl\/D1haaj7uYEtU7vGm9\" target=\"_blank\" rel=\"noopener\"><img loading=\"lazy\" decoding=\"async\" class=\" wp-image-18379 alignright\" src=\"https:\/\/serveiseducatius.xtec.cat\/badalona\/wp-content\/uploads\/usu1088\/2022\/06\/logo.png\" alt=\"\" width=\"188\" height=\"233\" \/><\/a><\/p>\n<p>Enhorabona per l<span style=\"font-family: inherit; font-size: 1em;\">a feina feta!! Vam con\u00e8ixer unes locutores i uns locutors amb molt futur. Endavant!<\/span><\/p>\n<p>Com ja sabeu tenim un estudi de r\u00e0dio. El curs vinent l&#8217;ampliarem a estudi de televisi\u00f3, us convidem a venir amb el vostre alumnat i enregistrar les vostres produccions audiovisuals. Tamb\u00e9 tenim\u00a0 una maleta de croma per deixar-vos-la en pr\u00e9stec.<\/p>\n<p>Podeu veure les fotos en aquest <a href=\"https:\/\/photos.app.goo.gl\/D1haaj7uYEtU7vGm9\" target=\"_blank\" rel=\"noopener\">enlla\u00e7<\/a><\/p>\n","protected":false},"excerpt":{"rendered":"<p>Al llarg d&#8217;aquest mes, les alumnes i els alumnes de l&#8217;institut escola Baldomer Sol\u00e0 han vingut a enregistrar els seus [&hellip;]<\/p>\n","protected":false},"author":1,"featured_media":18380,"comment_status":"closed","ping_status":"closed","sticky":false,"template":"","format":"standard","meta":{"_bbp_topic_count":0,"_bbp_reply_count":0,"_bbp_total_topic_count":0,"_bbp_total_reply_count":0,"_bbp_voice_count":0,"_bbp_anonymous_reply_count":0,"_bbp_topic_count_hidden":0,"_bbp_reply_count_hidden":0,"_bbp_forum_subforum_count":0,"site-sidebar-layout":"default","site-content-layout":"","ast-site-content-layout":"","site-content-style":"default","site-sidebar-style":"default","ast-global-header-display":"","ast-banner-title-visibility":"","ast-main-header-display":"","ast-hfb-above-header-display":"","ast-hfb-below-header-display":"","ast-hfb-mobile-header-display":"","site-post-title":"","ast-breadcrumbs-content":"","ast-featured-img":"","footer-sml-layout":"","theme-transparent-header-meta":"","adv-header-id-meta":"","stick-header-meta":"","header-above-stick-meta":"","header-main-stick-meta":"","header-below-stick-meta":"","astra-migrate-meta-layouts":"default","ast-page-background-enabled":"default","ast-page-background-meta":{"desktop":{"background-color":"var(--ast-global-color-4)","background-image":"","background-repeat":"repeat","background-position":"center center","background-size":"auto","background-attachment":"scroll","background-type":"","background-media":"","overlay-type":"","overlay-color":"","overlay-opacity":"","overlay-gradient":""},"tablet":{"background-color":"","background-image":"","background-repeat":"repeat","background-position":"center center","background-size":"auto","background-attachment":"scroll","background-type":"","background-media":"","overlay-type":"","overlay-color":"","overlay-opacity":"","overlay-gradient":""},"mobile":{"background-color":"","background-image":"","background-repeat":"repeat","background-position":"center center","background-size":"auto","background-attachment":"scroll","background-type":"","background-media":"","overlay-type":"","overlay-color":"","overlay-opacity":"","overlay-gradient":""}},"ast-content-background-meta":{"desktop":{"background-color":"var(--ast-global-color-5)","background-image":"","background-repeat":"repeat","background-position":"center center","background-size":"auto","background-attachment":"scroll","background-type":"","background-media":"","overlay-type":"","overlay-color":"","overlay-opacity":"","overlay-gradient":""},"tablet":{"background-color":"var(--ast-global-color-5)","background-image":"","background-repeat":"repeat","background-position":"center center","background-size":"auto","background-attachment":"scroll","background-type":"","background-media":"","overlay-type":"","overlay-color":"","overlay-opacity":"","overlay-gradient":""},"mobile":{"background-color":"var(--ast-global-color-5)","background-image":"","background-repeat":"repeat","background-position":"center center","background-size":"auto","background-attachment":"scroll","background-type":"","background-media":"","overlay-type":"","overlay-color":"","overlay-opacity":"","overlay-gradient":""}},"footnotes":""},"categories":[64,1662,29],"tags":[1675],"class_list":["post-18365","post","type-post","status-publish","format-standard","has-post-thumbnail","hentry","category-comunitat","category-experiencies-de-centres","category-portada","tag-experiencies-centres"],"post_mailing_queue_ids":[],"_links":{"self":[{"href":"https:\/\/serveiseducatius.xtec.cat\/badalona\/wp-json\/wp\/v2\/posts\/18365","targetHints":{"allow":["GET"]}}],"collection":[{"href":"https:\/\/serveiseducatius.xtec.cat\/badalona\/wp-json\/wp\/v2\/posts"}],"about":[{"href":"https:\/\/serveiseducatius.xtec.cat\/badalona\/wp-json\/wp\/v2\/types\/post"}],"author":[{"embeddable":true,"href":"https:\/\/serveiseducatius.xtec.cat\/badalona\/wp-json\/wp\/v2\/users\/1"}],"replies":[{"embeddable":true,"href":"https:\/\/serveiseducatius.xtec.cat\/badalona\/wp-json\/wp\/v2\/comments?post=18365"}],"version-history":[{"count":3,"href":"https:\/\/serveiseducatius.xtec.cat\/badalona\/wp-json\/wp\/v2\/posts\/18365\/revisions"}],"predecessor-version":[{"id":18383,"href":"https:\/\/serveiseducatius.xtec.cat\/badalona\/wp-json\/wp\/v2\/posts\/18365\/revisions\/18383"}],"wp:featuredmedia":[{"embeddable":true,"href":"https:\/\/serveiseducatius.xtec.cat\/badalona\/wp-json\/wp\/v2\/media\/18380"}],"wp:attachment":[{"href":"https:\/\/serveiseducatius.xtec.cat\/badalona\/wp-json\/wp\/v2\/media?parent=18365"}],"wp:term":[{"taxonomy":"category","embeddable":true,"href":"https:\/\/serveiseducatius.xtec.cat\/badalona\/wp-json\/wp\/v2\/categories?post=18365"},{"taxonomy":"post_tag","embeddable":true,"href":"https:\/\/serveiseducatius.xtec.cat\/badalona\/wp-json\/wp\/v2\/tags?post=18365"}],"curies":[{"name":"wp","href":"https:\/\/api.w.org\/{rel}","templated":true}]}}