{"id":18332,"date":"2022-06-14T13:14:33","date_gmt":"2022-06-14T11:14:33","guid":{"rendered":"https:\/\/serveiseducatius.xtec.cat\/badalona\/?p=18332"},"modified":"2022-06-10T11:19:29","modified_gmt":"2022-06-10T09:19:29","slug":"cursos-de-ciencies-socials-de-lescola-destiu","status":"publish","type":"post","link":"https:\/\/serveiseducatius.xtec.cat\/badalona\/portada\/cursos-de-ciencies-socials-de-lescola-destiu\/","title":{"rendered":"Cursos de Ci\u00e8ncies socials de l\u2019Escola d\u2019Estiu"},"content":{"rendered":"<p><img loading=\"lazy\" decoding=\"async\" class=\"alignnone  wp-image-18333\" src=\"https:\/\/serveiseducatius.xtec.cat\/badalona\/wp-content\/uploads\/usu1088\/2022\/06\/cdl-escola-estiu.png\" alt=\"\" width=\"489\" height=\"106\" srcset=\"https:\/\/serveiseducatius.xtec.cat\/badalona\/wp-content\/uploads\/usu1088\/2022\/06\/cdl-escola-estiu.png 1085w, https:\/\/serveiseducatius.xtec.cat\/badalona\/wp-content\/uploads\/usu1088\/2022\/06\/cdl-escola-estiu-300x65.png 300w, https:\/\/serveiseducatius.xtec.cat\/badalona\/wp-content\/uploads\/usu1088\/2022\/06\/cdl-escola-estiu-1024x222.png 1024w, https:\/\/serveiseducatius.xtec.cat\/badalona\/wp-content\/uploads\/usu1088\/2022\/06\/cdl-escola-estiu-768x166.png 768w\" sizes=\"auto, (max-width: 489px) 100vw, 489px\" \/><img loading=\"lazy\" decoding=\"async\" class=\"alignnone  wp-image-18334\" src=\"https:\/\/serveiseducatius.xtec.cat\/badalona\/wp-content\/uploads\/usu1088\/2022\/06\/ciencies-socials.jpg\" alt=\"\" width=\"318\" height=\"106\" srcset=\"https:\/\/serveiseducatius.xtec.cat\/badalona\/wp-content\/uploads\/usu1088\/2022\/06\/ciencies-socials.jpg 531w, https:\/\/serveiseducatius.xtec.cat\/badalona\/wp-content\/uploads\/usu1088\/2022\/06\/ciencies-socials-300x100.jpg 300w\" sizes=\"auto, (max-width: 318px) 100vw, 318px\" \/><\/p>\n<p>Ja estan obertes les inscripcions a la 49a edici\u00f3 de l\u2019Escola d\u2019Estiu.<\/p>\n<p>Et convidem a explorar tots els\u00a0<strong><a href=\"https:\/\/www.cdl.cat\/oferta-formativa-escola-destiu#aT4\" data-saferedirecturl=\"https:\/\/www.google.com\/url?q=https:\/\/www.cdl.cat\/oferta-formativa-escola-destiu%23aT3&amp;source=gmail&amp;ust=1654667418698000&amp;usg=AOvVaw1UhWsl0IOqJi3tVy0rT02L\">cursos de la teva especialitat<\/a><\/strong>\u00a0i et recordem que pots ampliar la teva certificaci\u00f3 a 30 h inscrivint-te tamb\u00e9, sense cost addicional, a les jornades de reflexi\u00f3 entorn la professi\u00f3 docent\u00a0<strong><a href=\"https:\/\/www.cdl.cat\/cursos-i-activitats?of=1639\" data-saferedirecturl=\"https:\/\/www.google.com\/url?q=https:\/\/www.cdl.cat\/cursos-i-activitats?of%3D1639&amp;source=gmail&amp;ust=1654667418698000&amp;usg=AOvVaw24chKvQdTvlHc_TbOJiXIi\">Ser docent al segle XXI: Qui som, qu\u00e8 fem i per qu\u00e8 ho fem?<\/a><\/strong><\/p>\n<ul>\n<li>Si t\u2019interessa fer un tercer curs, nom\u00e9s haur\u00e0s de pagar un suplement de 25 euros.<\/li>\n<li>Recorda que els cursos de 30 hores s\u00f3n v\u00e0lids per al concurs de m\u00e8rits de la pr\u00f2xima convocat\u00f2ria d\u2019estabilitzaci\u00f3 de plantilles docents, aix\u00ed com per als estadis de promoci\u00f3 docent.<\/li>\n<li>Cursos reconeguts dins el Pla de formaci\u00f3 permanent de professorat del Departament d\u2019Educaci\u00f3 (gesti\u00f3 en tr\u00e0mit).<\/li>\n<\/ul>\n<h3><strong><a href=\"http:\/\/cdl3.cdl.cat\/pdf\/cataleg_EE22.pdf\" data-saferedirecturl=\"https:\/\/www.google.com\/url?q=http:\/\/cdl3.cdl.cat\/pdf\/cataleg_EE22.pdf&amp;source=gmail&amp;ust=1654667418698000&amp;usg=AOvVaw1LgT5ILwZxNRpUgaJimFKz\">Descarrega\u2019t el cat\u00e0leg interactiu de l\u2019Escola d\u2019Estiu<\/a><\/strong><\/h3>\n","protected":false},"excerpt":{"rendered":"<p>Ja estan obertes les inscripcions a la 49a edici\u00f3 de l\u2019Escola d\u2019Estiu. Et convidem a explorar tots els\u00a0cursos de la [&hellip;]<\/p>\n","protected":false},"author":9,"featured_media":18334,"comment_status":"closed","ping_status":"closed","sticky":false,"template":"","format":"standard","meta":{"_bbp_topic_count":0,"_bbp_reply_count":0,"_bbp_total_topic_count":0,"_bbp_total_reply_count":0,"_bbp_voice_count":0,"_bbp_anonymous_reply_count":0,"_bbp_topic_count_hidden":0,"_bbp_reply_count_hidden":0,"_bbp_forum_subforum_count":0,"site-sidebar-layout":"default","site-content-layout":"","ast-site-content-layout":"","site-content-style":"default","site-sidebar-style":"default","ast-global-header-display":"","ast-banner-title-visibility":"","ast-main-header-display":"","ast-hfb-above-header-display":"","ast-hfb-below-header-display":"","ast-hfb-mobile-header-display":"","site-post-title":"","ast-breadcrumbs-content":"","ast-featured-img":"","footer-sml-layout":"","theme-transparent-header-meta":"","adv-header-id-meta":"","stick-header-meta":"","header-above-stick-meta":"","header-main-stick-meta":"","header-below-stick-meta":"","astra-migrate-meta-layouts":"default","ast-page-background-enabled":"default","ast-page-background-meta":{"desktop":{"background-color":"var(--ast-global-color-4)","background-image":"","background-repeat":"repeat","background-position":"center center","background-size":"auto","background-attachment":"scroll","background-type":"","background-media":"","overlay-type":"","overlay-color":"","overlay-opacity":"","overlay-gradient":""},"tablet":{"background-color":"","background-image":"","background-repeat":"repeat","background-position":"center center","background-size":"auto","background-attachment":"scroll","background-type":"","background-media":"","overlay-type":"","overlay-color":"","overlay-opacity":"","overlay-gradient":""},"mobile":{"background-color":"","background-image":"","background-repeat":"repeat","background-position":"center center","background-size":"auto","background-attachment":"scroll","background-type":"","background-media":"","overlay-type":"","overlay-color":"","overlay-opacity":"","overlay-gradient":""}},"ast-content-background-meta":{"desktop":{"background-color":"var(--ast-global-color-5)","background-image":"","background-repeat":"repeat","background-position":"center center","background-size":"auto","background-attachment":"scroll","background-type":"","background-media":"","overlay-type":"","overlay-color":"","overlay-opacity":"","overlay-gradient":""},"tablet":{"background-color":"var(--ast-global-color-5)","background-image":"","background-repeat":"repeat","background-position":"center center","background-size":"auto","background-attachment":"scroll","background-type":"","background-media":"","overlay-type":"","overlay-color":"","overlay-opacity":"","overlay-gradient":""},"mobile":{"background-color":"var(--ast-global-color-5)","background-image":"","background-repeat":"repeat","background-position":"center center","background-size":"auto","background-attachment":"scroll","background-type":"","background-media":"","overlay-type":"","overlay-color":"","overlay-opacity":"","overlay-gradient":""}},"footnotes":""},"categories":[165,29],"tags":[428],"class_list":["post-18332","post","type-post","status-publish","format-standard","has-post-thumbnail","hentry","category-formacio","category-portada","tag-escola-destiu"],"post_mailing_queue_ids":[],"_links":{"self":[{"href":"https:\/\/serveiseducatius.xtec.cat\/badalona\/wp-json\/wp\/v2\/posts\/18332","targetHints":{"allow":["GET"]}}],"collection":[{"href":"https:\/\/serveiseducatius.xtec.cat\/badalona\/wp-json\/wp\/v2\/posts"}],"about":[{"href":"https:\/\/serveiseducatius.xtec.cat\/badalona\/wp-json\/wp\/v2\/types\/post"}],"author":[{"embeddable":true,"href":"https:\/\/serveiseducatius.xtec.cat\/badalona\/wp-json\/wp\/v2\/users\/9"}],"replies":[{"embeddable":true,"href":"https:\/\/serveiseducatius.xtec.cat\/badalona\/wp-json\/wp\/v2\/comments?post=18332"}],"version-history":[{"count":1,"href":"https:\/\/serveiseducatius.xtec.cat\/badalona\/wp-json\/wp\/v2\/posts\/18332\/revisions"}],"predecessor-version":[{"id":18335,"href":"https:\/\/serveiseducatius.xtec.cat\/badalona\/wp-json\/wp\/v2\/posts\/18332\/revisions\/18335"}],"wp:featuredmedia":[{"embeddable":true,"href":"https:\/\/serveiseducatius.xtec.cat\/badalona\/wp-json\/wp\/v2\/media\/18334"}],"wp:attachment":[{"href":"https:\/\/serveiseducatius.xtec.cat\/badalona\/wp-json\/wp\/v2\/media?parent=18332"}],"wp:term":[{"taxonomy":"category","embeddable":true,"href":"https:\/\/serveiseducatius.xtec.cat\/badalona\/wp-json\/wp\/v2\/categories?post=18332"},{"taxonomy":"post_tag","embeddable":true,"href":"https:\/\/serveiseducatius.xtec.cat\/badalona\/wp-json\/wp\/v2\/tags?post=18332"}],"curies":[{"name":"wp","href":"https:\/\/api.w.org\/{rel}","templated":true}]}}