{"id":18319,"date":"2022-06-10T08:30:20","date_gmt":"2022-06-10T06:30:20","guid":{"rendered":"https:\/\/serveiseducatius.xtec.cat\/badalona\/?p=18319"},"modified":"2022-06-09T14:47:31","modified_gmt":"2022-06-09T12:47:31","slug":"revetlla-a-lescola-obra-de-teatre-a-foc-lent","status":"publish","type":"post","link":"https:\/\/serveiseducatius.xtec.cat\/badalona\/portada\/revetlla-a-lescola-obra-de-teatre-a-foc-lent\/","title":{"rendered":"Revetlla a l&#8217;escola: obra de teatre &#8216;A foc lent&#8217;"},"content":{"rendered":"<p style=\"text-align: justify;\"><img loading=\"lazy\" decoding=\"async\" class=\"alignnone  wp-image-18320\" src=\"https:\/\/serveiseducatius.xtec.cat\/badalona\/wp-content\/uploads\/usu1088\/2022\/06\/Cartell-obra-teatre-capcalera-web.png_1731629480.png\" alt=\"\" width=\"508\" height=\"266\" \/><\/p>\n<p style=\"text-align: justify;\">En el marc de la campanya de Revetlles s\u2019est\u00e0 representant l\u2019obra de teatre <i><strong>A foc lent<\/strong>,<\/i> destinada a noies i nois de 10 a 14 anys. T\u00e9 com objectiu donar a con\u00e8ixer els consells d\u2019autoprotecci\u00f3, i d\u2019una forma amena explicar el bon \u00fas del material pirot\u00e8cnic per evitar accidents i gaudir d\u2019una revetlla segura. \u00a0El proper dia <b>15 de juny a les 11 hores, l\u2019obra \u201cA foc lent\u201d s\u2019emetr\u00e0 en directe en reproducci\u00f3 en l\u00ednia <i>(streaming)<\/i><\/b> a trav\u00e9s del canal Youtube del Departament d\u2019Interior per tal que les escoles i tothom que hi estigui interessat pugui veure l\u2019obra. \u00a0Posteriorment, la representaci\u00f3 s\u2019enregistrar\u00e0 i estar\u00e0 disponible en format digital.<\/p>\n<p style=\"text-align: justify;\">Per accedir a veure l\u2019obra en directe es far\u00e0 a trav\u00e9s de la web de Revetlla a l\u2019escola: <a href=\"https:\/\/eur03.safelinks.protection.outlook.com\/?url=https%3A%2F%2Finterior.gencat.cat%2Frevetllaescola&amp;data=05%7C01%7Cserveis_edu_com.educacio%40gencat.cat%7C9f89a922aa834abae2c208da4488e9bd%7C3b9427dcd30e43bc8c06ff7253676fec%7C1%7C0%7C637897652068372258%7CUnknown%7CTWFpbGZsb3d8eyJWIjoiMC4wLjAwMDAiLCJQIjoiV2luMzIiLCJBTiI6Ik1haWwiLCJXVCI6Mn0%3D%7C3000%7C%7C%7C&amp;sdata=DVZzWjPBNr0FM%2BYdekh3IdpmD%2Bn%2BFiecA4Y%2F73ddmxI%3D&amp;reserved=0\" target=\"_blank\" rel=\"noopener\" data-saferedirecturl=\"https:\/\/www.google.com\/url?q=https:\/\/eur03.safelinks.protection.outlook.com\/?url%3Dhttps%253A%252F%252Finterior.gencat.cat%252Frevetllaescola%26data%3D05%257C01%257Cserveis_edu_com.educacio%2540gencat.cat%257C9f89a922aa834abae2c208da4488e9bd%257C3b9427dcd30e43bc8c06ff7253676fec%257C1%257C0%257C637897652068372258%257CUnknown%257CTWFpbGZsb3d8eyJWIjoiMC4wLjAwMDAiLCJQIjoiV2luMzIiLCJBTiI6Ik1haWwiLCJXVCI6Mn0%253D%257C3000%257C%257C%257C%26sdata%3DDVZzWjPBNr0FM%252BYdekh3IdpmD%252Bn%252BFiecA4Y%252F73ddmxI%253D%26reserved%3D0&amp;source=gmail&amp;ust=1654856161605000&amp;usg=AOvVaw0DC55e8HEoRnJXgNIN7zVp\"> interior.gencat.cat\/<wbr \/>revetllaescola<\/a><\/p>\n","protected":false},"excerpt":{"rendered":"<p>En el marc de la campanya de Revetlles s\u2019est\u00e0 representant l\u2019obra de teatre A foc lent, destinada a noies i [&hellip;]<\/p>\n","protected":false},"author":1,"featured_media":18320,"comment_status":"closed","ping_status":"closed","sticky":false,"template":"","format":"standard","meta":{"_bbp_topic_count":0,"_bbp_reply_count":0,"_bbp_total_topic_count":0,"_bbp_total_reply_count":0,"_bbp_voice_count":0,"_bbp_anonymous_reply_count":0,"_bbp_topic_count_hidden":0,"_bbp_reply_count_hidden":0,"_bbp_forum_subforum_count":0,"site-sidebar-layout":"default","site-content-layout":"","ast-site-content-layout":"","site-content-style":"default","site-sidebar-style":"default","ast-global-header-display":"","ast-banner-title-visibility":"","ast-main-header-display":"","ast-hfb-above-header-display":"","ast-hfb-below-header-display":"","ast-hfb-mobile-header-display":"","site-post-title":"","ast-breadcrumbs-content":"","ast-featured-img":"","footer-sml-layout":"","theme-transparent-header-meta":"","adv-header-id-meta":"","stick-header-meta":"","header-above-stick-meta":"","header-main-stick-meta":"","header-below-stick-meta":"","astra-migrate-meta-layouts":"default","ast-page-background-enabled":"default","ast-page-background-meta":{"desktop":{"background-color":"var(--ast-global-color-4)","background-image":"","background-repeat":"repeat","background-position":"center center","background-size":"auto","background-attachment":"scroll","background-type":"","background-media":"","overlay-type":"","overlay-color":"","overlay-opacity":"","overlay-gradient":""},"tablet":{"background-color":"","background-image":"","background-repeat":"repeat","background-position":"center center","background-size":"auto","background-attachment":"scroll","background-type":"","background-media":"","overlay-type":"","overlay-color":"","overlay-opacity":"","overlay-gradient":""},"mobile":{"background-color":"","background-image":"","background-repeat":"repeat","background-position":"center center","background-size":"auto","background-attachment":"scroll","background-type":"","background-media":"","overlay-type":"","overlay-color":"","overlay-opacity":"","overlay-gradient":""}},"ast-content-background-meta":{"desktop":{"background-color":"var(--ast-global-color-5)","background-image":"","background-repeat":"repeat","background-position":"center center","background-size":"auto","background-attachment":"scroll","background-type":"","background-media":"","overlay-type":"","overlay-color":"","overlay-opacity":"","overlay-gradient":""},"tablet":{"background-color":"var(--ast-global-color-5)","background-image":"","background-repeat":"repeat","background-position":"center center","background-size":"auto","background-attachment":"scroll","background-type":"","background-media":"","overlay-type":"","overlay-color":"","overlay-opacity":"","overlay-gradient":""},"mobile":{"background-color":"var(--ast-global-color-5)","background-image":"","background-repeat":"repeat","background-position":"center center","background-size":"auto","background-attachment":"scroll","background-type":"","background-media":"","overlay-type":"","overlay-color":"","overlay-opacity":"","overlay-gradient":""}},"footnotes":""},"categories":[64,29],"tags":[779,1706,40],"class_list":["post-18319","post","type-post","status-publish","format-standard","has-post-thumbnail","hentry","category-comunitat","category-portada","tag-prevencio","tag-revetlla","tag-teatre"],"post_mailing_queue_ids":[],"_links":{"self":[{"href":"https:\/\/serveiseducatius.xtec.cat\/badalona\/wp-json\/wp\/v2\/posts\/18319","targetHints":{"allow":["GET"]}}],"collection":[{"href":"https:\/\/serveiseducatius.xtec.cat\/badalona\/wp-json\/wp\/v2\/posts"}],"about":[{"href":"https:\/\/serveiseducatius.xtec.cat\/badalona\/wp-json\/wp\/v2\/types\/post"}],"author":[{"embeddable":true,"href":"https:\/\/serveiseducatius.xtec.cat\/badalona\/wp-json\/wp\/v2\/users\/1"}],"replies":[{"embeddable":true,"href":"https:\/\/serveiseducatius.xtec.cat\/badalona\/wp-json\/wp\/v2\/comments?post=18319"}],"version-history":[{"count":2,"href":"https:\/\/serveiseducatius.xtec.cat\/badalona\/wp-json\/wp\/v2\/posts\/18319\/revisions"}],"predecessor-version":[{"id":18322,"href":"https:\/\/serveiseducatius.xtec.cat\/badalona\/wp-json\/wp\/v2\/posts\/18319\/revisions\/18322"}],"wp:featuredmedia":[{"embeddable":true,"href":"https:\/\/serveiseducatius.xtec.cat\/badalona\/wp-json\/wp\/v2\/media\/18320"}],"wp:attachment":[{"href":"https:\/\/serveiseducatius.xtec.cat\/badalona\/wp-json\/wp\/v2\/media?parent=18319"}],"wp:term":[{"taxonomy":"category","embeddable":true,"href":"https:\/\/serveiseducatius.xtec.cat\/badalona\/wp-json\/wp\/v2\/categories?post=18319"},{"taxonomy":"post_tag","embeddable":true,"href":"https:\/\/serveiseducatius.xtec.cat\/badalona\/wp-json\/wp\/v2\/tags?post=18319"}],"curies":[{"name":"wp","href":"https:\/\/api.w.org\/{rel}","templated":true}]}}