{"id":18311,"date":"2022-06-09T14:22:00","date_gmt":"2022-06-09T12:22:00","guid":{"rendered":"https:\/\/serveiseducatius.xtec.cat\/badalona\/?p=18311"},"modified":"2022-06-09T14:22:00","modified_gmt":"2022-06-09T12:22:00","slug":"institut-isaac-albeniz-entrevista-a-pere-ribes-xii-marato-de-radio-escolar-de-badalona","status":"publish","type":"post","link":"https:\/\/serveiseducatius.xtec.cat\/badalona\/portada\/institut-isaac-albeniz-entrevista-a-pere-ribes-xii-marato-de-radio-escolar-de-badalona\/","title":{"rendered":"Institut Isaac Alb\u00e9niz. Entrevista a Pere Ribes: XII Marat\u00f3 de R\u00e0dio escolar de Badalona"},"content":{"rendered":"<p><img loading=\"lazy\" decoding=\"async\" class=\"wp-image-18313 alignleft\" src=\"https:\/\/serveiseducatius.xtec.cat\/badalona\/wp-content\/uploads\/usu1088\/2022\/06\/Logo_Radio-No-Callem.jpg\" alt=\"\" width=\"369\" height=\"272\" srcset=\"https:\/\/serveiseducatius.xtec.cat\/badalona\/wp-content\/uploads\/usu1088\/2022\/06\/Logo_Radio-No-Callem.jpg 1508w, https:\/\/serveiseducatius.xtec.cat\/badalona\/wp-content\/uploads\/usu1088\/2022\/06\/Logo_Radio-No-Callem-300x221.jpg 300w, https:\/\/serveiseducatius.xtec.cat\/badalona\/wp-content\/uploads\/usu1088\/2022\/06\/Logo_Radio-No-Callem-1024x755.jpg 1024w, https:\/\/serveiseducatius.xtec.cat\/badalona\/wp-content\/uploads\/usu1088\/2022\/06\/Logo_Radio-No-Callem-768x566.jpg 768w\" sizes=\"auto, (max-width: 369px) 100vw, 369px\" \/>Com ells diuen es van estrenar fent r\u00e0dio el curs passat i estan fent una gran feina!! Volen fer sentir la seva veu i arribar als oients de la seva comunitat educativa i de la ciutat. Enhorabona!<\/p>\n<p>En aquests enlla\u00e7os veureu la feina que fan:<\/p>\n<p><a href=\"https:\/\/agora.xtec.cat\/ies-isaac-albeniz\/general\/entrevista-a-pere-ribes-xii-marato-de-radio-escolar-de-badalona\/\" target=\"_blank\" rel=\"noopener\">Entrevista a Pere Ribes<\/a><\/p>\n<p><a href=\"https:\/\/agora.xtec.cat\/ies-isaac-albeniz\/portada\/lalbeniz-a-la-marato-de-radio-escolar-de-badalona\/\" target=\"_blank\" rel=\"noopener\">L&#8217;Alb\u00e9niz a la Marat\u00f3 de r\u00e0dio de Badalona<\/a><\/p>\n<p><a href=\"https:\/\/auladacollidaalinsalbeniz.wordpress.com\/fem-radio\/\">Bloc de l&#8217;aula d&#8217;acollida<\/a><\/p>\n<p>Us esperem a la Marat\u00f3 de l&#8217;any vinent!<\/p>\n<p>&nbsp;<\/p>\n","protected":false},"excerpt":{"rendered":"<p>Com ells diuen es van estrenar fent r\u00e0dio el curs passat i estan fent una gran feina!! Volen fer sentir [&hellip;]<\/p>\n","protected":false},"author":1,"featured_media":18313,"comment_status":"closed","ping_status":"closed","sticky":false,"template":"","format":"standard","meta":{"_bbp_topic_count":0,"_bbp_reply_count":0,"_bbp_total_topic_count":0,"_bbp_total_reply_count":0,"_bbp_voice_count":0,"_bbp_anonymous_reply_count":0,"_bbp_topic_count_hidden":0,"_bbp_reply_count_hidden":0,"_bbp_forum_subforum_count":0,"site-sidebar-layout":"default","site-content-layout":"","ast-site-content-layout":"","site-content-style":"default","site-sidebar-style":"default","ast-global-header-display":"","ast-banner-title-visibility":"","ast-main-header-display":"","ast-hfb-above-header-display":"","ast-hfb-below-header-display":"","ast-hfb-mobile-header-display":"","site-post-title":"","ast-breadcrumbs-content":"","ast-featured-img":"","footer-sml-layout":"","theme-transparent-header-meta":"","adv-header-id-meta":"","stick-header-meta":"","header-above-stick-meta":"","header-main-stick-meta":"","header-below-stick-meta":"","astra-migrate-meta-layouts":"default","ast-page-background-enabled":"default","ast-page-background-meta":{"desktop":{"background-color":"var(--ast-global-color-4)","background-image":"","background-repeat":"repeat","background-position":"center center","background-size":"auto","background-attachment":"scroll","background-type":"","background-media":"","overlay-type":"","overlay-color":"","overlay-opacity":"","overlay-gradient":""},"tablet":{"background-color":"","background-image":"","background-repeat":"repeat","background-position":"center center","background-size":"auto","background-attachment":"scroll","background-type":"","background-media":"","overlay-type":"","overlay-color":"","overlay-opacity":"","overlay-gradient":""},"mobile":{"background-color":"","background-image":"","background-repeat":"repeat","background-position":"center center","background-size":"auto","background-attachment":"scroll","background-type":"","background-media":"","overlay-type":"","overlay-color":"","overlay-opacity":"","overlay-gradient":""}},"ast-content-background-meta":{"desktop":{"background-color":"var(--ast-global-color-5)","background-image":"","background-repeat":"repeat","background-position":"center center","background-size":"auto","background-attachment":"scroll","background-type":"","background-media":"","overlay-type":"","overlay-color":"","overlay-opacity":"","overlay-gradient":""},"tablet":{"background-color":"var(--ast-global-color-5)","background-image":"","background-repeat":"repeat","background-position":"center center","background-size":"auto","background-attachment":"scroll","background-type":"","background-media":"","overlay-type":"","overlay-color":"","overlay-opacity":"","overlay-gradient":""},"mobile":{"background-color":"var(--ast-global-color-5)","background-image":"","background-repeat":"repeat","background-position":"center center","background-size":"auto","background-attachment":"scroll","background-type":"","background-media":"","overlay-type":"","overlay-color":"","overlay-opacity":"","overlay-gradient":""}},"footnotes":""},"categories":[64,1662,29],"tags":[1675,329],"class_list":["post-18311","post","type-post","status-publish","format-standard","has-post-thumbnail","hentry","category-comunitat","category-experiencies-de-centres","category-portada","tag-experiencies-centres","tag-marato-de-radio"],"post_mailing_queue_ids":[],"_links":{"self":[{"href":"https:\/\/serveiseducatius.xtec.cat\/badalona\/wp-json\/wp\/v2\/posts\/18311","targetHints":{"allow":["GET"]}}],"collection":[{"href":"https:\/\/serveiseducatius.xtec.cat\/badalona\/wp-json\/wp\/v2\/posts"}],"about":[{"href":"https:\/\/serveiseducatius.xtec.cat\/badalona\/wp-json\/wp\/v2\/types\/post"}],"author":[{"embeddable":true,"href":"https:\/\/serveiseducatius.xtec.cat\/badalona\/wp-json\/wp\/v2\/users\/1"}],"replies":[{"embeddable":true,"href":"https:\/\/serveiseducatius.xtec.cat\/badalona\/wp-json\/wp\/v2\/comments?post=18311"}],"version-history":[{"count":1,"href":"https:\/\/serveiseducatius.xtec.cat\/badalona\/wp-json\/wp\/v2\/posts\/18311\/revisions"}],"predecessor-version":[{"id":18314,"href":"https:\/\/serveiseducatius.xtec.cat\/badalona\/wp-json\/wp\/v2\/posts\/18311\/revisions\/18314"}],"wp:featuredmedia":[{"embeddable":true,"href":"https:\/\/serveiseducatius.xtec.cat\/badalona\/wp-json\/wp\/v2\/media\/18313"}],"wp:attachment":[{"href":"https:\/\/serveiseducatius.xtec.cat\/badalona\/wp-json\/wp\/v2\/media?parent=18311"}],"wp:term":[{"taxonomy":"category","embeddable":true,"href":"https:\/\/serveiseducatius.xtec.cat\/badalona\/wp-json\/wp\/v2\/categories?post=18311"},{"taxonomy":"post_tag","embeddable":true,"href":"https:\/\/serveiseducatius.xtec.cat\/badalona\/wp-json\/wp\/v2\/tags?post=18311"}],"curies":[{"name":"wp","href":"https:\/\/api.w.org\/{rel}","templated":true}]}}