{"id":18287,"date":"2022-06-08T08:30:01","date_gmt":"2022-06-08T06:30:01","guid":{"rendered":"https:\/\/serveiseducatius.xtec.cat\/badalona\/?p=18287"},"modified":"2022-06-07T08:40:44","modified_gmt":"2022-06-07T06:40:44","slug":"educac-guia-preventiva-sobre-entorns-digitals-infancia-i-pantalles","status":"publish","type":"post","link":"https:\/\/serveiseducatius.xtec.cat\/badalona\/portada\/educac-guia-preventiva-sobre-entorns-digitals-infancia-i-pantalles\/","title":{"rendered":"EduCAC. Guia preventiva sobre entorns digitals. Inf\u00e0ncia i pantalles"},"content":{"rendered":"<p><strong><img loading=\"lazy\" decoding=\"async\" class=\"wp-image-18289 alignleft\" src=\"https:\/\/serveiseducatius.xtec.cat\/badalona\/wp-content\/uploads\/usu1088\/2022\/06\/guia-pantalles.png\" alt=\"\" width=\"205\" height=\"287\" srcset=\"https:\/\/serveiseducatius.xtec.cat\/badalona\/wp-content\/uploads\/usu1088\/2022\/06\/guia-pantalles.png 591w, https:\/\/serveiseducatius.xtec.cat\/badalona\/wp-content\/uploads\/usu1088\/2022\/06\/guia-pantalles-214x300.png 214w\" sizes=\"auto, (max-width: 205px) 100vw, 205px\" \/>Guia preventiva sobre entorns virtuals<\/strong><\/p>\n<p>L&#8217;Ag\u00e8ncia de Salut P\u00fablica de Catalunya ha fet difusi\u00f3 a finals de maig d&#8217;una\u00a0<strong><a href=\"https:\/\/educac.us16.list-manage.com\/track\/click?u=2a8ff71905867b32700a934f8&amp;id=c4cb66a946&amp;e=1862d03e57\" target=\"_blank\" rel=\"noopener\" data-saferedirecturl=\"https:\/\/www.google.com\/url?q=https:\/\/educac.us16.list-manage.com\/track\/click?u%3D2a8ff71905867b32700a934f8%26id%3Dc4cb66a946%26e%3D1862d03e57&amp;source=gmail&amp;ust=1654669499265000&amp;usg=AOvVaw2YDbG3aSQe5MUzY9EhYiPx\">guia adre\u00e7ada a professionals<\/a><\/strong>, tant de l&#8217;\u00e0mbit educatiu formal com no formal que treballen amb adolescents d&#8217;entre\u00a012 i 18 anys.<br \/>\nLa primera part del document descriu les caracter\u00edstiques de les adolesc\u00e8ncies digitals, i la segona ofereix pautes per acompanyar i prevenir als diferents espais educatius en l&#8217;era digital. Entre els recursos que ofereix, trobareu el\u00a0<strong><a href=\"https:\/\/educac.us16.list-manage.com\/track\/click?u=2a8ff71905867b32700a934f8&amp;id=936868eae9&amp;e=1862d03e57\" target=\"_blank\" rel=\"noopener\" data-saferedirecturl=\"https:\/\/www.google.com\/url?q=https:\/\/educac.us16.list-manage.com\/track\/click?u%3D2a8ff71905867b32700a934f8%26id%3D936868eae9%26e%3D1862d03e57&amp;source=gmail&amp;ust=1654669499265000&amp;usg=AOvVaw2nsG_kSdI259x0Kr4d_S3_\">Fam\u00edlia i pantalles de l&#8217;eduCAC<\/a><\/strong>.<\/p>\n<p>&nbsp;<\/p>\n<p>&nbsp;<\/p>\n<p><strong>Inf\u00e0ncia i pantalles<img loading=\"lazy\" decoding=\"async\" class=\"wp-image-18290 alignright\" src=\"https:\/\/serveiseducatius.xtec.cat\/badalona\/wp-content\/uploads\/usu1088\/2022\/06\/infancia_pantalles.png\" alt=\"\" width=\"284\" height=\"220\" srcset=\"https:\/\/serveiseducatius.xtec.cat\/badalona\/wp-content\/uploads\/usu1088\/2022\/06\/infancia_pantalles.png 337w, https:\/\/serveiseducatius.xtec.cat\/badalona\/wp-content\/uploads\/usu1088\/2022\/06\/infancia_pantalles-300x232.png 300w\" sizes=\"auto, (max-width: 284px) 100vw, 284px\" \/><\/strong><\/p>\n<p>Seguim parlant de pantalles, per\u00f2 en aquest cas, en relaci\u00f3 amb les primeres etapes de la vida dels infants. Un grup d&#8217;expertes, entre les quals, la soci\u00f2loga Liliana Arroyo o la pedagoga Anna Ramis, han impulsat un\u00a0<strong><a href=\"https:\/\/educac.us16.list-manage.com\/track\/click?u=2a8ff71905867b32700a934f8&amp;id=4feb5ae851&amp;e=1862d03e57\" target=\"_blank\" rel=\"noopener\" data-saferedirecturl=\"https:\/\/www.google.com\/url?q=https:\/\/educac.us16.list-manage.com\/track\/click?u%3D2a8ff71905867b32700a934f8%26id%3D4feb5ae851%26e%3D1862d03e57&amp;source=gmail&amp;ust=1654669499265000&amp;usg=AOvVaw0YXYfRGayVq8EiUF-U-zib\">manifest sobre l&#8217;\u00fas de pantalles entre els 0-6 anys<\/a>,<\/strong> amb l&#8217;objectiu de conscienciar de la necessitat de preservar la primera inf\u00e0ncia de la sobreexposici\u00f3 continuada als dispositius digitals i pantalles. Des del butllet\u00ed de l&#8217;eduCAC volem contribuir a la difusi\u00f3 del manifest, i us en recomanem la lectura.\u00a0<\/p>\n","protected":false},"excerpt":{"rendered":"<p>Guia preventiva sobre entorns virtuals L&#8217;Ag\u00e8ncia de Salut P\u00fablica de Catalunya ha fet difusi\u00f3 a finals de maig d&#8217;una\u00a0guia adre\u00e7ada [&hellip;]<\/p>\n","protected":false},"author":1,"featured_media":18290,"comment_status":"closed","ping_status":"closed","sticky":false,"template":"","format":"standard","meta":{"_bbp_topic_count":0,"_bbp_reply_count":0,"_bbp_total_topic_count":0,"_bbp_total_reply_count":0,"_bbp_voice_count":0,"_bbp_anonymous_reply_count":0,"_bbp_topic_count_hidden":0,"_bbp_reply_count_hidden":0,"_bbp_forum_subforum_count":0,"site-sidebar-layout":"default","site-content-layout":"","ast-site-content-layout":"","site-content-style":"default","site-sidebar-style":"default","ast-global-header-display":"","ast-banner-title-visibility":"","ast-main-header-display":"","ast-hfb-above-header-display":"","ast-hfb-below-header-display":"","ast-hfb-mobile-header-display":"","site-post-title":"","ast-breadcrumbs-content":"","ast-featured-img":"","footer-sml-layout":"","theme-transparent-header-meta":"","adv-header-id-meta":"","stick-header-meta":"","header-above-stick-meta":"","header-main-stick-meta":"","header-below-stick-meta":"","astra-migrate-meta-layouts":"default","ast-page-background-enabled":"default","ast-page-background-meta":{"desktop":{"background-color":"var(--ast-global-color-4)","background-image":"","background-repeat":"repeat","background-position":"center center","background-size":"auto","background-attachment":"scroll","background-type":"","background-media":"","overlay-type":"","overlay-color":"","overlay-opacity":"","overlay-gradient":""},"tablet":{"background-color":"","background-image":"","background-repeat":"repeat","background-position":"center center","background-size":"auto","background-attachment":"scroll","background-type":"","background-media":"","overlay-type":"","overlay-color":"","overlay-opacity":"","overlay-gradient":""},"mobile":{"background-color":"","background-image":"","background-repeat":"repeat","background-position":"center center","background-size":"auto","background-attachment":"scroll","background-type":"","background-media":"","overlay-type":"","overlay-color":"","overlay-opacity":"","overlay-gradient":""}},"ast-content-background-meta":{"desktop":{"background-color":"var(--ast-global-color-5)","background-image":"","background-repeat":"repeat","background-position":"center center","background-size":"auto","background-attachment":"scroll","background-type":"","background-media":"","overlay-type":"","overlay-color":"","overlay-opacity":"","overlay-gradient":""},"tablet":{"background-color":"var(--ast-global-color-5)","background-image":"","background-repeat":"repeat","background-position":"center center","background-size":"auto","background-attachment":"scroll","background-type":"","background-media":"","overlay-type":"","overlay-color":"","overlay-opacity":"","overlay-gradient":""},"mobile":{"background-color":"var(--ast-global-color-5)","background-image":"","background-repeat":"repeat","background-position":"center center","background-size":"auto","background-attachment":"scroll","background-type":"","background-media":"","overlay-type":"","overlay-color":"","overlay-opacity":"","overlay-gradient":""}},"footnotes":""},"categories":[78,29,76],"tags":[907,877],"class_list":["post-18287","post","type-post","status-publish","format-standard","has-post-thumbnail","hentry","category-culturadigital","category-portada","category-recursos","tag-educac","tag-educacio-audiovisual"],"post_mailing_queue_ids":[],"_links":{"self":[{"href":"https:\/\/serveiseducatius.xtec.cat\/badalona\/wp-json\/wp\/v2\/posts\/18287","targetHints":{"allow":["GET"]}}],"collection":[{"href":"https:\/\/serveiseducatius.xtec.cat\/badalona\/wp-json\/wp\/v2\/posts"}],"about":[{"href":"https:\/\/serveiseducatius.xtec.cat\/badalona\/wp-json\/wp\/v2\/types\/post"}],"author":[{"embeddable":true,"href":"https:\/\/serveiseducatius.xtec.cat\/badalona\/wp-json\/wp\/v2\/users\/1"}],"replies":[{"embeddable":true,"href":"https:\/\/serveiseducatius.xtec.cat\/badalona\/wp-json\/wp\/v2\/comments?post=18287"}],"version-history":[{"count":1,"href":"https:\/\/serveiseducatius.xtec.cat\/badalona\/wp-json\/wp\/v2\/posts\/18287\/revisions"}],"predecessor-version":[{"id":18291,"href":"https:\/\/serveiseducatius.xtec.cat\/badalona\/wp-json\/wp\/v2\/posts\/18287\/revisions\/18291"}],"wp:featuredmedia":[{"embeddable":true,"href":"https:\/\/serveiseducatius.xtec.cat\/badalona\/wp-json\/wp\/v2\/media\/18290"}],"wp:attachment":[{"href":"https:\/\/serveiseducatius.xtec.cat\/badalona\/wp-json\/wp\/v2\/media?parent=18287"}],"wp:term":[{"taxonomy":"category","embeddable":true,"href":"https:\/\/serveiseducatius.xtec.cat\/badalona\/wp-json\/wp\/v2\/categories?post=18287"},{"taxonomy":"post_tag","embeddable":true,"href":"https:\/\/serveiseducatius.xtec.cat\/badalona\/wp-json\/wp\/v2\/tags?post=18287"}],"curies":[{"name":"wp","href":"https:\/\/api.w.org\/{rel}","templated":true}]}}