{"id":18192,"date":"2022-05-19T14:17:13","date_gmt":"2022-05-19T12:17:13","guid":{"rendered":"https:\/\/serveiseducatius.xtec.cat\/badalona\/?p=18192"},"modified":"2022-12-05T09:07:50","modified_gmt":"2022-12-05T08:07:50","slug":"el-consell-dels-infants-de-badalona-inaugura-lexposicio-la-cuina-del-bon-tracte","status":"publish","type":"post","link":"https:\/\/serveiseducatius.xtec.cat\/badalona\/portada\/el-consell-dels-infants-de-badalona-inaugura-lexposicio-la-cuina-del-bon-tracte\/","title":{"rendered":"El Consell dels Infants de Badalona inaugura l&#8217;exposici\u00f3 &#8220;La cuina del bon tracte&#8221;"},"content":{"rendered":"<p>Avui dijous, 19 de maig, a les 18 hores, s&#8217;inaugura al Centre Comercial M\u00e0gic Badalona l\u2019exposici\u00f3 \u201c<strong>LA CUINA DEL BON TRACTE<\/strong>\u201d. Es tracta d\u2019una mostra de 180 cartells de receptes pel bon tracte duta a terme per nenes i nens dels centres que formen part del<strong><a href=\"http:\/\/consellinfantsbadalona.cat\/\" target=\"_blank\" rel=\"noopener\"> Consell dels Infants de Badalona<\/a><\/strong> (CIB).<\/p>\n<p>Aquest curs les nenes i els nens dels quaranta centres que formen part del CIB <a href=\"http:\/\/consellinfantsbadalona.cat\/documents\/bon-tracte\/\" target=\"_blank\" rel=\"noopener\">van acordar treballar especialment el tema del bon tracte<\/a>. En aquest sentit, van treballar amb els seus mestres i educadors\/es sobre diferents situacions vinculades amb experi\u00e8ncies de bon tracte, amb el suport d&#8217;una <a href=\"http:\/\/consellinfantsbadalona.cat\/wp-content\/uploads\/2022\/02\/Guia-Recursos-Bon-tracte-CIB-mar%C3%A7-22.pdf\" target=\"_blank\" rel=\"noopener\">guia de recursos did\u00e0ctics<\/a> elaborada especialment.<\/p>\n<p>A partir d\u2019una idea de la secretaria t\u00e8cnica de la <a href=\"https:\/\/tiab-badalona.cat\/\" target=\"_blank\" rel=\"noopener\">Taula d\u2019Inf\u00e0ncia i Adolesc\u00e8ncia de Badalona<\/a> (TIAB), els infants van pensar primer en el significat que t\u00e9 rebre o donar un bon tracte i, despr\u00e9s, en els ingredients b\u00e0sics i en el proc\u00e9s d\u2019elaboraci\u00f3 d&#8217;aquestes receptes que han elaborat en format cartell. Alguns dels ingredients que han elegit per a les receptes de \u201cLa cuina del bon tracte\u201d s\u00f3n ajuda, amabilitat, autonomia, confian\u00e7a, cura, empatia, escolta, inclusi\u00f3, respecte i responsabilitat.<\/p>\n<p>L\u2019exposici\u00f3, que es podr\u00e0 visitar fins dimecres 8 de juny, est\u00e0 organitzada pels centres que formen part del Consell dels Infants de Badalona, amb la participaci\u00f3 de la Taula d\u2019Inf\u00e0ncia i Adolesc\u00e8ncia de Badalona. El CIB i la TIAB estan vinculats al Servei d\u2019Educaci\u00f3 de l\u2019Ajuntament de Badalona. L\u2019exposici\u00f3 compta amb la col\u00b7laboraci\u00f3 del Centre Comercial M\u00e0gic Badalona<\/p>\n<p>L&#8217;exposici\u00f3 es podr\u00e0 visitar del <strong>19 de maig al 8 de juny<\/strong>.<\/p>\n<p><iframe loading=\"lazy\" src=\"https:\/\/serveiseducatius.xtec.cat\/badalona\/wp-content\/uploads\/usu1088\/2022\/05\/AJB103451.pdf\" width=\"800\" height=\"800\"><span data-mce-type=\"bookmark\" style=\"display: inline-block; width: 0px; overflow: hidden; line-height: 0;\" class=\"mce_SELRES_start\">\ufeff<\/span><\/iframe><\/p>\n","protected":false},"excerpt":{"rendered":"<p>Avui dijous, 19 de maig, a les 18 hores, s&#8217;inaugura al Centre Comercial M\u00e0gic Badalona l\u2019exposici\u00f3 \u201cLA CUINA DEL BON [&hellip;]<\/p>\n","protected":false},"author":9,"featured_media":18194,"comment_status":"closed","ping_status":"closed","sticky":false,"template":"","format":"standard","meta":{"_bbp_topic_count":0,"_bbp_reply_count":0,"_bbp_total_topic_count":0,"_bbp_total_reply_count":0,"_bbp_voice_count":0,"_bbp_anonymous_reply_count":0,"_bbp_topic_count_hidden":0,"_bbp_reply_count_hidden":0,"_bbp_forum_subforum_count":0,"site-sidebar-layout":"default","site-content-layout":"","ast-site-content-layout":"","site-content-style":"default","site-sidebar-style":"default","ast-global-header-display":"","ast-banner-title-visibility":"","ast-main-header-display":"","ast-hfb-above-header-display":"","ast-hfb-below-header-display":"","ast-hfb-mobile-header-display":"","site-post-title":"","ast-breadcrumbs-content":"","ast-featured-img":"","footer-sml-layout":"","theme-transparent-header-meta":"","adv-header-id-meta":"","stick-header-meta":"","header-above-stick-meta":"","header-main-stick-meta":"","header-below-stick-meta":"","astra-migrate-meta-layouts":"default","ast-page-background-enabled":"default","ast-page-background-meta":{"desktop":{"background-color":"var(--ast-global-color-4)","background-image":"","background-repeat":"repeat","background-position":"center center","background-size":"auto","background-attachment":"scroll","background-type":"","background-media":"","overlay-type":"","overlay-color":"","overlay-opacity":"","overlay-gradient":""},"tablet":{"background-color":"","background-image":"","background-repeat":"repeat","background-position":"center center","background-size":"auto","background-attachment":"scroll","background-type":"","background-media":"","overlay-type":"","overlay-color":"","overlay-opacity":"","overlay-gradient":""},"mobile":{"background-color":"","background-image":"","background-repeat":"repeat","background-position":"center center","background-size":"auto","background-attachment":"scroll","background-type":"","background-media":"","overlay-type":"","overlay-color":"","overlay-opacity":"","overlay-gradient":""}},"ast-content-background-meta":{"desktop":{"background-color":"var(--ast-global-color-5)","background-image":"","background-repeat":"repeat","background-position":"center center","background-size":"auto","background-attachment":"scroll","background-type":"","background-media":"","overlay-type":"","overlay-color":"","overlay-opacity":"","overlay-gradient":""},"tablet":{"background-color":"var(--ast-global-color-5)","background-image":"","background-repeat":"repeat","background-position":"center center","background-size":"auto","background-attachment":"scroll","background-type":"","background-media":"","overlay-type":"","overlay-color":"","overlay-opacity":"","overlay-gradient":""},"mobile":{"background-color":"var(--ast-global-color-5)","background-image":"","background-repeat":"repeat","background-position":"center center","background-size":"auto","background-attachment":"scroll","background-type":"","background-media":"","overlay-type":"","overlay-color":"","overlay-opacity":"","overlay-gradient":""}},"footnotes":""},"categories":[64,29,675],"tags":[167,1547,805,902],"class_list":["post-18192","post","type-post","status-publish","format-standard","has-post-thumbnail","hentry","category-comunitat","category-portada","category-tiab","tag-badalona","tag-cib","tag-consell-dels-infants","tag-tiab"],"post_mailing_queue_ids":[],"_links":{"self":[{"href":"https:\/\/serveiseducatius.xtec.cat\/badalona\/wp-json\/wp\/v2\/posts\/18192","targetHints":{"allow":["GET"]}}],"collection":[{"href":"https:\/\/serveiseducatius.xtec.cat\/badalona\/wp-json\/wp\/v2\/posts"}],"about":[{"href":"https:\/\/serveiseducatius.xtec.cat\/badalona\/wp-json\/wp\/v2\/types\/post"}],"author":[{"embeddable":true,"href":"https:\/\/serveiseducatius.xtec.cat\/badalona\/wp-json\/wp\/v2\/users\/9"}],"replies":[{"embeddable":true,"href":"https:\/\/serveiseducatius.xtec.cat\/badalona\/wp-json\/wp\/v2\/comments?post=18192"}],"version-history":[{"count":2,"href":"https:\/\/serveiseducatius.xtec.cat\/badalona\/wp-json\/wp\/v2\/posts\/18192\/revisions"}],"predecessor-version":[{"id":18213,"href":"https:\/\/serveiseducatius.xtec.cat\/badalona\/wp-json\/wp\/v2\/posts\/18192\/revisions\/18213"}],"wp:featuredmedia":[{"embeddable":true,"href":"https:\/\/serveiseducatius.xtec.cat\/badalona\/wp-json\/wp\/v2\/media\/18194"}],"wp:attachment":[{"href":"https:\/\/serveiseducatius.xtec.cat\/badalona\/wp-json\/wp\/v2\/media?parent=18192"}],"wp:term":[{"taxonomy":"category","embeddable":true,"href":"https:\/\/serveiseducatius.xtec.cat\/badalona\/wp-json\/wp\/v2\/categories?post=18192"},{"taxonomy":"post_tag","embeddable":true,"href":"https:\/\/serveiseducatius.xtec.cat\/badalona\/wp-json\/wp\/v2\/tags?post=18192"}],"curies":[{"name":"wp","href":"https:\/\/api.w.org\/{rel}","templated":true}]}}