{"id":18179,"date":"2022-05-17T16:00:39","date_gmt":"2022-05-17T14:00:39","guid":{"rendered":"https:\/\/serveiseducatius.xtec.cat\/badalona\/?p=18179"},"modified":"2022-05-17T16:00:39","modified_gmt":"2022-05-17T14:00:39","slug":"jornada-descacs-i-educacio-21-de-maig-vila-seca-escola-sant-bernat-calvo","status":"publish","type":"post","link":"https:\/\/serveiseducatius.xtec.cat\/badalona\/portada\/jornada-descacs-i-educacio-21-de-maig-vila-seca-escola-sant-bernat-calvo\/","title":{"rendered":"Jornada d&#8217;Escacs i Educaci\u00f3. 21 de maig &#8211; Vila-seca (Escola Sant Bernat Calv\u00f3)"},"content":{"rendered":"<p><img loading=\"lazy\" decoding=\"async\" class=\"wp-image-18180 size-medium alignleft\" src=\"https:\/\/serveiseducatius.xtec.cat\/badalona\/wp-content\/uploads\/usu1088\/2022\/05\/ESCACS_ESCOLA_-300x169.png\" alt=\"\" width=\"300\" height=\"169\" srcset=\"https:\/\/serveiseducatius.xtec.cat\/badalona\/wp-content\/uploads\/usu1088\/2022\/05\/ESCACS_ESCOLA_-300x169.png 300w, https:\/\/serveiseducatius.xtec.cat\/badalona\/wp-content\/uploads\/usu1088\/2022\/05\/ESCACS_ESCOLA_-1024x576.png 1024w, https:\/\/serveiseducatius.xtec.cat\/badalona\/wp-content\/uploads\/usu1088\/2022\/05\/ESCACS_ESCOLA_-768x432.png 768w, https:\/\/serveiseducatius.xtec.cat\/badalona\/wp-content\/uploads\/usu1088\/2022\/05\/ESCACS_ESCOLA_-1536x864.png 1536w, https:\/\/serveiseducatius.xtec.cat\/badalona\/wp-content\/uploads\/usu1088\/2022\/05\/ESCACS_ESCOLA_.png 1600w\" sizes=\"auto, (max-width: 300px) 100vw, 300px\" \/>El dia 21 de maig es dur\u00e0 a terme una Jornada d&#8217;Escacs i Educaci\u00f3 per celebrar el 10\u00e8 aniversari del programa Escacs a l&#8217;escola. El programa d&#8217;activitats est\u00e0 obert a totes aquelles persones que estiguin interessades en el tema, i les activitats seran gratu\u00eftes.\u00a0<\/p>\n<p>Est\u00e0 previst que des de les 10 del mat\u00ed fins les 17:30h es duguin a terme diferents xerrades, tallers i presentacions de materials per a docents i monitors, aix\u00ed com tamb\u00e9 es preveu un espai de joc lliure amb diverses activitats adre\u00e7at al p\u00fablic infantil.<\/p>\n<p>Animeu-vos a participar-hi!<\/p>\n<div>\n<div dir=\"ltr\">\n<blockquote>\n<div><b><a href=\"https:\/\/docs.google.com\/document\/d\/1_qgGjnsZDgBINrAVV1v9bYtFNK3JHnizVkvvGsbaPtY\/edit?usp=sharing\" target=\"_blank\" rel=\"noopener\">Programa de la Jornada<\/a><\/b><a href=\"https:\/\/docs.google.com\/document\/d\/1_qgGjnsZDgBINrAVV1v9bYtFNK3JHnizVkvvGsbaPtY\/edit?usp=sharing\" target=\"_blank\" rel=\"noopener noreferrer\">\u00a0<\/a><\/div>\n<div>\u00a0<\/div>\n<div><b><a href=\"https:\/\/forms.gle\/A4i9ggMb7XtEj4Bk6\" target=\"_blank\" rel=\"noopener\">Formulari d&#8217;inscripci\u00f3<\/a><\/b><\/div>\n<\/blockquote>\n<\/div>\n<\/div>\n","protected":false},"excerpt":{"rendered":"<p>El dia 21 de maig es dur\u00e0 a terme una Jornada d&#8217;Escacs i Educaci\u00f3 per celebrar el 10\u00e8 aniversari del [&hellip;]<\/p>\n","protected":false},"author":1,"featured_media":18180,"comment_status":"closed","ping_status":"closed","sticky":false,"template":"","format":"standard","meta":{"_bbp_topic_count":0,"_bbp_reply_count":0,"_bbp_total_topic_count":0,"_bbp_total_reply_count":0,"_bbp_voice_count":0,"_bbp_anonymous_reply_count":0,"_bbp_topic_count_hidden":0,"_bbp_reply_count_hidden":0,"_bbp_forum_subforum_count":0,"site-sidebar-layout":"default","site-content-layout":"","ast-site-content-layout":"","site-content-style":"default","site-sidebar-style":"default","ast-global-header-display":"","ast-banner-title-visibility":"","ast-main-header-display":"","ast-hfb-above-header-display":"","ast-hfb-below-header-display":"","ast-hfb-mobile-header-display":"","site-post-title":"","ast-breadcrumbs-content":"","ast-featured-img":"","footer-sml-layout":"","theme-transparent-header-meta":"","adv-header-id-meta":"","stick-header-meta":"","header-above-stick-meta":"","header-main-stick-meta":"","header-below-stick-meta":"","astra-migrate-meta-layouts":"default","ast-page-background-enabled":"default","ast-page-background-meta":{"desktop":{"background-color":"var(--ast-global-color-4)","background-image":"","background-repeat":"repeat","background-position":"center center","background-size":"auto","background-attachment":"scroll","background-type":"","background-media":"","overlay-type":"","overlay-color":"","overlay-opacity":"","overlay-gradient":""},"tablet":{"background-color":"","background-image":"","background-repeat":"repeat","background-position":"center center","background-size":"auto","background-attachment":"scroll","background-type":"","background-media":"","overlay-type":"","overlay-color":"","overlay-opacity":"","overlay-gradient":""},"mobile":{"background-color":"","background-image":"","background-repeat":"repeat","background-position":"center center","background-size":"auto","background-attachment":"scroll","background-type":"","background-media":"","overlay-type":"","overlay-color":"","overlay-opacity":"","overlay-gradient":""}},"ast-content-background-meta":{"desktop":{"background-color":"var(--ast-global-color-5)","background-image":"","background-repeat":"repeat","background-position":"center center","background-size":"auto","background-attachment":"scroll","background-type":"","background-media":"","overlay-type":"","overlay-color":"","overlay-opacity":"","overlay-gradient":""},"tablet":{"background-color":"var(--ast-global-color-5)","background-image":"","background-repeat":"repeat","background-position":"center center","background-size":"auto","background-attachment":"scroll","background-type":"","background-media":"","overlay-type":"","overlay-color":"","overlay-opacity":"","overlay-gradient":""},"mobile":{"background-color":"var(--ast-global-color-5)","background-image":"","background-repeat":"repeat","background-position":"center center","background-size":"auto","background-attachment":"scroll","background-type":"","background-media":"","overlay-type":"","overlay-color":"","overlay-opacity":"","overlay-gradient":""}},"footnotes":""},"categories":[29],"tags":[1220],"class_list":["post-18179","post","type-post","status-publish","format-standard","has-post-thumbnail","hentry","category-portada","tag-escacs"],"post_mailing_queue_ids":[],"_links":{"self":[{"href":"https:\/\/serveiseducatius.xtec.cat\/badalona\/wp-json\/wp\/v2\/posts\/18179","targetHints":{"allow":["GET"]}}],"collection":[{"href":"https:\/\/serveiseducatius.xtec.cat\/badalona\/wp-json\/wp\/v2\/posts"}],"about":[{"href":"https:\/\/serveiseducatius.xtec.cat\/badalona\/wp-json\/wp\/v2\/types\/post"}],"author":[{"embeddable":true,"href":"https:\/\/serveiseducatius.xtec.cat\/badalona\/wp-json\/wp\/v2\/users\/1"}],"replies":[{"embeddable":true,"href":"https:\/\/serveiseducatius.xtec.cat\/badalona\/wp-json\/wp\/v2\/comments?post=18179"}],"version-history":[{"count":1,"href":"https:\/\/serveiseducatius.xtec.cat\/badalona\/wp-json\/wp\/v2\/posts\/18179\/revisions"}],"predecessor-version":[{"id":18181,"href":"https:\/\/serveiseducatius.xtec.cat\/badalona\/wp-json\/wp\/v2\/posts\/18179\/revisions\/18181"}],"wp:featuredmedia":[{"embeddable":true,"href":"https:\/\/serveiseducatius.xtec.cat\/badalona\/wp-json\/wp\/v2\/media\/18180"}],"wp:attachment":[{"href":"https:\/\/serveiseducatius.xtec.cat\/badalona\/wp-json\/wp\/v2\/media?parent=18179"}],"wp:term":[{"taxonomy":"category","embeddable":true,"href":"https:\/\/serveiseducatius.xtec.cat\/badalona\/wp-json\/wp\/v2\/categories?post=18179"},{"taxonomy":"post_tag","embeddable":true,"href":"https:\/\/serveiseducatius.xtec.cat\/badalona\/wp-json\/wp\/v2\/tags?post=18179"}],"curies":[{"name":"wp","href":"https:\/\/api.w.org\/{rel}","templated":true}]}}