{"id":18169,"date":"2022-05-16T11:12:54","date_gmt":"2022-05-16T09:12:54","guid":{"rendered":"https:\/\/serveiseducatius.xtec.cat\/badalona\/?p=18169"},"modified":"2022-05-17T13:13:38","modified_gmt":"2022-05-17T11:13:38","slug":"conferencia-dels-usos-linguistics-als-centres-educatius-a-carrec-del-dr-avelli-flors","status":"publish","type":"post","link":"https:\/\/serveiseducatius.xtec.cat\/badalona\/portada\/conferencia-dels-usos-linguistics-als-centres-educatius-a-carrec-del-dr-avelli-flors\/","title":{"rendered":"Confer\u00e8ncia dels usos ling\u00fc\u00edstics als centres educatius a c\u00e0rrec del Dr. Avel\u00b7l\u00ed Flors"},"content":{"rendered":"<p><span class=\"gmail_default\">Aquest <\/span><b>dilluns 16 de maig a les 17.30h comptarem amb la confer\u00e8ncia del Dr. Avel\u00b7l\u00ed Flors<\/b>, socioling\u00fcista, investigador i membre del consell de direcci\u00f3 del CUSC\u2014Centre de Recerca en Socioling\u00fc\u00edstica i Comunicaci\u00f3 de la Universitat de Barcelona.\u00a0<\/p>\n<div>\u00a0<\/div>\n<div><b>El Dr. Flors ens parlar\u00e0 sobre la import\u00e0ncia garantir els usos ling\u00fc\u00edstics als centres educatius, sobretot pel que fa a la llengua oral, un dels eixos del programa <span class=\"gmail_default\">ULAE<\/span>.<\/b><\/div>\n<div>\u00a0<\/div>\n<p><span class=\"im\"><a href=\"https:\/\/aplicacions.gestioeducativa.gencat.cat\/pls\/soloas\/pk_for_mod_ins.p_for_detall_activitat?p_codi=2006170555&amp;p_curs=2021-2022&amp;p_es_inscr=S\" target=\"_blank\" rel=\"noopener\" data-saferedirecturl=\"https:\/\/www.google.com\/url?q=https:\/\/aplicacions.gestioeducativa.gencat.cat\/pls\/soloas\/pk_for_mod_ins.p_for_detall_activitat?p_codi%3D2006170555%26p_curs%3D2021-2022%26p_es_inscr%3DS&amp;source=gmail&amp;ust=1652768968602000&amp;usg=AOvVaw1yStaIWYzEo4HkSlbz8Szy\">INSCRIPCIONS: 2006170555 \u00a0 Confer\u00e8ncia del programa Tenim la Paraula<\/a><\/span><\/p>\n<div>\u00a0<\/div>\n<div>La confer\u00e8ncia tindr\u00e0 lloc telem\u00e0ticament. Esperem comptar amb la teva pres\u00e8ncia, aix\u00ed com dels companys i companyes del centre que puguin estar interessats\/des.<\/div>\n<div>\u00a0<\/div>\n","protected":false},"excerpt":{"rendered":"<p>Aquest dilluns 16 de maig a les 17.30h comptarem amb la confer\u00e8ncia del Dr. Avel\u00b7l\u00ed Flors, socioling\u00fcista, investigador i membre [&hellip;]<\/p>\n","protected":false},"author":41,"featured_media":0,"comment_status":"closed","ping_status":"closed","sticky":false,"template":"","format":"standard","meta":{"_bbp_topic_count":0,"_bbp_reply_count":0,"_bbp_total_topic_count":0,"_bbp_total_reply_count":0,"_bbp_voice_count":0,"_bbp_anonymous_reply_count":0,"_bbp_topic_count_hidden":0,"_bbp_reply_count_hidden":0,"_bbp_forum_subforum_count":0,"site-sidebar-layout":"default","site-content-layout":"","ast-site-content-layout":"","site-content-style":"default","site-sidebar-style":"default","ast-global-header-display":"","ast-banner-title-visibility":"","ast-main-header-display":"","ast-hfb-above-header-display":"","ast-hfb-below-header-display":"","ast-hfb-mobile-header-display":"","site-post-title":"","ast-breadcrumbs-content":"","ast-featured-img":"","footer-sml-layout":"","theme-transparent-header-meta":"","adv-header-id-meta":"","stick-header-meta":"","header-above-stick-meta":"","header-main-stick-meta":"","header-below-stick-meta":"","astra-migrate-meta-layouts":"default","ast-page-background-enabled":"default","ast-page-background-meta":{"desktop":{"background-color":"var(--ast-global-color-4)","background-image":"","background-repeat":"repeat","background-position":"center center","background-size":"auto","background-attachment":"scroll","background-type":"","background-media":"","overlay-type":"","overlay-color":"","overlay-opacity":"","overlay-gradient":""},"tablet":{"background-color":"","background-image":"","background-repeat":"repeat","background-position":"center center","background-size":"auto","background-attachment":"scroll","background-type":"","background-media":"","overlay-type":"","overlay-color":"","overlay-opacity":"","overlay-gradient":""},"mobile":{"background-color":"","background-image":"","background-repeat":"repeat","background-position":"center center","background-size":"auto","background-attachment":"scroll","background-type":"","background-media":"","overlay-type":"","overlay-color":"","overlay-opacity":"","overlay-gradient":""}},"ast-content-background-meta":{"desktop":{"background-color":"var(--ast-global-color-5)","background-image":"","background-repeat":"repeat","background-position":"center center","background-size":"auto","background-attachment":"scroll","background-type":"","background-media":"","overlay-type":"","overlay-color":"","overlay-opacity":"","overlay-gradient":""},"tablet":{"background-color":"var(--ast-global-color-5)","background-image":"","background-repeat":"repeat","background-position":"center center","background-size":"auto","background-attachment":"scroll","background-type":"","background-media":"","overlay-type":"","overlay-color":"","overlay-opacity":"","overlay-gradient":""},"mobile":{"background-color":"var(--ast-global-color-5)","background-image":"","background-repeat":"repeat","background-position":"center center","background-size":"auto","background-attachment":"scroll","background-type":"","background-media":"","overlay-type":"","overlay-color":"","overlay-opacity":"","overlay-gradient":""}},"footnotes":""},"categories":[29],"tags":[1696,1697,359,1695],"class_list":["post-18169","post","type-post","status-publish","format-standard","hentry","category-portada","tag-elic","tag-lic","tag-llengua","tag-usos-linguistics"],"post_mailing_queue_ids":[],"_links":{"self":[{"href":"https:\/\/serveiseducatius.xtec.cat\/badalona\/wp-json\/wp\/v2\/posts\/18169","targetHints":{"allow":["GET"]}}],"collection":[{"href":"https:\/\/serveiseducatius.xtec.cat\/badalona\/wp-json\/wp\/v2\/posts"}],"about":[{"href":"https:\/\/serveiseducatius.xtec.cat\/badalona\/wp-json\/wp\/v2\/types\/post"}],"author":[{"embeddable":true,"href":"https:\/\/serveiseducatius.xtec.cat\/badalona\/wp-json\/wp\/v2\/users\/41"}],"replies":[{"embeddable":true,"href":"https:\/\/serveiseducatius.xtec.cat\/badalona\/wp-json\/wp\/v2\/comments?post=18169"}],"version-history":[{"count":2,"href":"https:\/\/serveiseducatius.xtec.cat\/badalona\/wp-json\/wp\/v2\/posts\/18169\/revisions"}],"predecessor-version":[{"id":18171,"href":"https:\/\/serveiseducatius.xtec.cat\/badalona\/wp-json\/wp\/v2\/posts\/18169\/revisions\/18171"}],"wp:attachment":[{"href":"https:\/\/serveiseducatius.xtec.cat\/badalona\/wp-json\/wp\/v2\/media?parent=18169"}],"wp:term":[{"taxonomy":"category","embeddable":true,"href":"https:\/\/serveiseducatius.xtec.cat\/badalona\/wp-json\/wp\/v2\/categories?post=18169"},{"taxonomy":"post_tag","embeddable":true,"href":"https:\/\/serveiseducatius.xtec.cat\/badalona\/wp-json\/wp\/v2\/tags?post=18169"}],"curies":[{"name":"wp","href":"https:\/\/api.w.org\/{rel}","templated":true}]}}